{"id":193894,"date":"2019-08-20T16:01:53","date_gmt":"2019-08-20T13:01:53","guid":{"rendered":"http:\/\/www.tvturk.com\/index.php\/bursalilar-incir-festivalinde-bulusacak\/"},"modified":"2019-08-20T16:01:53","modified_gmt":"2019-08-20T13:01:53","slug":"bursalilar-incir-festivalinde-bulusacak","status":"publish","type":"post","link":"http:\/\/www.tvturk.com\/index.php\/bursalilar-incir-festivalinde-bulusacak\/","title":{"rendered":"Bursal\u0131lar \u0130ncir Festivali\u2019nde bulu\u015facak"},"content":{"rendered":"<p>Nil\u00fcfer Belediyesi\u2019nin, 7\u2019ncisini d\u00fczenleyece\u011fi Ak\u00e7alar \u0130ncir Festivali, bu y\u0131l da Bursal\u0131lara e\u011flenceli ve lezzet dolu bir hafta sonu ya\u015fatacak.<\/p>\n<p>Ak\u00e7alar \u0130ncir Festivali, bu y\u0131l da Bursal\u0131lar\u2019a farkl\u0131 bir hafta sonu ya\u015fatacak. 25 A\u011fustos Pazar g\u00fcn\u00fc d\u00fczenlenecek olan festival, \u00e7e\u015fitli faaliyetlerle renklenecek. Ak\u00e7alar Futbol Sahas\u0131\u2019nda ger\u00e7ekle\u015fecek olan festivalde, Hale Tan Erdem, kat\u0131l\u0131mc\u0131lara organik tar\u0131m ve beslenmenin \u00f6nemini anlatacak. \u015eef Emre \u0130driso\u011flu\u2019nun incirli tarifler verece\u011fi festivalde, \u00e7ocuklara y\u00f6nelik de saks\u0131 yap\u0131m\u0131 ve \u00e7i\u00e7ek ekim at\u00f6lyesi d\u00fczenlenecek.<\/p>\n<p>Festival kapsam\u0131nda d\u00fczenlenecek yar\u0131\u015fmalar da kat\u0131lanlara heyecanl\u0131 anlar ya\u015fatacak. J\u00fcri \u00fcyelerinin titiz de\u011ferlendirmeleri sonucunda \u201cen iyi incir yeti\u015ftiricisi\u201dnin belirlenece\u011fi 7. Ak\u00e7alar \u0130ncir Festivali\u2019nde, \u201cincirli lezzetler yemek yar\u0131\u015fmas\u0131\u201d da farkl\u0131 lezzetleri festival kat\u0131l\u0131mc\u0131lar\u0131yla bulu\u015fturacak. Nil\u00fcfer Halk Danslar\u0131 Toplulu\u011fu\u2019nun sunaca\u011f\u0131 g\u00f6steriyle co\u015fkuyu art\u0131raca\u011f\u0131 Ak\u00e7alar \u0130ncir Festivali\u2019nde, K\u00fcbra Lana da sevilen \u015fark\u0131lar\u0131 seslendirecek.<\/p>\n<p>Nil\u00fcfer Belediye Ba\u015fkan\u0131 Turgay Erdem, \u00fcretimi ve \u00fcreticiyi her zaman desteklediklerini belirterek  b\u00fct\u00fcn Bursal\u0131lar\u0131 25 A\u011fustos Pazar g\u00fcn\u00fc ger\u00e7ekle\u015ftirilecek olan 7. Ak\u00e7alar \u0130ncir Festivali\u2019ne davet etti.<\/p>\n","protected":false},"excerpt":{"rendered":"<p>N\u0130L\u00dcFER BELED\u0130YES\u0130\u2019N\u0130N, 7\u2019NC\u0130S\u0130N\u0130 D\u00dcZENLEYECE\u011e\u0130 AK\u00c7ALAR \u0130NC\u0130R FEST\u0130VAL\u0130, BU YIL DA BURSALILARA E\u011eLENCEL\u0130 VE LEZZET DOLU B\u0130R HAFTA SONU YA\u015eATACAK.<\/p>\n","protected":false},"author":1,"featured_media":193895,"comment_status":"closed","ping_status":"open","sticky":false,"template":"","format":"standard","meta":{"jetpack_post_was_ever_published":false,"_jetpack_newsletter_access":"","_jetpack_dont_email_post_to_subs":false,"_jetpack_newsletter_tier_id":0,"_jetpack_memberships_contains_paywalled_content":false,"_jetpack_memberships_contains_paid_content":false,"footnotes":"","jetpack_publicize_message":"","jetpack_publicize_feature_enabled":true,"jetpack_social_post_already_shared":true,"jetpack_social_options":{"image_generator_settings":{"template":"highway","default_image_id":0,"font":"","enabled":false},"version":2}},"categories":[1],"tags":[7417,12471,7453,10011],"class_list":["post-193894","post","type-post","status-publish","format-standard","has-post-thumbnail","hentry","category-genel","tag-bulusacak","tag-bursalilar","tag-festivalinde","tag-incir"],"jetpack_publicize_connections":[],"jetpack_featured_media_url":"https:\/\/i0.wp.com\/www.tvturk.com\/wp-content\/uploads\/2019\/08\/bursalilar-incir-festivalinde-bulusacak_f77ac0e.jpg?fit=1000%2C666","jetpack_sharing_enabled":true,"jetpack_shortlink":"https:\/\/wp.me\/paKIfm-Ork","_links":{"self":[{"href":"http:\/\/www.tvturk.com\/index.php\/wp-json\/wp\/v2\/posts\/193894","targetHints":{"allow":["GET"]}}],"collection":[{"href":"http:\/\/www.tvturk.com\/index.php\/wp-json\/wp\/v2\/posts"}],"about":[{"href":"http:\/\/www.tvturk.com\/index.php\/wp-json\/wp\/v2\/types\/post"}],"author":[{"embeddable":true,"href":"http:\/\/www.tvturk.com\/index.php\/wp-json\/wp\/v2\/users\/1"}],"replies":[{"embeddable":true,"href":"http:\/\/www.tvturk.com\/index.php\/wp-json\/wp\/v2\/comments?post=193894"}],"version-history":[{"count":0,"href":"http:\/\/www.tvturk.com\/index.php\/wp-json\/wp\/v2\/posts\/193894\/revisions"}],"wp:featuredmedia":[{"embeddable":true,"href":"http:\/\/www.tvturk.com\/index.php\/wp-json\/wp\/v2\/media\/193895"}],"wp:attachment":[{"href":"http:\/\/www.tvturk.com\/index.php\/wp-json\/wp\/v2\/media?parent=193894"}],"wp:term":[{"taxonomy":"category","embeddable":true,"href":"http:\/\/www.tvturk.com\/index.php\/wp-json\/wp\/v2\/categories?post=193894"},{"taxonomy":"post_tag","embeddable":true,"href":"http:\/\/www.tvturk.com\/index.php\/wp-json\/wp\/v2\/tags?post=193894"}],"curies":[{"name":"wp","href":"https:\/\/api.w.org\/{rel}","templated":true}]}}