{"id":193900,"date":"2019-08-20T16:16:05","date_gmt":"2019-08-20T13:16:05","guid":{"rendered":"http:\/\/www.tvturk.com\/index.php\/kanarya-adalarinda-yangin-kontrol-altina-aliniyor\/"},"modified":"2019-08-20T16:16:05","modified_gmt":"2019-08-20T13:16:05","slug":"kanarya-adalarinda-yangin-kontrol-altina-aliniyor","status":"publish","type":"post","link":"http:\/\/www.tvturk.com\/index.php\/kanarya-adalarinda-yangin-kontrol-altina-aliniyor\/","title":{"rendered":"Kanarya Adalar\u0131\u2019nda yang\u0131n kontrol alt\u0131na al\u0131n\u0131yor"},"content":{"rendered":"<p>Kanarya Adalar\u0131\u2019nda Cumartesi g\u00fcn\u00fc ba\u015flayan yang\u0131n bu sabah itibariyle r\u00fczgarlar\u0131n hafiflemesi \u00fczerine kontrol alt\u0131na al\u0131nmaya ba\u015flan\u0131rken, r\u00fczgarlarda ani bir art\u0131\u015f olmazsa b\u00f6lgeden tahliye edilen 9 bin ki\u015finin evlerine geri d\u00f6nebilece\u011fi aktar\u0131ld\u0131.<\/p>\n<p>Kanarya Adalar\u0131\u2019ndan Gran Kanarya\u2019da Cumartesi g\u00fcn\u00fc ba\u015flayan yang\u0131n, \u015fiddetli r\u00fczgarlar\u0131n h\u0131z\u0131n\u0131 kaybetmesinin etkisiyle bug\u00fcn itibariyle hafiflemeye ba\u015flad\u0131. B\u00f6lgeden tahliye edilen ki\u015fi say\u0131s\u0131 9 bine ula\u015f\u0131rken, yetkililerin bug\u00fcn yapt\u0131\u011f\u0131 a\u00e7\u0131klamaya g\u00f6re hava ko\u015fullar\u0131nda ani bir de\u011fi\u015fiklik ya\u015fanmazsa ge\u00e7ici konaklama merkezlerine yerle\u015ftirilen ada sakinleri \u00e7ok yak\u0131nda evlerine geri d\u00f6nebilecek.<\/p>\n<p>\u0130spanya\u2019ya ba\u011fl\u0131 bir \u00f6zerk y\u00f6netim olan Kanarya Adalar\u0131\u2019n\u0131n Devlet Ba\u015fkan\u0131 Angel Victor Torres, sosyal medya hesab\u0131 \u00fczerinden payla\u015ft\u0131\u011f\u0131 &#8220;Gran Kanarya yang\u0131n\u0131 ile ilgili iyi haber geldi. D\u00fcn gece afet b\u00f6lgesini ziyaret ettikten sonra b\u00f6lgedeki uzmanlar, bana yang\u0131n\u0131n Inagua Ulusal Park\u0131\u2019na s\u0131\u00e7ramad\u0131\u011f\u0131n\u0131 ve \u015fiddetinin hafifledi\u011fini s\u00f6ylediler\u201d ifadeleriyle m\u00fcjdeyi verdi.<\/p>\n<p>Angel Victor Torres, y\u00fckseklikleri baz\u0131 noktalarda 50 metreyi a\u015fan alevlere havadan m\u00fcdahalenin imkans\u0131z oldu\u011funu belirtti. D\u00f6rt g\u00fcnde 10 bin hektardan geni\u015f bir alan\u0131n k\u00fcle d\u00f6nd\u00fc\u011f\u00fc yang\u0131nda, 700\u2019den fazla itfaiyecinin 16 yang\u0131n s\u00f6nd\u00fcrme u\u00e7a\u011f\u0131 ve helikopteriyle beraber y\u00fcksekleri 50 metreyi a\u015fan alevlerle m\u00fccadele etti\u011fini bildirildi. Yakla\u015f\u0131k 400 kadar itfaiyeci, gece boyunca yang\u0131n s\u00f6nd\u00fcrme \u00e7al\u0131\u015fmalar\u0131na devam ederken u\u00e7aklarla b\u00f6lgeye sevk edilen \u00e7ok say\u0131da ekip, halk taraf\u0131ndan alk\u0131\u015flarla ve co\u015fkuyla kar\u015f\u0131land\u0131.<\/p>\n","protected":false},"excerpt":{"rendered":"<p>KANARYA ADALARI\u2019NDA CUMARTES\u0130 G\u00dcN\u00dc BA\u015eLAYAN YANGIN BU SABAH \u0130T\u0130BAR\u0130YLE R\u00dcZGARLARIN HAF\u0130FLEMES\u0130 \u00dcZER\u0130NE KONTROL ALTINA ALINMAYA BA\u015eLANIRKEN, R\u00dcZGARLARDA AN\u0130 B\u0130R ARTI\u015e OLMAZSA B\u00d6LGEDEN TAHL\u0130YE ED\u0130LEN 9 B\u0130N K\u0130\u015e\u0130N\u0130N EVLER\u0130NE GER\u0130 D\u00d6NEB\u0130LECE\u011e\u0130 AKTARILDI.<\/p>\n","protected":false},"author":1,"featured_media":193901,"comment_status":"closed","ping_status":"open","sticky":false,"template":"","format":"standard","meta":{"jetpack_post_was_ever_published":false,"_jetpack_newsletter_access":"","_jetpack_dont_email_post_to_subs":false,"_jetpack_newsletter_tier_id":0,"_jetpack_memberships_contains_paywalled_content":false,"_jetpack_memberships_contains_paid_content":false,"footnotes":"","jetpack_publicize_message":"","jetpack_publicize_feature_enabled":true,"jetpack_social_post_already_shared":true,"jetpack_social_options":{"image_generator_settings":{"template":"highway","default_image_id":0,"font":"","enabled":false},"version":2}},"categories":[10],"tags":[48589,27694,1186,48465,868,1617],"class_list":["post-193900","post","type-post","status-publish","format-standard","has-post-thumbnail","hentry","category-dunya","tag-adalarinda","tag-aliniyor","tag-altina","tag-kanarya","tag-kontrol","tag-yangin"],"jetpack_publicize_connections":[],"jetpack_featured_media_url":"https:\/\/i0.wp.com\/www.tvturk.com\/wp-content\/uploads\/2019\/08\/kanarya-adalarinda-yangin-kontrol-altina-aliniyor_ff5c1f1.jpg?fit=1000%2C715","jetpack_sharing_enabled":true,"jetpack_shortlink":"https:\/\/wp.me\/paKIfm-Orq","_links":{"self":[{"href":"http:\/\/www.tvturk.com\/index.php\/wp-json\/wp\/v2\/posts\/193900","targetHints":{"allow":["GET"]}}],"collection":[{"href":"http:\/\/www.tvturk.com\/index.php\/wp-json\/wp\/v2\/posts"}],"about":[{"href":"http:\/\/www.tvturk.com\/index.php\/wp-json\/wp\/v2\/types\/post"}],"author":[{"embeddable":true,"href":"http:\/\/www.tvturk.com\/index.php\/wp-json\/wp\/v2\/users\/1"}],"replies":[{"embeddable":true,"href":"http:\/\/www.tvturk.com\/index.php\/wp-json\/wp\/v2\/comments?post=193900"}],"version-history":[{"count":0,"href":"http:\/\/www.tvturk.com\/index.php\/wp-json\/wp\/v2\/posts\/193900\/revisions"}],"wp:featuredmedia":[{"embeddable":true,"href":"http:\/\/www.tvturk.com\/index.php\/wp-json\/wp\/v2\/media\/193901"}],"wp:attachment":[{"href":"http:\/\/www.tvturk.com\/index.php\/wp-json\/wp\/v2\/media?parent=193900"}],"wp:term":[{"taxonomy":"category","embeddable":true,"href":"http:\/\/www.tvturk.com\/index.php\/wp-json\/wp\/v2\/categories?post=193900"},{"taxonomy":"post_tag","embeddable":true,"href":"http:\/\/www.tvturk.com\/index.php\/wp-json\/wp\/v2\/tags?post=193900"}],"curies":[{"name":"wp","href":"https:\/\/api.w.org\/{rel}","templated":true}]}}