{"id":193928,"date":"2019-08-20T17:02:36","date_gmt":"2019-08-20T14:02:36","guid":{"rendered":"http:\/\/www.tvturk.com\/index.php\/sivas-belediyespor-burak-asani-transfer-etti\/"},"modified":"2019-08-20T17:02:36","modified_gmt":"2019-08-20T14:02:36","slug":"sivas-belediyespor-burak-asani-transfer-etti","status":"publish","type":"post","link":"http:\/\/www.tvturk.com\/index.php\/sivas-belediyespor-burak-asani-transfer-etti\/","title":{"rendered":"Sivas Belediyespor, Burak Asan\u2019\u0131 transfer etti"},"content":{"rendered":"<p>TFF 2. Lig tak\u0131mlar\u0131ndan Sivas Belediyespor, Boluspor formas\u0131 giyen 21 ya\u015f\u0131ndaki orta saha oyuncusu Burak Asan\u2019\u0131 kadrosuna katt\u0131.<\/p>\n<p>Yeni sezon \u00f6ncesi transfer \u00e7al\u0131\u015fmalar\u0131n\u0131 s\u00fcrd\u00fcren Sivas Belediyespor, son olarak Boluspor\u2019da forma giyen Sivasl\u0131 orta saha Burak Asan ile 1 y\u0131ll\u0131k s\u00f6zle\u015fme imzalad\u0131.<\/p>\n<p>Teknik Direkt\u00f6r Nam\u0131k Altunsoy\u2019un ve y\u00f6netimin iste\u011fi do\u011frultusunda transfer edilen ba\u015far\u0131l\u0131 orta saha oyuncusu, \u00f6nceki g\u00fcn Sivas kamp\u0131na kat\u0131larak \u00e7al\u0131\u015fmalara balad\u0131.<\/p>\n<p>Kariyerinde 27 ma\u00e7a \u00e7\u0131kan Asan\u2019\u0131n 1 gol\u00fc bulunuyor.<\/p>\n<p>Di\u011fer yandan transferle ilgili kul\u00fcb\u00fcn sosyal medya hesab\u0131ndan yap\u0131lan a\u00e7\u0131klamada \u015fu ifadeler kullan\u0131ld\u0131:<\/p>\n<p>\u201cSivas Belediyespor\u2019umuz, Boluspor\u2019dan gen\u00e7 orta saha oyuncusu Burak Asan\u2019\u0131 1 y\u0131ll\u0131\u011f\u0131na kiralad\u0131. Yuvana ho\u015f geldin Yi\u011fido Garda\u015f.\u201d<\/p>\n","protected":false},"excerpt":{"rendered":"<p>S\u0130VAS BELED\u0130YESPOR, S\u0130VASLI 21 YA\u015eINDAK\u0130 FUTBOLCU BURAK ASAN\u2019I BOLUSPOR\u2019DAN 1 YILLI\u011eINA K\u0130RALADI.<\/p>\n","protected":false},"author":1,"featured_media":193929,"comment_status":"closed","ping_status":"open","sticky":false,"template":"","format":"standard","meta":{"jetpack_post_was_ever_published":false,"_jetpack_newsletter_access":"","_jetpack_dont_email_post_to_subs":false,"_jetpack_newsletter_tier_id":0,"_jetpack_memberships_contains_paywalled_content":false,"_jetpack_memberships_contains_paid_content":false,"footnotes":"","jetpack_publicize_message":"","jetpack_publicize_feature_enabled":true,"jetpack_social_post_already_shared":true,"jetpack_social_options":{"image_generator_settings":{"template":"highway","default_image_id":0,"font":"","enabled":false},"version":2}},"categories":[657],"tags":[48597,2556,7932,207,4247,2518],"class_list":["post-193928","post","type-post","status-publish","format-standard","has-post-thumbnail","hentry","category-spor","tag-asani","tag-belediyespor","tag-burak","tag-etti","tag-sivas","tag-transfer"],"jetpack_publicize_connections":[],"jetpack_featured_media_url":"https:\/\/i0.wp.com\/www.tvturk.com\/wp-content\/uploads\/2019\/08\/sivas-belediyespor-burak-asani-transfer-etti_8b9a538.jpg?fit=750%2C606","jetpack_sharing_enabled":true,"jetpack_shortlink":"https:\/\/wp.me\/paKIfm-OrS","_links":{"self":[{"href":"http:\/\/www.tvturk.com\/index.php\/wp-json\/wp\/v2\/posts\/193928","targetHints":{"allow":["GET"]}}],"collection":[{"href":"http:\/\/www.tvturk.com\/index.php\/wp-json\/wp\/v2\/posts"}],"about":[{"href":"http:\/\/www.tvturk.com\/index.php\/wp-json\/wp\/v2\/types\/post"}],"author":[{"embeddable":true,"href":"http:\/\/www.tvturk.com\/index.php\/wp-json\/wp\/v2\/users\/1"}],"replies":[{"embeddable":true,"href":"http:\/\/www.tvturk.com\/index.php\/wp-json\/wp\/v2\/comments?post=193928"}],"version-history":[{"count":0,"href":"http:\/\/www.tvturk.com\/index.php\/wp-json\/wp\/v2\/posts\/193928\/revisions"}],"wp:featuredmedia":[{"embeddable":true,"href":"http:\/\/www.tvturk.com\/index.php\/wp-json\/wp\/v2\/media\/193929"}],"wp:attachment":[{"href":"http:\/\/www.tvturk.com\/index.php\/wp-json\/wp\/v2\/media?parent=193928"}],"wp:term":[{"taxonomy":"category","embeddable":true,"href":"http:\/\/www.tvturk.com\/index.php\/wp-json\/wp\/v2\/categories?post=193928"},{"taxonomy":"post_tag","embeddable":true,"href":"http:\/\/www.tvturk.com\/index.php\/wp-json\/wp\/v2\/tags?post=193928"}],"curies":[{"name":"wp","href":"https:\/\/api.w.org\/{rel}","templated":true}]}}