{"id":193932,"date":"2019-08-20T17:16:33","date_gmt":"2019-08-20T14:16:33","guid":{"rendered":"http:\/\/www.tvturk.com\/index.php\/yangin-20-yillik-emegini-20-dakikada-kul-etti\/"},"modified":"2019-08-20T17:16:33","modified_gmt":"2019-08-20T14:16:33","slug":"yangin-20-yillik-emegini-20-dakikada-kul-etti","status":"publish","type":"post","link":"http:\/\/www.tvturk.com\/index.php\/yangin-20-yillik-emegini-20-dakikada-kul-etti\/","title":{"rendered":"Yang\u0131n, 20 y\u0131ll\u0131k eme\u011fini 20 dakikada k\u00fcl etti"},"content":{"rendered":"<p>\u0130zmir\u2019de Pazar g\u00fcn\u00fc ba\u015flayan ve \u015fiddetli r\u00fczgar\u0131n etkisiyle Karaba\u011flar\u2019dan Seferihisar ile Menderes\u2019e s\u0131\u00e7rayan orman yang\u0131n\u0131 baz\u0131 vatanda\u015flar\u0131n evlerini ve bah\u00e7elerini 20 dakikada k\u00fcle \u00e7evirdi.<\/p>\n<p>\u0130zmir\u2019in Karaba\u011flar il\u00e7esinde 18 A\u011fustos Pazar g\u00fcn\u00fc ba\u015flayan ve yakla\u015f\u0131k 500 hektar ormanl\u0131k alana zarar veren yang\u0131n, hala kontrol alt\u0131na al\u0131namazken yang\u0131nda evlerini, k\u00fcmes hayvanlar\u0131n\u0131 ve meyve a\u011fa\u00e7lar\u0131n\u0131 k\u00f6yl\u00fcler, k\u00fcle d\u00f6nen emekleri kar\u015f\u0131s\u0131nda g\u00f6zya\u015flar\u0131na hakim olamad\u0131. Seferihisar\u2019a ba\u011fl\u0131 k\u0131rsal Eski Orhanl\u0131 Mahallesi\u2019nde evi, 200\u2019e yak\u0131n tavu\u011fu ve meyve a\u011fa\u00e7lar\u0131 k\u00fcle d\u00f6nen 63 ya\u015f\u0131ndaki Hasan Poyraz, 20 y\u0131ll\u0131k eme\u011finin 20 dakikada k\u00fcle d\u00f6nd\u00fc\u011f\u00fcn\u00fc s\u00f6yledi.<\/p>\n<p>Yang\u0131n, evinin bulundu\u011fu b\u00f6lgeye ula\u015ft\u0131\u011f\u0131nda hi\u00e7bir \u015fey almadan evlerini terk etmek zorunda kald\u0131klar\u0131n\u0131 ifade eden Poyraz, \u201cCeviz, zeytin, \u00fcz\u00fcm gibi \u00e7ok say\u0131da meyve a\u011fac\u0131n\u0131 kendi ellerimle diktim. Jandarma, evleri tahliye etmemiz gerekti\u011fini anons ettikten sonra her \u015feyi b\u0131rak\u0131p \u00e7\u0131kt\u0131k. Yang\u0131n\u0131 ancak kar\u015f\u0131dan seyredebildim, hi\u00e7bir \u015fey yapamad\u0131m. G\u00f6z\u00fcm\u00fcn \u00f6n\u00fcnde her \u015feyim yand\u0131\u201d dedi.<\/p>\n<p>\u201c20 y\u0131ll\u0131k eme\u011fimiz k\u00fcl oldu\u201d<\/p>\n<p>3 g\u00fcnd\u00fcr s\u00fcren yang\u0131n\u0131n bir an \u00f6nce s\u00f6nmesini temenni eden Poyraz, \u201cMa\u011fduruz, umar\u0131m yetkililer bize destek olur. \u00d6m\u00fcr gitti, art\u0131k burada bu ye\u015filli\u011fi bir daha g\u00f6remem. Allah kimseye b\u00f6yle bir ac\u0131 g\u00f6stermesin. 20 y\u0131ll\u0131k eme\u011fimiz k\u00fcl oldu\u201d diye konu\u015ftu.<\/p>\n","protected":false},"excerpt":{"rendered":"<p>YANGINDA EVLER\u0130N\u0130, K\u00dcMES HAYVANLARINI VE MEYVE A\u011eA\u00c7LARINI K\u00d6YL\u00dcLER, K\u00dcLE D\u00d6NEN EMEKLER\u0130 KAR\u015eISINDA G\u00d6ZYA\u015eLARINA HAK\u0130M OLAMADI.<\/p>\n","protected":false},"author":1,"featured_media":193933,"comment_status":"closed","ping_status":"open","sticky":false,"template":"","format":"standard","meta":{"jetpack_post_was_ever_published":false,"_jetpack_newsletter_access":"","_jetpack_dont_email_post_to_subs":false,"_jetpack_newsletter_tier_id":0,"_jetpack_memberships_contains_paywalled_content":false,"_jetpack_memberships_contains_paid_content":false,"footnotes":"","jetpack_publicize_message":"","jetpack_publicize_feature_enabled":true,"jetpack_social_post_already_shared":true,"jetpack_social_options":{"image_generator_settings":{"template":"highway","default_image_id":0,"font":"","enabled":false},"version":2}},"categories":[1],"tags":[8649,48599,207,9575,1617,710],"class_list":["post-193932","post","type-post","status-publish","format-standard","has-post-thumbnail","hentry","category-genel","tag-dakikada","tag-emegini","tag-etti","tag-kul","tag-yangin","tag-yillik"],"jetpack_publicize_connections":[],"jetpack_featured_media_url":"https:\/\/i0.wp.com\/www.tvturk.com\/wp-content\/uploads\/2019\/08\/yangin-20-yillik-emegini-20-dakikada-kul-etti_5079354.jpg?fit=1000%2C666","jetpack_sharing_enabled":true,"jetpack_shortlink":"https:\/\/wp.me\/paKIfm-OrW","_links":{"self":[{"href":"http:\/\/www.tvturk.com\/index.php\/wp-json\/wp\/v2\/posts\/193932","targetHints":{"allow":["GET"]}}],"collection":[{"href":"http:\/\/www.tvturk.com\/index.php\/wp-json\/wp\/v2\/posts"}],"about":[{"href":"http:\/\/www.tvturk.com\/index.php\/wp-json\/wp\/v2\/types\/post"}],"author":[{"embeddable":true,"href":"http:\/\/www.tvturk.com\/index.php\/wp-json\/wp\/v2\/users\/1"}],"replies":[{"embeddable":true,"href":"http:\/\/www.tvturk.com\/index.php\/wp-json\/wp\/v2\/comments?post=193932"}],"version-history":[{"count":0,"href":"http:\/\/www.tvturk.com\/index.php\/wp-json\/wp\/v2\/posts\/193932\/revisions"}],"wp:featuredmedia":[{"embeddable":true,"href":"http:\/\/www.tvturk.com\/index.php\/wp-json\/wp\/v2\/media\/193933"}],"wp:attachment":[{"href":"http:\/\/www.tvturk.com\/index.php\/wp-json\/wp\/v2\/media?parent=193932"}],"wp:term":[{"taxonomy":"category","embeddable":true,"href":"http:\/\/www.tvturk.com\/index.php\/wp-json\/wp\/v2\/categories?post=193932"},{"taxonomy":"post_tag","embeddable":true,"href":"http:\/\/www.tvturk.com\/index.php\/wp-json\/wp\/v2\/tags?post=193932"}],"curies":[{"name":"wp","href":"https:\/\/api.w.org\/{rel}","templated":true}]}}