{"id":193934,"date":"2019-08-20T17:16:39","date_gmt":"2019-08-20T14:16:39","guid":{"rendered":"http:\/\/www.tvturk.com\/index.php\/mustafakemalpasaya-guclu-destek\/"},"modified":"2019-08-20T17:16:39","modified_gmt":"2019-08-20T14:16:39","slug":"mustafakemalpasaya-guclu-destek","status":"publish","type":"post","link":"http:\/\/www.tvturk.com\/index.php\/mustafakemalpasaya-guclu-destek\/","title":{"rendered":"Mustafakemalpa\u015fa\u2019ya g\u00fc\u00e7l\u00fc destek"},"content":{"rendered":"<p>\u0130nsan Haklar\u0131n\u0131 \u0130nceleme Komisyonu Ba\u015fkan\u0131 ve Milletvekili Hakan \u00c7avu\u015fo\u011flu ile AK Parti Bursa \u0130l Ba\u015fkan\u0131 Ayhan Salman, Mustafakemalpa\u015fa Belediye Ba\u015fkan\u0131 Mehmet Kanar\u2019\u0131 ziyaret etti.<\/p>\n<p>Yap\u0131lan ziyarette vizyon projeleri hayata ge\u00e7irmeye ba\u015flayan Mehmet Kanar\u2019a her zaman destek olduklar\u0131n\u0131 vurgulayan Milletvekili Hakan \u00c7avu\u015fo\u011flu ve AK Parti Bursa \u0130l Ba\u015fkan\u0131 Ayhan Salman, il\u00e7ede yap\u0131lan icraatlar\u0131 yak\u0131ndan takip ettiklerini ve Ba\u015fkan Kanar\u2019a projelerin hayata ge\u00e7irilmesi noktas\u0131nda destek verdiklerini ifade ettiler. \u00c7al\u0131\u015fmalar hakk\u0131nda bilgi alan Milletvekili ve \u0130l Ba\u015fkan\u0131, Belediye Ba\u015fkan\u0131 Mehmet Kanar\u2019\u0131n bu d\u00f6nemde vizyon projelerin hayata ge\u00e7irece\u011fini ve il\u00e7enin gelece\u011fi i\u00e7in \u00f6nemli yat\u0131r\u0131mlara imza at\u0131laca\u011f\u0131n\u0131 kaydetti. Mustafakemalpa\u015fa Belediye Ba\u015fkan\u0131 Mehmet Kanar\u2019\u0131n projeleri olan yeni ya\u015fam alanlar\u0131, \u00e7ocuk ve gen\u00e7lere e\u011fitim deste\u011fi, sosyal belediyecilik ve spor yat\u0131r\u0131mlar\u0131 il\u00e7enin bug\u00fcn\u00fcn\u00fc ve gelece\u011finin planlan\u0131yor.<\/p>\n<p>\u00c7avu\u015fo\u011flu ve Salman, belediye binas\u0131na yapt\u0131klar\u0131 g\u00f6r\u00fc\u015fmeler sonras\u0131 il\u00e7e esnaf\u0131n\u0131 da ziyaret ettiler. \u0130l\u00e7e esnaf\u0131n\u0131n beklentilerini dinleyen Milletvekili Hakan \u00c7avu\u015fo\u011flu, &#8220;Esnaf\u0131m\u0131z\u0131n her zaman yan\u0131nda olduk. T\u00fcm \u00e7al\u0131\u015fmalar\u0131m\u0131z esnaf\u0131m\u0131z ve Mustafakemalpa\u015fal\u0131lar i\u00e7in. \u0130l\u00e7enin termal turizm ve tar\u0131m yat\u0131r\u0131mlar\u0131yla refah\u0131 ve kalk\u0131nmay\u0131 artt\u0131raca\u011f\u0131z. Bu noktada esnaflar\u0131m\u0131zla birlikte hareket edece\u011fiz. Esnaflar\u0131m\u0131z\u0131n yat\u0131r\u0131mlardan pay\u0131na d\u00fc\u015feni almas\u0131 i\u00e7in gayretimizi g\u00f6steriyoruz&#8221; dedi.<\/p>\n<p>H\u00fck\u00fcmetin, &#8220;G\u00fc\u00e7l\u00fc Esnaf, G\u00fc\u00e7l\u00fc Ekonomi&#8221; vizyonuyla k\u00fc\u00e7\u00fck esnafa destek i\u00e7in kollar\u0131 s\u0131vad\u0131\u011f\u0131n\u0131 hat\u0131rlatan Hakan \u00c7avu\u015fo\u011flu, \u201cEsnafa, vergi, sosyal g\u00fcvenlik, mesleki e\u011fitim, kredi, finansman ve yenilik\u00e7i alanlarda yeni destekler sunuyoruz. Markala\u015fma projesi de hayata ge\u00e7iriliyor. Y\u0131l sonuna kadar 350 bin esnafa 22 milyar liral\u0131k kredi kulland\u0131r\u0131larak, i\u015flerini geli\u015ftirme ve b\u00fcy\u00fctmelerine destek sa\u011flanacak\u201d dedi.<\/p>\n<p>Esnafla yak\u0131ndan ilgilenen \u0130l Ba\u015fkan\u0131 Ayhan Salman, Bursa esnaf\u0131n\u0131n ah\u00eelik k\u00fclt\u00fcr\u00fcnden geldi\u011fini hat\u0131rlatarak, \u201cEsnaf ve sanatk\u00e2rlar\u0131 y\u00fcksek ahl\u00e2k\u00ee de\u011ferler etraf\u0131nda birle\u015ftiren ah\u00eelik te\u015fkilat\u0131, insan\u0131m\u0131z\u0131n d\u00fcr\u00fcstl\u00fc\u011f\u00fcn\u00fc, mesleki marifetini, mertlik ve c\u00f6mertlik anlay\u0131\u015f\u0131yla yo\u011furarak as\u0131rlar boyu milletimizin birli\u011fi ve sosyo-ekonomik d\u00fczeninin g\u00fc\u00e7 kayna\u011f\u0131 olmu\u015ftur. Mustafakemalpa\u015fal\u0131 esnaf\u0131m\u0131z da \u00e7ok misafirperver, \u00e7al\u0131\u015fkan ve c\u00f6mertler. Ayn\u0131 verimli topraklara sahip olduklar\u0131 gibi g\u00f6n\u00fclleri de zengin. Esnaf ve sanatk\u00e2rlar\u0131m\u0131z ba\u015fta olmak \u00fczere, \u00fclkemizin kalk\u0131nmas\u0131na katk\u0131 veren, t\u00fcm esnaf ve sanatk\u00e2rlar\u0131m\u0131za hay\u0131rl\u0131, bol kazan\u00e7lar dilerim\u201d dedi.<\/p>\n<p>D\u00fckk\u00e2nlara girerek esnafa hay\u0131rl\u0131 kazan\u00e7lar dileyen Milletvekili Hakan \u00c7avu\u015fo\u011flu ve \u0130l Ba\u015fkan\u0131 Ayhan Salman, esnafla sohbet etti.<\/p>\n","protected":false},"excerpt":{"rendered":"<p>\u0130NSAN HAKLARINI \u0130NCELEME KOM\u0130SYONU BA\u015eKANI VE M\u0130LLETVEK\u0130L\u0130 HAKAN \u00c7AVU\u015eO\u011eLU \u0130LE AK PART\u0130 BURSA \u0130L BA\u015eKANI AYHAN SALMAN, MUSTAFAKEMALPA\u015eA BELED\u0130YE BA\u015eKANI MEHMET KANAR\u2019I Z\u0130YARET ETT\u0130.<\/p>\n","protected":false},"author":1,"featured_media":193935,"comment_status":"closed","ping_status":"open","sticky":false,"template":"","format":"standard","meta":{"jetpack_post_was_ever_published":false,"_jetpack_newsletter_access":"","_jetpack_dont_email_post_to_subs":false,"_jetpack_newsletter_tier_id":0,"_jetpack_memberships_contains_paywalled_content":false,"_jetpack_memberships_contains_paid_content":false,"footnotes":"","jetpack_publicize_message":"","jetpack_publicize_feature_enabled":true,"jetpack_social_post_already_shared":true,"jetpack_social_options":{"image_generator_settings":{"template":"highway","default_image_id":0,"font":"","enabled":false},"version":2}},"categories":[1],"tags":[61,2728,26101],"class_list":["post-193934","post","type-post","status-publish","format-standard","has-post-thumbnail","hentry","category-genel","tag-destek","tag-guclu","tag-mustafakemalpasaya"],"jetpack_publicize_connections":[],"jetpack_featured_media_url":"https:\/\/i0.wp.com\/www.tvturk.com\/wp-content\/uploads\/2019\/08\/mustafakemalpasaya-guclu-destek_a0b7846.jpg?fit=1000%2C562","jetpack_sharing_enabled":true,"jetpack_shortlink":"https:\/\/wp.me\/paKIfm-OrY","_links":{"self":[{"href":"http:\/\/www.tvturk.com\/index.php\/wp-json\/wp\/v2\/posts\/193934","targetHints":{"allow":["GET"]}}],"collection":[{"href":"http:\/\/www.tvturk.com\/index.php\/wp-json\/wp\/v2\/posts"}],"about":[{"href":"http:\/\/www.tvturk.com\/index.php\/wp-json\/wp\/v2\/types\/post"}],"author":[{"embeddable":true,"href":"http:\/\/www.tvturk.com\/index.php\/wp-json\/wp\/v2\/users\/1"}],"replies":[{"embeddable":true,"href":"http:\/\/www.tvturk.com\/index.php\/wp-json\/wp\/v2\/comments?post=193934"}],"version-history":[{"count":0,"href":"http:\/\/www.tvturk.com\/index.php\/wp-json\/wp\/v2\/posts\/193934\/revisions"}],"wp:featuredmedia":[{"embeddable":true,"href":"http:\/\/www.tvturk.com\/index.php\/wp-json\/wp\/v2\/media\/193935"}],"wp:attachment":[{"href":"http:\/\/www.tvturk.com\/index.php\/wp-json\/wp\/v2\/media?parent=193934"}],"wp:term":[{"taxonomy":"category","embeddable":true,"href":"http:\/\/www.tvturk.com\/index.php\/wp-json\/wp\/v2\/categories?post=193934"},{"taxonomy":"post_tag","embeddable":true,"href":"http:\/\/www.tvturk.com\/index.php\/wp-json\/wp\/v2\/tags?post=193934"}],"curies":[{"name":"wp","href":"https:\/\/api.w.org\/{rel}","templated":true}]}}