{"id":193948,"date":"2019-08-20T17:32:01","date_gmt":"2019-08-20T14:32:01","guid":{"rendered":"http:\/\/www.tvturk.com\/index.php\/eldivanli-kadinlar-kooperatifle-urunlerini-satacaklar\/"},"modified":"2019-08-20T17:32:01","modified_gmt":"2019-08-20T14:32:01","slug":"eldivanli-kadinlar-kooperatifle-urunlerini-satacaklar","status":"publish","type":"post","link":"http:\/\/www.tvturk.com\/index.php\/eldivanli-kadinlar-kooperatifle-urunlerini-satacaklar\/","title":{"rendered":"Eldivanl\u0131 kad\u0131nlar kooperatifle \u00fcr\u00fcnlerini satacaklar"},"content":{"rendered":"<p>Kad\u0131n kooperatiflerinin g\u00fc\u00e7lendirilmesi amac\u0131yla Aile, \u00c7al\u0131\u015fma ve Sosyal Hizmetler Bakanl\u0131\u011f\u0131, Ticaret Bakanl\u0131\u011f\u0131 ve Tar\u0131m ve Orman Bakanl\u0131\u011f\u0131 aras\u0131nda imzalan protokol \u00e7er\u00e7evesinde \u00c7ank\u0131r\u0131\u2019da \u2018Kad\u0131n kooperatif\u00e7ili\u011fi \u00c7al\u0131\u015fma Grubu\u2019 olu\u015fturuldu.<\/p>\n<p>\u0130mzalanan protokol \u00e7er\u00e7evesinde olu\u015fturulan \u00c7ank\u0131r\u0131 ili 2019 y\u0131ll\u0131k i\u015f plan\u0131 kapsam\u0131nda \u2018S\u0131n\u0131rl\u0131 Sorumlu Eldivan Kad\u0131n Giri\u015fimi \u00dcretim ve \u0130\u015fletme Kooperatifi Tan\u0131t\u0131m Toplant\u0131s\u0131\u2019 ger\u00e7ekle\u015ftirildi. Kurulan kooperatifin tan\u0131t\u0131m toplant\u0131s\u0131na Eldivan Kaymakam\u0131 Ali \u0130hsan Selimo\u011flu, Aile \u00c7al\u0131\u015fma ve Sosyal Hizmetler M\u00fcd\u00fcr Yard\u0131mc\u0131s\u0131 Bedriye Karako\u00e7, \u00c7ank\u0131r\u0131 Ticaret \u0130l M\u00fcd\u00fcr\u00fc Mehmet Ali Yaranba\u015f\u0131, \u0130\u015eKUR \u0130l M\u00fcd\u00fcr Yard\u0131mc\u0131s\u0131 Ali Solak ve kad\u0131n giri\u015fimciler kat\u0131ld\u0131. \u0130mzalanan protokol hakk\u0131nda bilgi veren Aile, \u00c7al\u0131\u015fma ve Sosyal Hizmetler \u0130l M\u00fcd\u00fcr Yard\u0131mc\u0131s\u0131 Bedriye Karako\u00e7, kad\u0131n giri\u015fimcilerinin say\u0131s\u0131n\u0131n art\u0131r\u0131lmas\u0131 \u00e7er\u00e7evesinde il genelinde e\u011fitimler verildi\u011fini ve i\u015f planlar\u0131 haz\u0131rland\u0131\u011f\u0131n\u0131 dile getirdi.<\/p>\n<p>Eldivan il\u00e7esinde kad\u0131nlar\u0131n bir araya gelerek kooperatif kurduklar\u0131n\u0131 da aktaran Karako\u00e7, \u201cBu \u00e7al\u0131\u015fma bir \u00f6rnektir ve \u00c7ank\u0131r\u0131\u2019daki t\u00fcm kad\u0131nlara bir \u00f6n ayak olacakt\u0131r\u201d ifadelerine yer verdi. Kooperatifin tarihi hakk\u0131nda bilgi veren Afife \u00dclk\u00fc Kavalal\u0131, bir\u00e7ok eksikliklerini oldu\u011funu, verilecek destekler sonras\u0131nda sadece \u00c7ank\u0131r\u0131 de\u011fil bir T\u00fcrkiye markas\u0131 olacaklar\u0131n\u0131 dile getirdi.<\/p>\n<p>Yerel \u00fcr\u00fcnler hakk\u0131nda da bilgi veren Kavalal\u0131, b\u00f6lgeye has \u00fcr\u00fcnleri el eme\u011fi ile \u00fcrettiklerini de aktararak, \u201c\u00d6zellikle biz den ye\u015fil fasulye kurusunu d\u00f6rt g\u00f6zle bekliyorlar. Biz de talepler do\u011frultusunda \u00fcretmeye devam ediyoruz. Valilik ve kaymakaml\u0131\u011f\u0131n deste\u011fine ihtiyac\u0131m\u0131z var. Kalifiye eleman s\u0131k\u0131nt\u0131m\u0131z var. \u00dcretim konusunda bir s\u0131k\u0131nt\u0131m\u0131z yok, kad\u0131nlar\u0131m\u0131z bir birinden g\u00fczel \u00fcr\u00fcnleri \u00fcretiyor. Ama bunlar\u0131n internet ortam\u0131nda pazarlanmas\u0131, defter tutumu konular\u0131nda kalifiye eleman s\u0131k\u0131nt\u0131s\u0131 ya\u015f\u0131yoruz. Kad\u0131nlar\u0131m\u0131z\u0131n mutlaka muhasebe ve internet konusunda deste\u011fe ihtiyac\u0131 var\u201d dedi.<\/p>\n<p>Kad\u0131n giri\u015fimcilere y\u00f6nelik bir kooperatifin Eldivan il\u00e7esinde a\u00e7\u0131lmas\u0131n\u0131n kendilerini son derece mutlu etti\u011fini dile getiren Eldivan Kaymakam\u0131 Ali \u0130hsan Selimo\u011flu, \u201cBu sevindirici fakat mevcut durumu bizleri sevindirmiyor. Yeni y\u00f6netim ile birlikte bu kooperatif hak etti\u011fi yeri bulacakt\u0131r. Bu i\u015fe ba\u015flamak ve karar vermek bile en b\u00fcy\u00fck ad\u0131md\u0131r. Bu kooperatifin yeni y\u00f6netim ile birlikte yak\u0131n bir zamanda \u00e7ok daha aktif bir \u015fekilde \u00fclke ekonomisine katk\u0131 sa\u011flayaca\u011f\u0131na eminin\u201d \u015feklinde konu\u015ftu.<\/p>\n<p>Yap\u0131lan toplant\u0131\u2019da kad\u0131nlar\u0131n y\u00f6resel ve tamamen organik olan \u00fcr\u00fcnler tan\u0131t\u0131ld\u0131.<\/p>\n","protected":false},"excerpt":{"rendered":"<p>KADIN KOOPERAT\u0130FLER\u0130N\u0130N G\u00dc\u00c7LEND\u0130R\u0130LMES\u0130 AMACIYLA A\u0130LE, \u00c7ALI\u015eMA VE SOSYAL H\u0130ZMETLER BAKANLI\u011eI, T\u0130CARET BAKANLI\u011eI VE TARIM VE ORMAN BAKANLI\u011eI ARASINDA \u0130MZALAN PROTOKOL \u00c7ER\u00c7EVES\u0130NDE \u00c7ANKIRI&#8217;DA \u2018KADIN KOOPERAT\u0130F\u00c7\u0130L\u0130\u011e\u0130 \u00c7ALI\u015eMA GRUBU\u2019 OLU\u015eTURULDU.<\/p>\n","protected":false},"author":1,"featured_media":193949,"comment_status":"closed","ping_status":"open","sticky":false,"template":"","format":"standard","meta":{"jetpack_post_was_ever_published":false,"_jetpack_newsletter_access":"","_jetpack_dont_email_post_to_subs":false,"_jetpack_newsletter_tier_id":0,"_jetpack_memberships_contains_paywalled_content":false,"_jetpack_memberships_contains_paid_content":false,"footnotes":"","jetpack_publicize_message":"","jetpack_publicize_feature_enabled":true,"jetpack_social_post_already_shared":true,"jetpack_social_options":{"image_generator_settings":{"template":"highway","default_image_id":0,"font":"","enabled":false},"version":2}},"categories":[1],"tags":[48604,3104,2941,48605,8791],"class_list":["post-193948","post","type-post","status-publish","format-standard","has-post-thumbnail","hentry","category-genel","tag-eldivanli","tag-kadinlar","tag-kooperatifle","tag-satacaklar","tag-urunlerini"],"jetpack_publicize_connections":[],"jetpack_featured_media_url":"https:\/\/i0.wp.com\/www.tvturk.com\/wp-content\/uploads\/2019\/08\/eldivanli-kadinlar-kooperatifle-urunlerini-satacaklar_7733ec2.jpg?fit=1000%2C666","jetpack_sharing_enabled":true,"jetpack_shortlink":"https:\/\/wp.me\/paKIfm-Osc","_links":{"self":[{"href":"http:\/\/www.tvturk.com\/index.php\/wp-json\/wp\/v2\/posts\/193948","targetHints":{"allow":["GET"]}}],"collection":[{"href":"http:\/\/www.tvturk.com\/index.php\/wp-json\/wp\/v2\/posts"}],"about":[{"href":"http:\/\/www.tvturk.com\/index.php\/wp-json\/wp\/v2\/types\/post"}],"author":[{"embeddable":true,"href":"http:\/\/www.tvturk.com\/index.php\/wp-json\/wp\/v2\/users\/1"}],"replies":[{"embeddable":true,"href":"http:\/\/www.tvturk.com\/index.php\/wp-json\/wp\/v2\/comments?post=193948"}],"version-history":[{"count":0,"href":"http:\/\/www.tvturk.com\/index.php\/wp-json\/wp\/v2\/posts\/193948\/revisions"}],"wp:featuredmedia":[{"embeddable":true,"href":"http:\/\/www.tvturk.com\/index.php\/wp-json\/wp\/v2\/media\/193949"}],"wp:attachment":[{"href":"http:\/\/www.tvturk.com\/index.php\/wp-json\/wp\/v2\/media?parent=193948"}],"wp:term":[{"taxonomy":"category","embeddable":true,"href":"http:\/\/www.tvturk.com\/index.php\/wp-json\/wp\/v2\/categories?post=193948"},{"taxonomy":"post_tag","embeddable":true,"href":"http:\/\/www.tvturk.com\/index.php\/wp-json\/wp\/v2\/tags?post=193948"}],"curies":[{"name":"wp","href":"https:\/\/api.w.org\/{rel}","templated":true}]}}