{"id":193952,"date":"2019-08-20T17:32:59","date_gmt":"2019-08-20T14:32:59","guid":{"rendered":"http:\/\/www.tvturk.com\/index.php\/tir-soforunun-falcao-sevgisi\/"},"modified":"2019-08-20T17:32:59","modified_gmt":"2019-08-20T14:32:59","slug":"tir-soforunun-falcao-sevgisi","status":"publish","type":"post","link":"http:\/\/www.tvturk.com\/index.php\/tir-soforunun-falcao-sevgisi\/","title":{"rendered":"T\u0131r \u015fof\u00f6r\u00fcn\u00fcn Falcao sevgisi"},"content":{"rendered":"<p>Mardin\u2019in K\u0131z\u0131ltepe il\u00e7esinde t\u0131r \u015fof\u00f6rl\u00fc\u011f\u00fc yapan Abdullah Bozan, arac\u0131n\u0131n arkas\u0131na Galatasaray\u2019\u0131n transfer etmek istedi\u011fi Monaco\u2019nun \u00fcnl\u00fc futbolcusu Falcao\u2019nun, Galatasaray formas\u0131 giydi\u011fi dev foto\u011fraf\u0131 yap\u0131\u015ft\u0131rarak futbolcunun tuttu\u011fu tak\u0131ma transfer olmas\u0131n\u0131 istedi.<\/p>\n<p>Fanatik Galatasaray taraftar\u0131 olan t\u0131r \u015fof\u00f6r\u00fc Abdullah Bozan, yakla\u015f\u0131k bir ayd\u0131r Galatasaray\u2019\u0131n transfer g\u00fcndeminde olan Falcao\u2019nun art\u0131k Galatasaray\u2019a gelmesi gerekti\u011fini s\u00f6yledi. Milyonlarca Galatasaray taraftar\u0131n\u0131n bu transferi d\u00f6rt g\u00f6zle beklediklerini belirten Bozan, &#8220;Galatasaray a\u015fk\u0131 bizim i\u00e7in bamba\u015fkad\u0131r. Fanatik Galatasarayl\u0131y\u0131m. Falcao\u2019nun bir an \u00f6nce gelmesini istiyorum. Bunun i\u00e7in kendi t\u0131r\u0131m\u0131n arkas\u0131na Falcao\u2019ya 9 numara giydirdi\u011fim Galatasaray formas\u0131n\u0131n foto\u011fraf\u0131n\u0131 yap\u0131\u015ft\u0131rd\u0131m. T\u00fcrkiye\u2019nin d\u00f6rt bir yan\u0131na nakliyecilik yap\u0131yorum. Irak\u2019a da nakliye yap\u0131yorum. Oradaki Galatasaray taraftarlar\u0131 t\u0131r\u0131ma b\u00fcy\u00fck ilgi g\u00f6steriyor. Beni g\u00f6r\u00fcnce Galatasaray tezah\u00fcratlar\u0131 yap\u0131yorlar. Galatasaray\u2019\u0131n a\u015fk\u0131 d\u00fcnyaya yay\u0131lm\u0131\u015f durumdad\u0131r. Galatasaray y\u00f6netiminin bir \u00f6nce bu transferi bitirmelerini ve Falcao\u2019nun T\u00fcrkiye\u2019ye gelmesini bekliyoruz. Gel art\u0131k Falcao, cim bom bom taraftarlar\u0131 seni bekliyor&#8221; dedi.<\/p>\n","protected":false},"excerpt":{"rendered":"<p>MARD\u0130N\u2019\u0130N KIZILTEPE \u0130L\u00c7ES\u0130NDE TIR \u015eOF\u00d6RL\u00dc\u011e\u00dc YAPAN ABDULLAH BOZAN, ARACININ ARKASINA GALATASARAY\u2019IN TRANSFER ETMEK \u0130STED\u0130\u011e\u0130 MONACO\u2019NUN \u00dcNL\u00dc FUTBOLCUSU FALCAO\u2019NUN GALATASARAY FORMASI G\u0130YD\u0130\u011e\u0130 DEV FOTO\u011eRAFI YAPI\u015eTIRARAK FUTBOLCUNUN GALATASARAY&#8217;A GELMES\u0130N\u0130 \u0130STED\u0130.<\/p>\n","protected":false},"author":1,"featured_media":193953,"comment_status":"closed","ping_status":"open","sticky":false,"template":"","format":"standard","meta":{"jetpack_post_was_ever_published":false,"_jetpack_newsletter_access":"","_jetpack_dont_email_post_to_subs":false,"_jetpack_newsletter_tier_id":0,"_jetpack_memberships_contains_paywalled_content":false,"_jetpack_memberships_contains_paid_content":false,"footnotes":"","jetpack_publicize_message":"","jetpack_publicize_feature_enabled":true,"jetpack_social_post_already_shared":true,"jetpack_social_options":{"image_generator_settings":{"template":"highway","default_image_id":0,"font":"","enabled":false},"version":2}},"categories":[657],"tags":[46323,5875,12036,2708],"class_list":["post-193952","post","type-post","status-publish","format-standard","has-post-thumbnail","hentry","category-spor","tag-falcao","tag-sevgisi","tag-soforunun","tag-tir"],"jetpack_publicize_connections":[],"jetpack_featured_media_url":"https:\/\/i0.wp.com\/www.tvturk.com\/wp-content\/uploads\/2019\/08\/tir-soforunun-falcao-sevgisi_4fdc76f.jpg?fit=750%2C1000","jetpack_sharing_enabled":true,"jetpack_shortlink":"https:\/\/wp.me\/paKIfm-Osg","_links":{"self":[{"href":"http:\/\/www.tvturk.com\/index.php\/wp-json\/wp\/v2\/posts\/193952","targetHints":{"allow":["GET"]}}],"collection":[{"href":"http:\/\/www.tvturk.com\/index.php\/wp-json\/wp\/v2\/posts"}],"about":[{"href":"http:\/\/www.tvturk.com\/index.php\/wp-json\/wp\/v2\/types\/post"}],"author":[{"embeddable":true,"href":"http:\/\/www.tvturk.com\/index.php\/wp-json\/wp\/v2\/users\/1"}],"replies":[{"embeddable":true,"href":"http:\/\/www.tvturk.com\/index.php\/wp-json\/wp\/v2\/comments?post=193952"}],"version-history":[{"count":0,"href":"http:\/\/www.tvturk.com\/index.php\/wp-json\/wp\/v2\/posts\/193952\/revisions"}],"wp:featuredmedia":[{"embeddable":true,"href":"http:\/\/www.tvturk.com\/index.php\/wp-json\/wp\/v2\/media\/193953"}],"wp:attachment":[{"href":"http:\/\/www.tvturk.com\/index.php\/wp-json\/wp\/v2\/media?parent=193952"}],"wp:term":[{"taxonomy":"category","embeddable":true,"href":"http:\/\/www.tvturk.com\/index.php\/wp-json\/wp\/v2\/categories?post=193952"},{"taxonomy":"post_tag","embeddable":true,"href":"http:\/\/www.tvturk.com\/index.php\/wp-json\/wp\/v2\/tags?post=193952"}],"curies":[{"name":"wp","href":"https:\/\/api.w.org\/{rel}","templated":true}]}}