{"id":193972,"date":"2019-08-20T18:32:01","date_gmt":"2019-08-20T15:32:01","guid":{"rendered":"http:\/\/www.tvturk.com\/index.php\/mezar-yerlerine-zam-komisyondan-gecti\/"},"modified":"2019-08-20T18:32:01","modified_gmt":"2019-08-20T15:32:01","slug":"mezar-yerlerine-zam-komisyondan-gecti","status":"publish","type":"post","link":"http:\/\/www.tvturk.com\/index.php\/mezar-yerlerine-zam-komisyondan-gecti\/","title":{"rendered":"Mezar yerlerine zam komisyondan ge\u00e7ti"},"content":{"rendered":"<p>Samsun B\u00fcy\u00fck\u015fehir Belediyesi A\u011fustos Ay\u0131 Komisyon Toplant\u0131s\u0131\u2019nda al\u0131nan karar do\u011frultusunda Asri Mezarl\u0131\u011f\u0131\u2019nda bulunan mezar yerlerinin fiyat\u0131na y\u00fczde 42,8, K\u0131rank\u00f6y Mezarl\u0131\u011f\u0131\u2019nda bulunan mezar yerlerine ise y\u00fczde 150 zam yap\u0131lmas\u0131 teklifi oy birli\u011fi ile kabul edilerek meclise havale edildi.<\/p>\n<p>B\u00fcy\u00fck\u015fehir Belediyesi A\u011fustos Ay\u0131 Komisyon Toplant\u0131s\u0131\u2019nda meclisten havale edilen toplam 28 madde, ilgili komisyonlarda g\u00f6r\u00fc\u015f\u00fcld\u00fc. Komisyonda Asri Mezarl\u0131\u011f\u0131\u2019nda bulunan 151 mezar yeri i\u00e7in mezar yeri fiyat\u0131n\u0131n 7 bin TL\u2019den 10 bin TL\u2019ye \u00e7\u0131kart\u0131lmas\u0131 ve K\u0131rank\u00f6y Mezarl\u0131\u011f\u0131\u2019nda bulunan 105 adet mezar yerinin adet fiyat\u0131n\u0131n da 4 bin TL\u2019den 10 bin TL\u2019ye \u00e7\u0131kart\u0131lmas\u0131 teklifi komisyonlardan oy birli\u011fi ile ge\u00e7erek meclise havale edildi. Komisyonlarda ayr\u0131ca Samsun B\u00fcy\u00fck\u015fehir Belediyesi yeni te\u015fkilat \u015femas\u0131 hakk\u0131nda da bilgi verildi. Yeni \u015femaya g\u00f6re 8 daire ba\u015fkanl\u0131\u011f\u0131 ve 40 \u015fube m\u00fcd\u00fcrl\u00fc\u011f\u00fc kapat\u0131ld\u0131 veya ba\u015fka birimle birle\u015ftirildi.<\/p>\n<p>\u201cDaire Ba\u015fkanlar\u0131 ve \u015fube ba\u015fkanlar\u0131n\u0131n say\u0131s\u0131 azalt\u0131ld\u0131\u201d<\/p>\n<p>Yeni te\u015fkilat \u015femas\u0131 hakk\u0131nda bilgiler veren Samsun B\u00fcy\u00fck\u015fehir Belediyesi Genel Sekreteri \u0130lhan Bayram, \u201cDevletimiz de y\u00f6netim \u015feklinde bir de\u011fi\u015fime gitti. Cumhurba\u015fkanl\u0131\u011f\u0131 Y\u00f6netim Sistemi\u2019nde de daha h\u0131zl\u0131, daha seri ve daha etkili bir y\u00f6netim tarz\u0131na ge\u00e7ildi. Samsun B\u00fcy\u00fck\u015fehir Belediyesi\u2019nin daha iyi ve h\u0131zl\u0131 hizmet vermesi i\u00e7in te\u015fkilat \u015femas\u0131nda de\u011fi\u015fikli\u011fe gittik. U\u011fra\u015ft\u0131\u011f\u0131n\u0131z bir herhangi konu hakk\u0131nda 2-3 tane ilgili ya da yetkili olmamas\u0131 laz\u0131m. Topun ortada kalmamas\u0131 laz\u0131m. K\u0131rsalda veya kentte bir\u00e7ok hizmet alan\u0131m\u0131z var. Bunlarla ilgili bir\u00e7ok ara\u015ft\u0131rma yap\u0131ld\u0131. Neticede bir\u00e7ok daire ba\u015fkanl\u0131\u011f\u0131 ve \u015fube m\u00fcd\u00fcrl\u00fc\u011f\u00fc kald\u0131r\u0131ld\u0131 ya da ayn\u0131 \u00e7at\u0131da birle\u015ftirildi. 29 daire ba\u015fkanl\u0131\u011f\u0131 21\u2019e indirildi. 121 \u015fube m\u00fcd\u00fcrl\u00fc\u011f\u00fc de 81\u2019e indirildi. B\u00f6ylelikle hem tasarruf yapm\u0131\u015f olaca\u011f\u0131z hem de daha seri ve verimli bir \u00e7al\u0131\u015fma sistemi geli\u015ftirmi\u015f olaca\u011f\u0131z diye d\u00fc\u015f\u00fcn\u00fcyoruz. Destek Hizmetleri, Mali Hizmetler, \u0130nsan Kaynaklar\u0131, \u0130tfaiye, Kaynak Geli\u015ftirme \u0130\u015ftirakleri Dairesi Ba\u015fkanl\u0131klar\u0131 devam edecek. Zab\u0131ta Dairesi Ba\u015fkanl\u0131\u011f\u0131\u2019na 1 ilave \u015fube m\u00fcd\u00fcrl\u00fc\u011f\u00fc ekledik. Zab\u0131ta \u015eube M\u00fcd\u00fcrl\u00fc\u011f\u00fc Kontrol ve Denetim Hizmetleri ile Zab\u0131ta Trafik \u015eube M\u00fcd\u00fcrl\u00fc\u011f\u00fc olmak \u00fczere 2 tane \u015fube m\u00fcd\u00fcrl\u00fc\u011f\u00fcm\u00fcz olacak. K\u00fclt\u00fcr ve Turizm Dairesi Ba\u015fkanl\u0131\u011f\u0131 yeni ad\u0131 ve hizmet alan\u0131 ile devam edecek. Bas\u0131n ve Halkla \u0130li\u015fkiler de Alo 153 Merkezi hizmeti ile devam edecek. Vatanda\u015flar bu hatta \u015fikayet ve \u00f6nerilerde ve bilgilendirmelerde bulunacak\u201d dedi.<\/p>\n<p>\u201cKentsel D\u00f6n\u00fc\u015f\u00fcm \u015eube M\u00fcd\u00fcrl\u00fc\u011f\u00fc kuruldu\u201d<\/p>\n<p>Kentsel d\u00f6n\u00fc\u015f\u00fcm sorununu h\u0131zl\u0131 bir \u015fekilde halletmek i\u00e7in \u00e7al\u0131\u015fmalar\u0131n devam etti\u011fini ifade eden \u0130lhan Bayram, \u201cKad\u0131n, Aile ve Sosyal Hizmetler Dairesi Ba\u015fkanl\u0131\u011f\u0131 yeni \u015femada faaliyet verecek. Sosyal hizmetleri k\u00fclt\u00fcrden ay\u0131rd\u0131k, kad\u0131n\u0131 da i\u015fin i\u00e7ine katarak 4 ayr\u0131 \u015fube m\u00fcd\u00fcrl\u00fc\u011f\u00fcn\u00fcn oldu\u011fu aktif bir daire ba\u015fkanl\u0131\u011f\u0131n\u0131 faaliyete ge\u00e7irdik. \u00d6nceki \u015femam\u0131zda trafik y\u00f6netim daire ba\u015fkanl\u0131\u011f\u0131m\u0131z vard\u0131. Bu bir\u00e7ok b\u00fcy\u00fck\u015fehir belediyesinde Toplu Ula\u015f\u0131m Daire Ba\u015fkanl\u0131\u011f\u0131\u2019n\u0131n alt\u0131nda \u015fube m\u00fcd\u00fcrl\u00fc\u011f\u00fc \u015feklindedir. Yani biz de ayr\u0131 bir daire ba\u015fkanl\u0131\u011f\u0131na burada gerek g\u00f6rmedik. Ula\u015f\u0131m\u0131n hepsini bir noktadan y\u00f6netme karar\u0131 ald\u0131k. \u0130mar ve \u015eehircilik Dairesi Ba\u015fkanl\u0131\u011f\u0131 b\u00fct\u00fcn b\u00fcy\u00fck\u015fehirlerde var. Biz buraya \u2018Kentsel D\u00f6n\u00fc\u015f\u00fcm \u015eube M\u00fcd\u00fcrl\u00fc\u011f\u00fc\u2019n\u00fc ekledik. \u00d6zellikle bu d\u00f6nemde kentsel d\u00f6n\u00fc\u015f\u00fcm\u00fcn \u00fczerinde duruyoruz. Bakanl\u0131kta da bu konuyla ilgili \u00e7al\u0131\u015fmalar\u0131m\u0131z var. Bundan bu d\u00f6nem i\u00e7erisinde sonu\u00e7 almak istiyoruz. Onu y\u00f6netmek i\u00e7in de b\u00f6yle bir \u015fube m\u00fcd\u00fcrl\u00fc\u011f\u00fc a\u00e7t\u0131k\u201d diye konu\u015ftu.<\/p>\n<p>Mezarl\u0131k yerlerine y\u00fczde 150 ve y\u00fczde 42,8 zam yap\u0131ld\u0131<\/p>\n<p>Mezarl\u0131k fiyatlar\u0131ndaki zam hakk\u0131nda komisyonda a\u00e7\u0131klamalarda bulunan Samsun B\u00fcy\u00fck\u015fehir Belediyesi Mali Hizmetler Dairesi Ba\u015fkan Vekili Bahattin Karaka\u015f, \u201cMezar yeri \u00fccretlerinin revize edilmesiyle alakal\u0131 olarak ilgili birimden teklif geldi. Daha \u00f6nceden Asri Mezarl\u0131\u011f\u0131\u2018nda bir mezar yeri 7 bin TL iken 10 bin TL olarak de\u011ferlendirilmesi ve K\u0131rank\u00f6y Mezarl\u0131\u011f\u0131\u2019ndaki bir mezar yeri \u00fccretinin de 4 bin TL yerine 10 bin TL olarak de\u011ferlendirilmesi husus s\u00f6z konusu oldu. Burada 4 bin liradan neden 10 bin lira olmas\u0131 ya da 7 bin liradan neden 10 bin lira olmas\u0131 sorulabilir. \u00c7evre Koruma Daire Ba\u015fkanl\u0131\u011f\u0131\u2019ndan gelen bilgiye g\u00f6re K\u0131rank\u00f6y Mezarl\u0131\u011f\u0131\u2019nda fiyat art\u0131m\u0131, yeni mezar yeri i\u00e7in mezarl\u0131\u011f\u0131n d\u0131\u015f\u0131ndan ada parseli oraya kat\u0131lm\u0131\u015f durumdad\u0131r. Dolay\u0131s\u0131yla o ek maliyet getirmi\u015ftir. Bu iki mezar yerine de y\u00fcksek talep s\u00f6z konusudur. Dolay\u0131s\u0131yla her ikisine de e\u015fit anlamda talep olmas\u0131 nedeniyle 2 mezarl\u0131kta da ayn\u0131 \u00fccretin al\u0131nmas\u0131 belirlenmi\u015ftir. Asri Mezarl\u0131\u011f\u0131\u2019nda 151, K\u0131rank\u00f6y Mezarl\u0131\u011f\u0131\u2019nda da 105 olmak \u00fczere toplam 256 adet mezar yeri vard\u0131r\u201d \u015feklinde konu\u015ftu.<\/p>\n<p>Nihat So\u011fuk a\u00e7\u0131kl\u0131k getirdi<\/p>\n<p>Samsun B\u00fcy\u00fck\u015fehir Belediyesi Meclis Ba\u015fkan Vekili Nihat So\u011fuk da buralardaki mezarl\u0131k yerinin olduk\u00e7a az oldu\u011funu, Derecik Mezarl\u0131\u011f\u0131\u2019nda ise mezar yerlerinin cenaze halinde 150 TL, ikinci mezar yerinin ise 350 TL oldu\u011funu a\u00e7\u0131klad\u0131.<\/p>\n<p>Konu hakk\u0131nda de\u011ferlendirmelerde bulunan muhalefet partili \u00fcyeler ise bu mezarl\u0131k fiyatlar\u0131yla \u0130stanbul Vatan Caddesi\u2019nden yer al\u0131nabilece\u011fi ironisini yapt\u0131lar ancak maddeye de destek verdiler.<\/p>\n<p>Konu\u015fmalar\u0131n ard\u0131ndan madde oy birli\u011fi ile kabul edilerek meclise havale edildi. Havale edilen maddeler, mecliste onayland\u0131ktan sonra karara ba\u011flanacak.<\/p>\n","protected":false},"excerpt":{"rendered":"<p>SAMSUN B\u00dcY\u00dcK\u015eEH\u0130R BELED\u0130YES\u0130 A\u011eUSTOS AYI KOM\u0130SYON TOPLANTISI\u2019NDA ALINAN KARAR DO\u011eRULTUSUNDA ASR\u0130 MEZARLI\u011eI\u2019NDA BULUNAN MEZAR YERLER\u0130N\u0130N F\u0130YATINA Y\u00dcZDE 42,8, KIRANK\u00d6Y MEZARLI\u011eI\u2019NDA BULUNAN MEZAR YERLER\u0130NE \u0130SE Y\u00dcZDE 150 ZAM YAPILMASI TEKL\u0130F\u0130 OY B\u0130RL\u0130\u011e\u0130 \u0130LE KABUL ED\u0130LEREK MECL\u0130SE HAVALE ED\u0130LD\u0130.<\/p>\n","protected":false},"author":1,"featured_media":193973,"comment_status":"closed","ping_status":"open","sticky":false,"template":"","format":"standard","meta":{"jetpack_post_was_ever_published":false,"_jetpack_newsletter_access":"","_jetpack_dont_email_post_to_subs":false,"_jetpack_newsletter_tier_id":0,"_jetpack_memberships_contains_paywalled_content":false,"_jetpack_memberships_contains_paid_content":false,"footnotes":"","jetpack_publicize_message":"","jetpack_publicize_feature_enabled":true,"jetpack_social_post_already_shared":true,"jetpack_social_options":{"image_generator_settings":{"template":"highway","default_image_id":0,"font":"","enabled":false},"version":2}},"categories":[1],"tags":[1512,37689,7524,19317,4652],"class_list":["post-193972","post","type-post","status-publish","format-standard","has-post-thumbnail","hentry","category-genel","tag-gecti","tag-komisyondan","tag-mezar","tag-yerlerine","tag-zam"],"jetpack_publicize_connections":[],"jetpack_featured_media_url":"https:\/\/i0.wp.com\/www.tvturk.com\/wp-content\/uploads\/2019\/08\/mezar-yerlerine-zam-komisyondan-gecti_1bce93e.jpg?fit=1000%2C666","jetpack_sharing_enabled":true,"jetpack_shortlink":"https:\/\/wp.me\/paKIfm-OsA","_links":{"self":[{"href":"http:\/\/www.tvturk.com\/index.php\/wp-json\/wp\/v2\/posts\/193972","targetHints":{"allow":["GET"]}}],"collection":[{"href":"http:\/\/www.tvturk.com\/index.php\/wp-json\/wp\/v2\/posts"}],"about":[{"href":"http:\/\/www.tvturk.com\/index.php\/wp-json\/wp\/v2\/types\/post"}],"author":[{"embeddable":true,"href":"http:\/\/www.tvturk.com\/index.php\/wp-json\/wp\/v2\/users\/1"}],"replies":[{"embeddable":true,"href":"http:\/\/www.tvturk.com\/index.php\/wp-json\/wp\/v2\/comments?post=193972"}],"version-history":[{"count":0,"href":"http:\/\/www.tvturk.com\/index.php\/wp-json\/wp\/v2\/posts\/193972\/revisions"}],"wp:featuredmedia":[{"embeddable":true,"href":"http:\/\/www.tvturk.com\/index.php\/wp-json\/wp\/v2\/media\/193973"}],"wp:attachment":[{"href":"http:\/\/www.tvturk.com\/index.php\/wp-json\/wp\/v2\/media?parent=193972"}],"wp:term":[{"taxonomy":"category","embeddable":true,"href":"http:\/\/www.tvturk.com\/index.php\/wp-json\/wp\/v2\/categories?post=193972"},{"taxonomy":"post_tag","embeddable":true,"href":"http:\/\/www.tvturk.com\/index.php\/wp-json\/wp\/v2\/tags?post=193972"}],"curies":[{"name":"wp","href":"https:\/\/api.w.org\/{rel}","templated":true}]}}