{"id":193980,"date":"2019-08-20T18:46:44","date_gmt":"2019-08-20T15:46:44","guid":{"rendered":"http:\/\/www.tvturk.com\/index.php\/alaplida-supheli-varil-panigi\/"},"modified":"2019-08-20T18:46:44","modified_gmt":"2019-08-20T15:46:44","slug":"alaplida-supheli-varil-panigi","status":"publish","type":"post","link":"http:\/\/www.tvturk.com\/index.php\/alaplida-supheli-varil-panigi\/","title":{"rendered":"Alapl\u0131\u2019da \u015f\u00fcpheli varil pani\u011fi"},"content":{"rendered":"<p>Zonguldak\u2019\u0131n Alapl\u0131 il\u00e7esinde sahile vuran ve vatanda\u015flar taraf\u0131ndan fark edilen varil, AFAD ekiplerince \u015f\u00fcpheli bulunarak incelenmek \u00fczere b\u00f6lgeden al\u0131nd\u0131.<\/p>\n<p>Edinilen bilgiye g\u00f6re, bug\u00fcn sabah saatlerinde Alapl\u0131 Bal\u0131k\u00e7\u0131 Bar\u0131na\u011f\u0131\u2019ndaki bal\u0131k\u00e7\u0131lar, k\u0131y\u0131da varil oldu\u011funu fark etti. \u0130l\u00e7e sahilinde \u015f\u00fcpheli bir varil g\u00f6ren vatanda\u015flar durumu AFAD\u2019a bildirdi. Olay yerine gelen AFAD ekipleri, \u00e7evre ve sa\u011fl\u0131kla ilgili kamu birimlerinden yard\u0131m istedi. \u0130l\u00e7e Sa\u011fl\u0131k M\u00fcd\u00fcrl\u00fc\u011f\u00fc personeliyle birlikte bal\u0131k\u00e7\u0131 bar\u0131na\u011f\u0131na gelen ekipler, varil \u00fczerinde inceleme yapt\u0131. \u0130\u00e7inde ne oldu\u011fu bilinmeyen varil, i\u015f makinesi yard\u0131m\u0131yla  bulundu\u011fu yerden al\u0131narak g\u00fcvenli\u011fi b\u00f6lgeye ta\u015f\u0131nd\u0131. AFAD ve \u0130l\u00e7e Sa\u011fl\u0131k M\u00fcd\u00fcrl\u00fc\u011f\u00fc ekiplerinin varilde kimyasal olup olmad\u0131\u011f\u0131 y\u00f6n\u00fcnde inceleme yapaca\u011f\u0131 bildirildi. \u0130\u00e7i dolu ve a\u011fz\u0131 kapal\u0131 olan varilin i\u00e7erisinde ne oldu\u011fu ise bilinmiyor.<\/p>\n","protected":false},"excerpt":{"rendered":"<p>ZONGULDAK&#8217;IN ALAPLI \u0130L\u00c7ES\u0130NDE, SAH\u0130LE VURAN VE VATANDA\u015eLAR TARAFINDAN FARK ED\u0130LEN VAR\u0130L, AFAD EK\u0130PLER\u0130NCE \u015e\u00dcPHEL\u0130 BULUNARAK \u0130NCELENMEK \u00dcZERE B\u00d6LGEDEN ALINDI.<\/p>\n","protected":false},"author":1,"featured_media":193981,"comment_status":"closed","ping_status":"open","sticky":false,"template":"","format":"standard","meta":{"jetpack_post_was_ever_published":false,"_jetpack_newsletter_access":"","_jetpack_dont_email_post_to_subs":false,"_jetpack_newsletter_tier_id":0,"_jetpack_memberships_contains_paywalled_content":false,"_jetpack_memberships_contains_paid_content":false,"footnotes":"","jetpack_publicize_message":"","jetpack_publicize_feature_enabled":true,"jetpack_social_post_already_shared":true,"jetpack_social_options":{"image_generator_settings":{"template":"highway","default_image_id":0,"font":"","enabled":false},"version":2}},"categories":[1],"tags":[7724,6401,2165,27007],"class_list":["post-193980","post","type-post","status-publish","format-standard","has-post-thumbnail","hentry","category-genel","tag-alaplida","tag-panigi","tag-supheli","tag-varil"],"jetpack_publicize_connections":[],"jetpack_featured_media_url":"https:\/\/i0.wp.com\/www.tvturk.com\/wp-content\/uploads\/2019\/08\/alaplida-supheli-varil-panigi_b89d3d5.jpg?fit=1000%2C750","jetpack_sharing_enabled":true,"jetpack_shortlink":"https:\/\/wp.me\/paKIfm-OsI","_links":{"self":[{"href":"http:\/\/www.tvturk.com\/index.php\/wp-json\/wp\/v2\/posts\/193980","targetHints":{"allow":["GET"]}}],"collection":[{"href":"http:\/\/www.tvturk.com\/index.php\/wp-json\/wp\/v2\/posts"}],"about":[{"href":"http:\/\/www.tvturk.com\/index.php\/wp-json\/wp\/v2\/types\/post"}],"author":[{"embeddable":true,"href":"http:\/\/www.tvturk.com\/index.php\/wp-json\/wp\/v2\/users\/1"}],"replies":[{"embeddable":true,"href":"http:\/\/www.tvturk.com\/index.php\/wp-json\/wp\/v2\/comments?post=193980"}],"version-history":[{"count":0,"href":"http:\/\/www.tvturk.com\/index.php\/wp-json\/wp\/v2\/posts\/193980\/revisions"}],"wp:featuredmedia":[{"embeddable":true,"href":"http:\/\/www.tvturk.com\/index.php\/wp-json\/wp\/v2\/media\/193981"}],"wp:attachment":[{"href":"http:\/\/www.tvturk.com\/index.php\/wp-json\/wp\/v2\/media?parent=193980"}],"wp:term":[{"taxonomy":"category","embeddable":true,"href":"http:\/\/www.tvturk.com\/index.php\/wp-json\/wp\/v2\/categories?post=193980"},{"taxonomy":"post_tag","embeddable":true,"href":"http:\/\/www.tvturk.com\/index.php\/wp-json\/wp\/v2\/tags?post=193980"}],"curies":[{"name":"wp","href":"https:\/\/api.w.org\/{rel}","templated":true}]}}