{"id":193986,"date":"2019-08-20T19:31:40","date_gmt":"2019-08-20T16:31:40","guid":{"rendered":"http:\/\/www.tvturk.com\/index.php\/kornison-uretimindeki-artis-sindirgili-ciftciyi-sevindirdi\/"},"modified":"2019-08-20T19:31:40","modified_gmt":"2019-08-20T16:31:40","slug":"kornison-uretimindeki-artis-sindirgili-ciftciyi-sevindirdi","status":"publish","type":"post","link":"http:\/\/www.tvturk.com\/index.php\/kornison-uretimindeki-artis-sindirgili-ciftciyi-sevindirdi\/","title":{"rendered":"Korni\u015fon \u00fcretimindeki art\u0131\u015f S\u0131nd\u0131rg\u0131l\u0131 \u00e7ift\u00e7iyi sevindirdi"},"content":{"rendered":"<p>Bal\u0131kesir\u2019in S\u0131nd\u0131rg\u0131 il\u00e7esinde, tur\u015fuluk salatal\u0131k olarak bilinen ve \u00f6zelikle g\u00f6letlerin yap\u0131m\u0131yla rekoltesinde \u00f6nemli art\u0131\u015f sa\u011flanan korni\u015fon, \u00fcreticisini bu y\u0131l da sevindirdi.<\/p>\n<p>B\u00fcy\u00fck\u015fehir Belediyesi, S\u0131nd\u0131rg\u0131 Belediyesi ve DS\u0130 taraf\u0131ndan yap\u0131lan g\u00f6letlerin ard\u0131ndan \u00e7ift\u00e7iler son y\u0131llarda korni\u015fon \u00fcretimine y\u00f6neldi. \u00d6zellikle Yaylabay\u0131r, Y\u00fcre\u011fil, K\u0131n\u0131k, Osmanlar gibi y\u00fcksek rak\u0131ml\u0131 mahallelerde \u00fcretim her ge\u00e7en g\u00fcn art\u0131yor. \u0130lk y\u0131llarda 20-30 dekarl\u0131k alanda ekilen fidelerden 50 ton \u00fcr\u00fcn elde eden il\u00e7e halk\u0131, 2018 y\u0131l\u0131nda ekili alanlar\u0131 \u00e7o\u011faltarak 70 bin tona kadar \u00e7\u0131kartt\u0131. Pazar s\u0131k\u0131nt\u0131s\u0131n\u0131n ya\u015fanmamas\u0131 da yakla\u015f\u0131k 12 milyon liral\u0131k bir kazanca d\u00f6n\u00fc\u015ft\u00fc.<\/p>\n<p>T\u00fcrkiye genelinde en fazla ve kaliteli \u00fcretim S\u0131nd\u0131rg\u0131\u2019da<\/p>\n<p>Daha \u00f6nceleri t\u00fct\u00fcn\u00fcn \u00fcretilen S\u0131nd\u0131rg\u0131 il\u00e7esinde, t\u00fct\u00fcn\u00fcn bitmesi ile alternatif tar\u0131m \u00fcr\u00fcnlerine y\u00f6neldi. K\u0131rsal mahallelerdeki sulama g\u00f6letlerinin yap\u0131lmas\u0131 ile verimli ovalar\u0131n suya kavu\u015fmas\u0131 vatanda\u015flar\u0131 korni\u015fon salatal\u0131k gibi ekonomik getirisi y\u00fcksek \u00fcr\u00fcnlere y\u00f6neltti. \u00d6zellikle y\u00fcksek rak\u0131ml\u0131 mahallelerde yeti\u015fen salatal\u0131k daha lezzetli oldu\u011fu gibi iklim \u015fartlar\u0131ndan dolay\u0131 d\u00f6rt aya yak\u0131n \u00fcretim a\u015famas\u0131n\u0131n devam etmesi ile elde edilen \u00fcr\u00fcn miktar\u0131nda da art\u0131\u015f g\u00f6steriyor. 2018 y\u0131l\u0131nda 580 bin d\u00f6n\u00fcm olarak ekilen korni\u015fon 2019 y\u0131l\u0131nda art\u0131\u015f g\u00f6stererek 650 bin d\u00f6n\u00fcme kadar y\u00fckseldi. K\u00fc\u00e7\u00fck bah\u00e7eler ve evlerin bah\u00e7elerinde yeti\u015ftirilen \u00fcr\u00fcnlerle birlikte ekili alan daha da art\u0131yor. Y\u0131lda ortalama 70 bin ton korni\u015fon \u00fcretimi ger\u00e7ekle\u015ftiriliyor. Y\u00fcksek kaliteli \u00fcr\u00fcn elde eden \u00e7ift\u00e7iler, zamanla ihracata ba\u015flad\u0131. Ge\u00e7en y\u0131l ba\u015fta Rusya, Almanya ve Fransa olmak \u00fczere \u00e7e\u015fitli \u00fclkelere yakla\u015f\u0131k 38 bin ton \u00fcr\u00fcn ihra\u00e7 edildi. Ayn\u0131 zamanda il\u00e7ede bulunan yerel i\u015fletmelerde tur\u015fu halini alan korni\u015fon Korni\u015fon salatal\u0131klar T\u00fcrkiye\u2019nin ve d\u00fcnyan\u0131n d\u00f6rt bir yan\u0131na ula\u015f\u0131yor.<\/p>\n<p>S\u0131nd\u0131rg\u0131 Belediye Ba\u015fkan\u0131 Ekrem Yava\u015f, \u201cY\u0131ll\u0131k 70 bin ton civar\u0131nda \u00fcretim var. Ge\u00e7en y\u0131l il\u00e7emize 12 milyon liral\u0131k bir girdi sa\u011fland\u0131. Bu salatal\u0131klar\u0131n y\u00fczde 70\u2019i ihra\u00e7 ediliyor. Bir k\u0131sm\u0131 il\u00e7edeki tur\u015fu fabrikalar\u0131nda i\u015fleniyor. T\u00fcrkiye\u2019de \u015fu an \u00fcretim kapasitesi olarak birinci durumday\u0131z. T\u00fcrkiye\u2019de en \u00e7ok \u00fcretim \u00d6demi\u015f ve S\u0131nd\u0131rg\u0131\u2019da var. \u00d6zelikle y\u00fcksek rak\u0131ml\u0131 mahallelerimiz Yaylabay\u0131r ve Y\u00fcre\u011fil\u2019de iklimin uygun olu\u015fu sebebiyle toplam 4 ayl\u0131k s\u00fcre\u00e7te korni\u015fon \u00fcretiliyor&#8221; dedi.<\/p>\n<p>Yava\u015f, &#8220;Bizim salatal\u0131k sert oluyor. Tur\u015fu yap\u0131ld\u0131\u011f\u0131nda yumu\u015fam\u0131yor. Lezzeti de g\u00fczel, bundan dolay\u0131 her y\u0131l \u00fcretimde art\u0131\u015f oluyor. \u00dclkeler de bunun i\u00e7in tercih ediyor&#8221; ifadelerini kulland\u0131. Yaylabay\u0131r Muhtar\u0131 Mustafa Eraslan g\u00f6letlerle birlikte korni\u015fon \u00fcretiminin artmas\u0131n\u0131n g\u00f6\u00e7\u00fc de tersine \u00e7evirdi\u011fini belirterek  \u201cYaylabay\u0131r mahallemizde daha \u00f6nceleri t\u00fct\u00fcnc\u00fcl\u00fck yap\u0131lmaktayd\u0131. T\u00fct\u00fcnc\u00fcl\u00fck bittikten sonra mahallemize yap\u0131lan g\u00f6let sayesinde sulu tar\u0131ma ge\u00e7ildi. Bununla beraber korni\u015fon salatal\u0131k, biberiye ve \u00f6zellikle bu b\u00f6lgede mahallemizin y\u00fcksek rak\u0131ml\u0131 olu\u015fu korni\u015fon salatal\u0131k \u00fcretimindeki kalite, sulaman\u0131n d\u00fczg\u00fcn yap\u0131lmas\u0131 b\u00fct\u00fcn bunlara ba\u011fl\u0131 olarak b\u00f6lgede \u00fcretim artt\u0131. \u00dcretilen korni\u015fonun da ekonomik kazanc\u0131n\u0131n y\u00fcksek olmas\u0131ndan dolay\u0131 d\u0131\u015far\u0131ya g\u00f6\u00e7 eden vatanda\u015flar\u0131m\u0131z teker teker geri d\u00f6nmeye ba\u015flad\u0131\u201c \u015feklinde konu\u015ftu.<\/p>\n","protected":false},"excerpt":{"rendered":"<p>BALIKES\u0130R&#8217;\u0130N SINDIRGI \u0130L\u00c7ES\u0130NDE, TUR\u015eULUK SALATALIK OLARAK B\u0130L\u0130NEN VE \u00d6ZEL\u0130KLE G\u00d6LETLER\u0130N YAPIMIYLA REKOLTES\u0130NDE \u00d6NEML\u0130 ARTI\u015e SA\u011eLANAN KORN\u0130\u015eON, \u00dcRET\u0130C\u0130S\u0130N\u0130 BU YILDA SEV\u0130ND\u0130R\u0130YOR<\/p>\n","protected":false},"author":1,"featured_media":193987,"comment_status":"closed","ping_status":"open","sticky":false,"template":"","format":"standard","meta":{"jetpack_post_was_ever_published":false,"_jetpack_newsletter_access":"","_jetpack_dont_email_post_to_subs":false,"_jetpack_newsletter_tier_id":0,"_jetpack_memberships_contains_paywalled_content":false,"_jetpack_memberships_contains_paid_content":false,"footnotes":"","jetpack_publicize_message":"","jetpack_publicize_feature_enabled":true,"jetpack_social_post_already_shared":true,"jetpack_social_options":{"image_generator_settings":{"template":"highway","default_image_id":0,"font":"","enabled":false},"version":2}},"categories":[1],"tags":[6576,32057,48611,2358,48613,48612],"class_list":["post-193986","post","type-post","status-publish","format-standard","has-post-thumbnail","hentry","category-genel","tag-artis","tag-ciftciyi","tag-kornison","tag-sevindirdi","tag-sindirgili","tag-uretimindeki"],"jetpack_publicize_connections":[],"jetpack_featured_media_url":"https:\/\/i0.wp.com\/www.tvturk.com\/wp-content\/uploads\/2019\/08\/kornison-uretimindeki-artis-sindirgili-ciftciyi-sevindirdi_990265c.jpg?fit=1000%2C562","jetpack_sharing_enabled":true,"jetpack_shortlink":"https:\/\/wp.me\/paKIfm-OsO","_links":{"self":[{"href":"http:\/\/www.tvturk.com\/index.php\/wp-json\/wp\/v2\/posts\/193986","targetHints":{"allow":["GET"]}}],"collection":[{"href":"http:\/\/www.tvturk.com\/index.php\/wp-json\/wp\/v2\/posts"}],"about":[{"href":"http:\/\/www.tvturk.com\/index.php\/wp-json\/wp\/v2\/types\/post"}],"author":[{"embeddable":true,"href":"http:\/\/www.tvturk.com\/index.php\/wp-json\/wp\/v2\/users\/1"}],"replies":[{"embeddable":true,"href":"http:\/\/www.tvturk.com\/index.php\/wp-json\/wp\/v2\/comments?post=193986"}],"version-history":[{"count":0,"href":"http:\/\/www.tvturk.com\/index.php\/wp-json\/wp\/v2\/posts\/193986\/revisions"}],"wp:featuredmedia":[{"embeddable":true,"href":"http:\/\/www.tvturk.com\/index.php\/wp-json\/wp\/v2\/media\/193987"}],"wp:attachment":[{"href":"http:\/\/www.tvturk.com\/index.php\/wp-json\/wp\/v2\/media?parent=193986"}],"wp:term":[{"taxonomy":"category","embeddable":true,"href":"http:\/\/www.tvturk.com\/index.php\/wp-json\/wp\/v2\/categories?post=193986"},{"taxonomy":"post_tag","embeddable":true,"href":"http:\/\/www.tvturk.com\/index.php\/wp-json\/wp\/v2\/tags?post=193986"}],"curies":[{"name":"wp","href":"https:\/\/api.w.org\/{rel}","templated":true}]}}