{"id":194030,"date":"2019-08-21T09:31:18","date_gmt":"2019-08-21T06:31:18","guid":{"rendered":"http:\/\/www.tvturk.com\/index.php\/trump-danimarka-ziyaretini-erteledi\/"},"modified":"2019-08-21T09:31:18","modified_gmt":"2019-08-21T06:31:18","slug":"trump-danimarka-ziyaretini-erteledi","status":"publish","type":"post","link":"http:\/\/www.tvturk.com\/index.php\/trump-danimarka-ziyaretini-erteledi\/","title":{"rendered":"Trump, Danimarka ziyaretini erteledi"},"content":{"rendered":"<p>ABD Ba\u015fkan\u0131 Donald Trump, Danimarka Ba\u015fbakan\u0131 Mette Frederiksen\u2019in ABD\u2019nin Gr\u00f6nland\u2019\u0131 sat\u0131n alma fikrini \u201cabs\u00fcrt\u201d olarak nitelendirmesinin ard\u0131ndan Danimarka ziyaretini erteledi\u011fini a\u00e7\u0131klad\u0131.<\/p>\n<p>ABD Ba\u015fkan\u0131 Donald Trump, Gr\u00f6nland\u2019\u0131 sat\u0131n alma fikrine Danimarka Ba\u015fbakan\u0131 Mette Frederiksen\u2019in tepki g\u00f6stermesinin ard\u0131ndan \u00fclkeye yapaca\u011f\u0131 ziyareti iptal etti\u011fini duyurdu. Trump sosyal medya hesab\u0131ndan yapt\u0131\u011f\u0131 a\u00e7\u0131klamada, \u201cDanimarka, inan\u0131lmaz halk\u0131yla \u00e7ok \u00f6zel bir \u00fclke. Ancak Ba\u015fbakan Mette Frederiksen\u2019in Gr\u00f6nland\u2019\u0131n sat\u0131\u015f\u0131n\u0131 tart\u0131\u015fmakla ilgilenmeyece\u011fi yorumuna dayanarak, iki hafta i\u00e7inde yap\u0131lmas\u0131 planlanan toplant\u0131m\u0131z\u0131 ba\u015fka bir zamana erteliyorum\u201d dedi. Danimarka ba\u015fbakan\u0131n\u0131n bu yorumunun hem de ABD ve Danimarka i\u00e7in b\u00fcy\u00fck miktarda harcama ve emek tasarrufu sa\u011flad\u0131\u011f\u0131n\u0131 belirten Trump, \u201cBunun i\u00e7in ona te\u015fekk\u00fcr ediyorum ve gelecekte toplant\u0131m\u0131z\u0131 yeniden planlamay\u0131 d\u00f6rt g\u00f6zle bekliyorum\u201d ifadelerini kulland\u0131.<\/p>\n<p>Trump\u2019\u0131n Danimarka\u2019y\u0131 ziyaret edece\u011fi ve \u00fclkenin Ba\u015fbakan\u0131 Mette Frederiksen ile Ba\u015fkent Kopenhag\u2019da bir araya gelecekleri daha \u00f6nce Beyaz Saray taraf\u0131ndan duyurulmu\u015ftu.<\/p>\n<p>ABD medyas\u0131, Trump Danimarka\u2019ya ba\u011fl\u0131 \u00f6zerk stat\u00fcdeki Gr\u00f6nland\u2019\u0131 sat\u0131n alma niyetinin oldu\u011funu iddia etmi\u015fti. Danimarka Ba\u015fbakan\u0131 Mette Frederiksen, Trump\u2019\u0131n Gr\u00f6nland\u2019\u0131 sat\u0131n alma fikrine tepki g\u00f6stererek &#8220;abs\u00fcrt&#8221; olarak nitelendirmi\u015fti.<\/p>\n","protected":false},"excerpt":{"rendered":"<p>ABD BA\u015eKANI DONALD TRUMP, DAN\u0130MARKA BA\u015eBAKANI METTE FREDER\u0130KSEN&#8217;\u0130N ABD\u2019N\u0130N GR\u00d6NLAND\u2019I SATIN ALMA F\u0130KR\u0130N\u0130 \u201cABS\u00dcRT\u201d OLARAK N\u0130TELEND\u0130RMES\u0130N\u0130N ARDINDAN DAN\u0130MARKA Z\u0130YARET\u0130N\u0130 ERTELED\u0130\u011e\u0130N\u0130 A\u00c7IKLADI.<\/p>\n","protected":false},"author":1,"featured_media":194031,"comment_status":"closed","ping_status":"open","sticky":false,"template":"","format":"standard","meta":{"jetpack_post_was_ever_published":false,"_jetpack_newsletter_access":"","_jetpack_dont_email_post_to_subs":false,"_jetpack_newsletter_tier_id":0,"_jetpack_memberships_contains_paywalled_content":false,"_jetpack_memberships_contains_paid_content":false,"footnotes":"","jetpack_publicize_message":"","jetpack_publicize_feature_enabled":true,"jetpack_social_post_already_shared":true,"jetpack_social_options":{"image_generator_settings":{"template":"highway","default_image_id":0,"font":"","enabled":false},"version":2}},"categories":[10],"tags":[10702,37627,12068,29134],"class_list":["post-194030","post","type-post","status-publish","format-standard","has-post-thumbnail","hentry","category-dunya","tag-danimarka","tag-erteledi","tag-trump","tag-ziyaretini"],"jetpack_publicize_connections":[],"jetpack_featured_media_url":"https:\/\/i0.wp.com\/www.tvturk.com\/wp-content\/uploads\/2019\/08\/trump-danimarka-ziyaretini-erteledi_974ed59.jpg?fit=1000%2C666","jetpack_sharing_enabled":true,"jetpack_shortlink":"https:\/\/wp.me\/paKIfm-Otw","_links":{"self":[{"href":"http:\/\/www.tvturk.com\/index.php\/wp-json\/wp\/v2\/posts\/194030","targetHints":{"allow":["GET"]}}],"collection":[{"href":"http:\/\/www.tvturk.com\/index.php\/wp-json\/wp\/v2\/posts"}],"about":[{"href":"http:\/\/www.tvturk.com\/index.php\/wp-json\/wp\/v2\/types\/post"}],"author":[{"embeddable":true,"href":"http:\/\/www.tvturk.com\/index.php\/wp-json\/wp\/v2\/users\/1"}],"replies":[{"embeddable":true,"href":"http:\/\/www.tvturk.com\/index.php\/wp-json\/wp\/v2\/comments?post=194030"}],"version-history":[{"count":0,"href":"http:\/\/www.tvturk.com\/index.php\/wp-json\/wp\/v2\/posts\/194030\/revisions"}],"wp:featuredmedia":[{"embeddable":true,"href":"http:\/\/www.tvturk.com\/index.php\/wp-json\/wp\/v2\/media\/194031"}],"wp:attachment":[{"href":"http:\/\/www.tvturk.com\/index.php\/wp-json\/wp\/v2\/media?parent=194030"}],"wp:term":[{"taxonomy":"category","embeddable":true,"href":"http:\/\/www.tvturk.com\/index.php\/wp-json\/wp\/v2\/categories?post=194030"},{"taxonomy":"post_tag","embeddable":true,"href":"http:\/\/www.tvturk.com\/index.php\/wp-json\/wp\/v2\/tags?post=194030"}],"curies":[{"name":"wp","href":"https:\/\/api.w.org\/{rel}","templated":true}]}}