{"id":194076,"date":"2019-08-21T10:46:08","date_gmt":"2019-08-21T07:46:08","guid":{"rendered":"http:\/\/www.tvturk.com\/index.php\/mercedes-araclara-konum-sensoru-yerlestirdigini-itiraf-etti\/"},"modified":"2019-08-21T10:46:08","modified_gmt":"2019-08-21T07:46:08","slug":"mercedes-araclara-konum-sensoru-yerlestirdigini-itiraf-etti","status":"publish","type":"post","link":"http:\/\/www.tvturk.com\/index.php\/mercedes-araclara-konum-sensoru-yerlestirdigini-itiraf-etti\/","title":{"rendered":"Mercedes, ara\u00e7lara konum sens\u00f6r\u00fc yerle\u015ftirdi\u011fini itiraf etti"},"content":{"rendered":"<p>Alman otomotiv devi Mercedes, ara\u00e7lara konumlar\u0131n\u0131n tespit edilmesi i\u00e7in gizli sens\u00f6r yerle\u015ftirildi\u011fini kabul etti.<\/p>\n<p>\u0130ngiliz medyas\u0131, Alman otomotiv firmas\u0131 Mercedes\u2019in yeni ve ikinci el ara\u00e7lara konum sens\u00f6r\u00fc yerle\u015ftirildi\u011fi iddias\u0131n\u0131 ortaya atarak \u0130ngiltere\u2019de ge\u00e7ti\u011fimiz y\u0131l 170 bin sens\u00f6rl\u00fc arac\u0131n sat\u0131ld\u0131\u011f\u0131n\u0131 \u00f6ne s\u00fcrm\u00fc\u015ft\u00fc. Otomotiv firmas\u0131 iddialar\u0131n ard\u0131ndan ara\u00e7lara gizli sens\u00f6r yerle\u015ftirildi\u011fini kabul etti. Firma, ara\u00e7lardaki sens\u00f6rlerin m\u00fc\u015fterilerin bayilere \u00f6demelerini yapmamas\u0131 gibi yaln\u0131zca istisnai durumlarda aktive edildi\u011fini \u00f6ne s\u00fcrd\u00fc.<\/p>\n<p>Ara\u00e7 kiralama pazar\u0131nda lider olan Mercedes, ara\u00e7lar\u0131n\u0131n yakla\u015f\u0131k y\u00fczde 80\u2019inini \u00f6deme planlar\u0131 olu\u015fturarak sat\u0131yor. Avrupa Birli\u011fi (AB) veri koruma yasalar\u0131na g\u00f6re, bir arac\u0131 s\u00fcr\u00fcc\u00fcs\u00fcn\u00fcn bilgisi olmadan izlemek yasak. Ancak \u0130ngiliz medyas\u0131ndaki habere g\u00f6re, otomobilleri sat\u0131n alan m\u00fc\u015fterilerin imzalad\u0131klar\u0131 sayfalarca s\u00f6zle\u015fmede konum sens\u00f6rlerinin aktivasyonuyla ilgili madde de yer al\u0131yor.<\/p>\n<p>\u00d6te yandan, BMW, Jaguar Land Rover ve Volkswagen dahil olmak \u00fczere b\u00fcy\u00fck otomobil \u00fcreticileri ara\u00e7lara bu t\u00fcr bir takip sens\u00f6r\u00fc yerle\u015ftirmediklerini a\u00e7\u0131klad\u0131.<\/p>\n","protected":false},"excerpt":{"rendered":"<p>ALMAN OTOMOT\u0130V DEV\u0130 MERCEDES, ARA\u00c7LARA KONUMLARININ TESP\u0130T ED\u0130LMES\u0130 \u0130\u00c7\u0130N G\u0130ZL\u0130 SENS\u00d6R YERLE\u015eT\u0130R\u0130LD\u0130\u011e\u0130N\u0130 KABUL ETT\u0130.<\/p>\n","protected":false},"author":1,"featured_media":194077,"comment_status":"closed","ping_status":"open","sticky":false,"template":"","format":"standard","meta":{"jetpack_post_was_ever_published":false,"_jetpack_newsletter_access":"","_jetpack_dont_email_post_to_subs":false,"_jetpack_newsletter_tier_id":0,"_jetpack_memberships_contains_paywalled_content":false,"_jetpack_memberships_contains_paid_content":false,"footnotes":"","jetpack_publicize_message":"","jetpack_publicize_feature_enabled":true,"jetpack_social_post_already_shared":true,"jetpack_social_options":{"image_generator_settings":{"template":"highway","default_image_id":0,"font":"","enabled":false},"version":2}},"categories":[10],"tags":[12273,207,13672,48640,43011,48641,48642],"class_list":["post-194076","post","type-post","status-publish","format-standard","has-post-thumbnail","hentry","category-dunya","tag-araclara","tag-etti","tag-itiraf","tag-konum","tag-mercedes","tag-sensoru","tag-yerlestirdigini"],"jetpack_publicize_connections":[],"jetpack_featured_media_url":"https:\/\/i0.wp.com\/www.tvturk.com\/wp-content\/uploads\/2019\/08\/mercedes-araclara-konum-sensoru-yerlestirdigini-itiraf-etti_78e27f5.jpg?fit=1000%2C567","jetpack_sharing_enabled":true,"jetpack_shortlink":"https:\/\/wp.me\/paKIfm-Oug","_links":{"self":[{"href":"http:\/\/www.tvturk.com\/index.php\/wp-json\/wp\/v2\/posts\/194076","targetHints":{"allow":["GET"]}}],"collection":[{"href":"http:\/\/www.tvturk.com\/index.php\/wp-json\/wp\/v2\/posts"}],"about":[{"href":"http:\/\/www.tvturk.com\/index.php\/wp-json\/wp\/v2\/types\/post"}],"author":[{"embeddable":true,"href":"http:\/\/www.tvturk.com\/index.php\/wp-json\/wp\/v2\/users\/1"}],"replies":[{"embeddable":true,"href":"http:\/\/www.tvturk.com\/index.php\/wp-json\/wp\/v2\/comments?post=194076"}],"version-history":[{"count":0,"href":"http:\/\/www.tvturk.com\/index.php\/wp-json\/wp\/v2\/posts\/194076\/revisions"}],"wp:featuredmedia":[{"embeddable":true,"href":"http:\/\/www.tvturk.com\/index.php\/wp-json\/wp\/v2\/media\/194077"}],"wp:attachment":[{"href":"http:\/\/www.tvturk.com\/index.php\/wp-json\/wp\/v2\/media?parent=194076"}],"wp:term":[{"taxonomy":"category","embeddable":true,"href":"http:\/\/www.tvturk.com\/index.php\/wp-json\/wp\/v2\/categories?post=194076"},{"taxonomy":"post_tag","embeddable":true,"href":"http:\/\/www.tvturk.com\/index.php\/wp-json\/wp\/v2\/tags?post=194076"}],"curies":[{"name":"wp","href":"https:\/\/api.w.org\/{rel}","templated":true}]}}