{"id":194084,"date":"2019-08-21T10:46:41","date_gmt":"2019-08-21T07:46:41","guid":{"rendered":"http:\/\/www.tvturk.com\/index.php\/suriyedeki-savastan-kacan-engelli-kiza-yardim-eli-didimden-uzandi\/"},"modified":"2019-08-21T10:46:41","modified_gmt":"2019-08-21T07:46:41","slug":"suriyedeki-savastan-kacan-engelli-kiza-yardim-eli-didimden-uzandi","status":"publish","type":"post","link":"http:\/\/www.tvturk.com\/index.php\/suriyedeki-savastan-kacan-engelli-kiza-yardim-eli-didimden-uzandi\/","title":{"rendered":"Suriye\u2019deki sava\u015ftan ka\u00e7an engelli k\u0131za yard\u0131m eli Didim\u2019den uzand\u0131"},"content":{"rendered":"<p>Suriye\u2019deki i\u00e7 sava\u015ftan ka\u00e7arak ailesiyle birlikte T\u00fcrkiye\u2019ye gelen ve 5 y\u0131l \u00f6nce Ayd\u0131n\u2019\u0131n Didim il\u00e7esine yerle\u015fen 15 ya\u015f\u0131ndaki Serebral palsi hastas\u0131 Amine Mahmud\u2019un yeniden y\u00fcr\u00fcmesine umut do\u011fdu. Didim\u2019de ya\u015fayan Erzincanl\u0131lar ile hay\u0131rsever vatanda\u015flar\u0131n katk\u0131lar\u0131yla Amine\u2019nin tedavisine ba\u015fland\u0131.<\/p>\n<p>Suriye\u2019deki i\u00e7 sava\u015ftan ka\u00e7arak T\u00fcrkiye\u2019ye s\u0131\u011f\u0131nan ve 5 y\u0131l \u00f6nce Didim\u2019e ba\u011fl\u0131 Hisar Mahallesi\u2019ne yerle\u015fen Suriyeli Mahmud ailesinin 6 \u00e7ocu\u011fundan biri olan Serebral palsi hastas\u0131 Amine Mahmud\u2019a Didim\u2019de sahip \u00e7\u0131k\u0131ld\u0131.<\/p>\n<p>Do\u011fum sonras\u0131 ge\u00e7irdi\u011fi bir rahats\u0131zl\u0131k sonucu belden a\u015fa\u011f\u0131 ayaklar\u0131 tutmayan Amine Mahmud\u2019un durumu \u00f6\u011frenen hay\u0131rsever Ahmet K\u0131z\u0131lkaya, Amine\u2019nin hayat\u0131n\u0131 bir anda de\u011fi\u015ftirdi. Hay\u0131rsever vatanda\u015f, Amine\u2019yi Ayd\u0131n\u2019da \u00f6zel bir hastanede kendi imkanlar\u0131yla ameliyat ettirerek, Amine\u2019nin ayaklar\u0131n\u0131n ilk kez hareket etmesine vesile oldu. Hay\u0131rseverin yard\u0131mlar\u0131yla Amine\u2019nin devam eden tedavisini \u00f6\u011frenen Didim Erzincanl\u0131lar Dayan\u0131\u015fma Derne\u011fi Ba\u015fkan\u0131 \u015eevket Karako\u00e7 ve Didim\u2019de esnafl\u0131k yapan hay\u0131rsever Zeynep Duman, Amine\u2019nin sa\u011fl\u0131k durumuna el att\u0131. Didim Devlet Hastanesi Ba\u015fhekimi Veysel K\u0131l\u0131\u00e7 ile g\u00f6r\u00fc\u015fen Dernek Ba\u015fkan\u0131 Karako\u00e7, daha sonra \u0130l\u00e7e Kaymakam\u0131 Mehmet T\u00fcrk\u00f6z\u2019e de bilgiler verip, Amine\u2019nin tedavisinin Didim\u2019de s\u00fcrmesi noktas\u0131nda \u00e7al\u0131\u015fmalar ba\u015flatt\u0131. Amine\u2019nin k\u0131sa s\u00fcrede hastaneye yat\u0131\u015f\u0131 sa\u011flanarak tedavisine ba\u015fland\u0131.<\/p>\n<p>Amine\u2019nin annesi Sultan Mahmud (47) k\u0131z\u0131n\u0131n do\u011fu\u015ftan rahats\u0131zl\u0131\u011f\u0131 oldu\u011funu belirterek \u201cSuriye\u2019deki sava\u015ftan ka\u00e7arak T\u00fcrkiye\u2019ye geldik. Daha sonra Didim\u2019e yerle\u015ftik. Amine 15 y\u0131ld\u0131r yatalak. Bizim durumumuzu \u00f6\u011frenen hay\u0131rsever Ahmet K\u0131z\u0131lkaya k\u0131z\u0131m\u0131 ameliyat ettirdi. Ard\u0131ndan \u015eevket Karako\u00e7 ve arkada\u015flar\u0131 bizimle ilgilendi ve k\u0131z\u0131m\u0131n tedavisine ba\u015fland\u0131. Herkese \u00e7ok te\u015fekk\u00fcr ediyorum\u201d dedi.<\/p>\n<p>Okula gitmeyi \u00e7ok istedi\u011fini belirten 15 ya\u015f\u0131ndaki Amine Mahmud ise, \u201c15 y\u0131ld\u0131r y\u00fcr\u00fcyemiyordum. Ahmet bey sa\u011f olsun ameliyat ettirdi beni; sonra \u015eevket amca kar\u015f\u0131m\u0131z\u0131 \u00e7\u0131kt\u0131. Sonra hastaneye geldik. Doktorlar yard\u0131m etti. Y\u00fcr\u00fcmek \u00e7ok istiyorum. Okula gitmek istiyorum\u201d diyerek duygular\u0131n\u0131 dile getirdi.<\/p>\n<p>Didim Devlet Hastanesi Palyatif bak\u0131m merkezi sorumlusu Dr. Canan Turna ise \u201cHastam\u0131z 15 ya\u015f\u0131nda; Serebral palsi hastal\u0131\u011f\u0131 nedeniyle yata\u011fa ba\u011f\u0131ml\u0131 bir hasta. Hastam\u0131za destek tedavisi verilmesi amac\u0131yla Palyatif servisimize kabul ettik. Destek tedavileri, fizik tedavi ile di\u011fer tedavilerini hastam\u0131zla beraber y\u00fcr\u00fct\u00fcyoruz.\u201ddedi. Didim Devlet Hastanesi fizik tedavi uzman\u0131 Suat Aslan ise \u201cAmine k\u0131z\u0131m\u0131z \u00e7ok tatl\u0131 ger\u00e7ekten y\u00fcr\u00fcmeyi \u00e7ok istiyor. Biz de kendisine yard\u0131mc\u0131 olmaya \u00e7al\u0131\u015f\u0131yoruz. Yatakta denge, oturmada denge gibi y\u00fcr\u00fcme egzersizlerine y\u00f6nelik \u00e7al\u0131\u015fmalar yap\u0131yoruz. \u0130lerisinin ne g\u00f6sterece\u011fini bilmiyoruz. Umar\u0131m en k\u0131sa s\u00fcrede y\u00fcr\u00fcr ve hayallerine kavu\u015fur\u201d dedi.<\/p>\n<p>Didim Erzincanl\u0131lar Dayan\u0131\u015fma Derne\u011fi Ba\u015fkan\u0131 \u015eevket Karako\u00e7 ise \u201cDerne\u011fimize Amine\u2019nin rahats\u0131zl\u0131\u011f\u0131yla ilgili olarak arkada\u015f\u0131m\u0131z Zeynep Duman taraf\u0131ndan bilgileri geldi. Biz de hemen ailesiyle ileti\u015fime ge\u00e7erek rahats\u0131zl\u0131\u011f\u0131yla ilgili bilgiler ald\u0131k. Kendi i\u00e7imizde bunu de\u011ferlendirip s\u00fcre\u00e7 hakk\u0131nda da bilgiler ald\u0131k. Amine, daha \u00f6nce Ahmet K\u0131z\u0131lkaya adl\u0131 hem\u015fehrimiz taraf\u0131ndan ameliyat\u0131 yapt\u0131r\u0131l\u0131yor. Amine\u2019nin k\u00fc\u00e7\u00fckken ge\u00e7irdi\u011fi rahats\u0131zl\u0131k sonucu belden a\u015fa\u011f\u0131s\u0131 oynamad\u0131\u011f\u0131ndan ameliyat\u0131n ard\u0131ndan Amine\u2019nin ayaklar\u0131 oynamaya ba\u015fl\u0131yor. Amine i\u00e7in biz hastaneye ba\u015fvurduk ve hastaneye yat\u0131rd\u0131lar. Amine\u2019nin fizik tedavisi ve di\u011fer tedavileri devam etmektedir\u201d dedi.<\/p>\n<p>Karako\u00e7 ayr\u0131ca bu konuda kendilerine yard\u0131mc\u0131 olan Didim Kaymakam\u0131 Mehmet T\u00fcrk\u00f6z\u2019e, Hastane Ba\u015fhekimi Dr. Veysel K\u0131l\u0131\u00e7 ve hastane y\u00f6netimi ile doktor Serkan \u015eim\u015fek\u2019e te\u015fekk\u00fcr etti.<\/p>\n","protected":false},"excerpt":{"rendered":"<p>SUR\u0130YE\u2019DEK\u0130 SAVA\u015eTAN KA\u00c7AN ENGELL\u0130 KIZA YARDIM EL\u0130 D\u0130D\u0130M\u2019DEN UZANDI<\/p>\n","protected":false},"author":1,"featured_media":194085,"comment_status":"closed","ping_status":"open","sticky":false,"template":"","format":"standard","meta":{"jetpack_post_was_ever_published":false,"_jetpack_newsletter_access":"","_jetpack_dont_email_post_to_subs":false,"_jetpack_newsletter_tier_id":0,"_jetpack_memberships_contains_paywalled_content":false,"_jetpack_memberships_contains_paid_content":false,"footnotes":"","jetpack_publicize_message":"","jetpack_publicize_feature_enabled":true,"jetpack_social_post_already_shared":true,"jetpack_social_options":{"image_generator_settings":{"template":"highway","default_image_id":0,"font":"","enabled":false},"version":2}},"categories":[1],"tags":[48644,4118,1784,5430,13673,26176,9830,25276,1736],"class_list":["post-194084","post","type-post","status-publish","format-standard","has-post-thumbnail","hentry","category-genel","tag-didimden","tag-eli","tag-engelli","tag-kacan","tag-kiza","tag-savastan","tag-suriyedeki","tag-uzandi","tag-yardim"],"jetpack_publicize_connections":[],"jetpack_featured_media_url":"https:\/\/i0.wp.com\/www.tvturk.com\/wp-content\/uploads\/2019\/08\/suriyedeki-savastan-kacan-engelli-kiza-yardim-eli-didimden-uzandi_6412b11.jpg?fit=1000%2C662","jetpack_sharing_enabled":true,"jetpack_shortlink":"https:\/\/wp.me\/paKIfm-Ouo","_links":{"self":[{"href":"http:\/\/www.tvturk.com\/index.php\/wp-json\/wp\/v2\/posts\/194084","targetHints":{"allow":["GET"]}}],"collection":[{"href":"http:\/\/www.tvturk.com\/index.php\/wp-json\/wp\/v2\/posts"}],"about":[{"href":"http:\/\/www.tvturk.com\/index.php\/wp-json\/wp\/v2\/types\/post"}],"author":[{"embeddable":true,"href":"http:\/\/www.tvturk.com\/index.php\/wp-json\/wp\/v2\/users\/1"}],"replies":[{"embeddable":true,"href":"http:\/\/www.tvturk.com\/index.php\/wp-json\/wp\/v2\/comments?post=194084"}],"version-history":[{"count":0,"href":"http:\/\/www.tvturk.com\/index.php\/wp-json\/wp\/v2\/posts\/194084\/revisions"}],"wp:featuredmedia":[{"embeddable":true,"href":"http:\/\/www.tvturk.com\/index.php\/wp-json\/wp\/v2\/media\/194085"}],"wp:attachment":[{"href":"http:\/\/www.tvturk.com\/index.php\/wp-json\/wp\/v2\/media?parent=194084"}],"wp:term":[{"taxonomy":"category","embeddable":true,"href":"http:\/\/www.tvturk.com\/index.php\/wp-json\/wp\/v2\/categories?post=194084"},{"taxonomy":"post_tag","embeddable":true,"href":"http:\/\/www.tvturk.com\/index.php\/wp-json\/wp\/v2\/tags?post=194084"}],"curies":[{"name":"wp","href":"https:\/\/api.w.org\/{rel}","templated":true}]}}