{"id":194100,"date":"2019-08-21T11:01:54","date_gmt":"2019-08-21T08:01:54","guid":{"rendered":"http:\/\/www.tvturk.com\/index.php\/nehrin-kiyisinda-mahsur-kalan-aile-itfaiye-ekiplerince-kurtarildi\/"},"modified":"2019-08-21T11:01:54","modified_gmt":"2019-08-21T08:01:54","slug":"nehrin-kiyisinda-mahsur-kalan-aile-itfaiye-ekiplerince-kurtarildi","status":"publish","type":"post","link":"http:\/\/www.tvturk.com\/index.php\/nehrin-kiyisinda-mahsur-kalan-aile-itfaiye-ekiplerince-kurtarildi\/","title":{"rendered":"Nehrin k\u0131y\u0131s\u0131nda mahsur kalan aile itfaiye ekiplerince kurtar\u0131ld\u0131"},"content":{"rendered":"<p>Mersin\u2019in Tarsus il\u00e7esinde su seviyesi y\u00fckselen nehrin k\u0131y\u0131s\u0131nda  mahsur kalan 5 ki\u015filik aile, itfaiye ekiplerince kurtar\u0131ld\u0131.<\/p>\n<p>Edinilen bilgiye g\u00f6re, 5 ki\u015filik ailesiyle birlikte Ke\u015fb\u00fck\u00fc Mahallesi\u2019ndeki ormanl\u0131k  b\u00f6lgeye pikni\u011fe giden Hamdi S\u00fcver, ak\u015fam saatlerinde itfaiye ekiplerini arayarak,  Ke\u015fb\u00fck\u00fc \u0131rma\u011f\u0131n\u0131n su seviyesinin y\u00fckselmesi sonucu bulunduklar\u0131 b\u00f6lgede  mahsur kald\u0131klar\u0131n\u0131 bildirdi.<\/p>\n<p>\u0130hbar \u00fczerine b\u00f6lgeye giden Mersin B\u00fcy\u00fck\u015fehir Belediyesi\u2019ne ba\u011fl\u0131 itfaiye  ekipleri, mahsur kalan \u015fah\u0131slar\u0131 halat yard\u0131m\u0131 ile bulunduklar\u0131 b\u00f6lgeden \u00e7\u0131kararak  kurtard\u0131.<\/p>\n","protected":false},"excerpt":{"rendered":"<p>MERS\u0130N&#8217;\u0130N TARSUS \u0130L\u00c7ES\u0130NDE SU SEV\u0130YES\u0130 Y\u00dcKSELEN NEHR\u0130N KIYISINDA  MAHSUR KALAN 5 K\u0130\u015e\u0130L\u0130K A\u0130LE, \u0130TFA\u0130YE EK\u0130PLER\u0130NCE KURTARILDI.<\/p>\n","protected":false},"author":1,"featured_media":194101,"comment_status":"closed","ping_status":"open","sticky":false,"template":"","format":"standard","meta":{"jetpack_post_was_ever_published":false,"_jetpack_newsletter_access":"","_jetpack_dont_email_post_to_subs":false,"_jetpack_newsletter_tier_id":0,"_jetpack_memberships_contains_paywalled_content":false,"_jetpack_memberships_contains_paid_content":false,"footnotes":"","jetpack_publicize_message":"","jetpack_publicize_feature_enabled":true,"jetpack_social_post_already_shared":true,"jetpack_social_options":{"image_generator_settings":{"template":"highway","default_image_id":0,"font":"","enabled":false},"version":2}},"categories":[1],"tags":[3014,4368,764,1274,42445,766,2381,29903],"class_list":["post-194100","post","type-post","status-publish","format-standard","has-post-thumbnail","hentry","category-genel","tag-aile","tag-ekiplerince","tag-itfaiye","tag-kalan","tag-kiyisinda","tag-kurtarildi","tag-mahsur","tag-nehrin"],"jetpack_publicize_connections":[],"jetpack_featured_media_url":"https:\/\/i0.wp.com\/www.tvturk.com\/wp-content\/uploads\/2019\/08\/nehrin-kiyisinda-mahsur-kalan-aile-itfaiye-ekiplerince-kurtarildi_31121c2.jpg?fit=1000%2C562","jetpack_sharing_enabled":true,"jetpack_shortlink":"https:\/\/wp.me\/paKIfm-OuE","_links":{"self":[{"href":"http:\/\/www.tvturk.com\/index.php\/wp-json\/wp\/v2\/posts\/194100","targetHints":{"allow":["GET"]}}],"collection":[{"href":"http:\/\/www.tvturk.com\/index.php\/wp-json\/wp\/v2\/posts"}],"about":[{"href":"http:\/\/www.tvturk.com\/index.php\/wp-json\/wp\/v2\/types\/post"}],"author":[{"embeddable":true,"href":"http:\/\/www.tvturk.com\/index.php\/wp-json\/wp\/v2\/users\/1"}],"replies":[{"embeddable":true,"href":"http:\/\/www.tvturk.com\/index.php\/wp-json\/wp\/v2\/comments?post=194100"}],"version-history":[{"count":0,"href":"http:\/\/www.tvturk.com\/index.php\/wp-json\/wp\/v2\/posts\/194100\/revisions"}],"wp:featuredmedia":[{"embeddable":true,"href":"http:\/\/www.tvturk.com\/index.php\/wp-json\/wp\/v2\/media\/194101"}],"wp:attachment":[{"href":"http:\/\/www.tvturk.com\/index.php\/wp-json\/wp\/v2\/media?parent=194100"}],"wp:term":[{"taxonomy":"category","embeddable":true,"href":"http:\/\/www.tvturk.com\/index.php\/wp-json\/wp\/v2\/categories?post=194100"},{"taxonomy":"post_tag","embeddable":true,"href":"http:\/\/www.tvturk.com\/index.php\/wp-json\/wp\/v2\/tags?post=194100"}],"curies":[{"name":"wp","href":"https:\/\/api.w.org\/{rel}","templated":true}]}}