{"id":194112,"date":"2019-08-21T11:17:04","date_gmt":"2019-08-21T08:17:04","guid":{"rendered":"http:\/\/www.tvturk.com\/index.php\/amator-spor-kuluplerine-osmangazi-destegi\/"},"modified":"2019-08-21T11:17:04","modified_gmt":"2019-08-21T08:17:04","slug":"amator-spor-kuluplerine-osmangazi-destegi","status":"publish","type":"post","link":"http:\/\/www.tvturk.com\/index.php\/amator-spor-kuluplerine-osmangazi-destegi\/","title":{"rendered":"Amat\u00f6r spor kul\u00fcplerine Osmangazi deste\u011fi"},"content":{"rendered":"<p>Osmangazi Belediye Ba\u015fkan\u0131 Mustafa D\u00fcndar, il\u00e7edeki amat\u00f6r spor kul\u00fcplerinin \u00e7al\u0131\u015fma \u015fartlar\u0131n\u0131 iyile\u015ftirerek gelece\u011fin sporcular\u0131n\u0131n yeti\u015ftirilmesine katk\u0131 sa\u011flad\u0131klar\u0131n\u0131 s\u00f6yledi.<\/p>\n<p>Ba\u015fkan D\u00fcndar, Osmangazi\u2019de faaliyet g\u00f6steren amat\u00f6r spor kul\u00fcplerinin y\u00f6netici, teknik kadro ve sporcular\u0131n\u0131 a\u011f\u0131rlad\u0131. Osmangazi Kul\u00fcpler Birli\u011fi\u2019nin \u00f6nc\u00fcl\u00fc\u011f\u00fcnde So\u011fanl\u0131 K\u00fclt\u00fcr Merkezi\u2019nde bir araya gelen kul\u00fcp temsilcileri, ge\u00e7ti\u011fimiz y\u0131l kazand\u0131klar\u0131 kupalar\u0131 da yanlar\u0131nda getirerek sevin\u00e7lerini Ba\u015fkan D\u00fcndar ile payla\u015ft\u0131. Kul\u00fcp y\u00f6neticilerini ve sporcular\u0131 tek tek tebrik eden D\u00fcndar, harcanan emeklerin neticesinde elde edilen ba\u015far\u0131lar\u0131n gurur verici oldu\u011funu belirtti.<\/p>\n<p>Osmangazi olarak b\u00fcy\u00fck bir il\u00e7e olduklar\u0131n\u0131n alt\u0131n\u0131 \u00e7izen Ba\u015fkan D\u00fcndar, \u201cNe mutlu bize ki, okullar\u0131m\u0131z, camilerimiz ve spor kul\u00fcplerimizin say\u0131s\u0131 \u00e7ok fazla. \u00c7\u00fcnk\u00fc, bunlar ne kadar \u00e7ok olursa gelece\u011fimiz de o kadar ayd\u0131nl\u0131kt\u0131r\u201d dedi. Gen\u00e7lerin spor yaparak bir arada olmas\u0131n\u0131n \u00f6nemine dikkat \u00e7eken D\u00fcndar, \u201cHer mahallemizde bir kul\u00fcb\u00fcm\u00fcz var. Kul\u00fcp ba\u015fkan\u0131 ve y\u00f6neticilerimizden Allah raz\u0131 olsun. \u00c7\u00fcnk\u00fc en zor i\u015fi onlar yap\u0131yor. Kul\u00fcplerimizin ya\u015fad\u0131\u011f\u0131 s\u0131k\u0131nt\u0131lar\u0131 bir nebze olsun hafifletmek ad\u0131na bizler de imkanlar dahilinde destek oluyoruz. Kul\u00fcplerimizin \u00e7al\u0131\u015fma ko\u015fullar\u0131n\u0131 iyile\u015ftirerek hem gen\u00e7lerin k\u00f6t\u00fc al\u0131\u015fkanl\u0131klardan uzak tutulmas\u0131na, hem de gelece\u011fin sporcular\u0131n\u0131n yeti\u015ftirilmesine katk\u0131 sa\u011flamaya \u00e7al\u0131\u015f\u0131yoruz\u201d diye konu\u015ftu.<\/p>\n<p>Kul\u00fcplere tam destek<\/p>\n<p>\u0130l\u00e7eye kazand\u0131rd\u0131klar\u0131 spor tesislerinden gen\u00e7lerin faydaland\u0131\u011f\u0131n\u0131 ifade eden D\u00fcndar, \u201cBunun yan\u0131 s\u0131ra her y\u0131l kul\u00fcplerimize malzeme ve ula\u015f\u0131m deste\u011fi veriyoruz. Bu desteklerin kar\u015f\u0131l\u0131\u011f\u0131n\u0131 da bu kupalarla g\u00f6r\u00fcyoruz. B\u00fct\u00fcn kul\u00fcplerimizi, y\u00f6netici, teknik kadro ve sporcular\u0131m\u0131z\u0131 tebrik ediyorum. \u0130n\u015fallah, gen\u00e7lerimiz bu sportif ba\u015far\u0131lar\u0131 ve gayreti okul hayatlar\u0131nda da s\u00fcrd\u00fcr\u00fcp, hem sporcu olarak hem de e\u011fitim anlam\u0131nda en iyi \u015fekilde yeti\u015fir. Sizlere g\u00fcveniyor ve inan\u0131yoruz\u201d dedi.<\/p>\n<p>Osmangazi Kul\u00fcpler Birli\u011fi Ba\u015fkan\u0131 Zafer Akman da il\u00e7edeki spor kul\u00fcplerinin her zaman birlik ve beraberlik i\u00e7inde oldu\u011funu belirterek, \u201cOsmangazi\u2019de 2018-2019 sezonunda t\u00fcm gruplarda kupa kazanan tak\u0131mlar\u0131m\u0131z bir araya geldik. Kul\u00fcplerimizde \u00e7ok b\u00fcy\u00fck eme\u011fi olan Ba\u015fkan\u0131m\u0131z Mustafa D\u00fcndar ile kupa sevincimizi payla\u015f\u0131yoruz. Verdi\u011fi desteklerden dolay\u0131 b\u00fct\u00fcn kul\u00fcpler ad\u0131na kendisine te\u015fekk\u00fcr ediyorum\u201d diye konu\u015ftu.<\/p>\n<p>Yeni Karaman Spor Kul\u00fcb\u00fc Ba\u015fkan Ahmet Eren, 1990 y\u0131l\u0131ndan beri y\u00f6neticilik yapt\u0131\u011f\u0131n\u0131 anlatarak, \u201cSon 15-16 y\u0131ld\u0131r belediyelerimizin spor kul\u00fcplerimize verdi\u011fi deste\u011fin y\u00fczde 10\u2019u daha \u00f6nce verilseydi, T\u00fcrkiye\u2019de kul\u00fcpler ve tesisle\u015fme noktas\u0131nda b\u00fcy\u00fck bir \u00e7\u0131\u011f\u0131r a\u00e7ard\u0131k. Bizlere bu hizmetleri veren Ba\u015fkan\u0131m\u0131z Mustafa D\u00fcndar\u2019a \u00e7ok te\u015fekk\u00fcr ediyorum\u201d ifadelerini kulland\u0131.<\/p>\n<p>Konu\u015fmalar\u0131n ard\u0131ndan Ba\u015fkan D\u00fcndar, kul\u00fcp temsilcileri ve sporculara kupalar\u0131n\u0131 teslim ederken, yeni sezonda ba\u015far\u0131 s\u00f6z\u00fc ald\u0131.<\/p>\n","protected":false},"excerpt":{"rendered":"<p>OSMANGAZ\u0130 BELED\u0130YE BA\u015eKANI MUSTAFA D\u00dcNDAR, \u0130L\u00c7EDEK\u0130 AMAT\u00d6R SPOR KUL\u00dcPLER\u0130N\u0130N \u00c7ALI\u015eMA \u015eARTLARINI \u0130Y\u0130LE\u015eT\u0130REREK GELECE\u011e\u0130N SPORCULARININ YET\u0130\u015eT\u0130R\u0130LMES\u0130NE KATKI SA\u011eLADIKLARINI S\u00d6YLED\u0130.<\/p>\n","protected":false},"author":1,"featured_media":194113,"comment_status":"closed","ping_status":"open","sticky":false,"template":"","format":"standard","meta":{"jetpack_post_was_ever_published":false,"_jetpack_newsletter_access":"","_jetpack_dont_email_post_to_subs":false,"_jetpack_newsletter_tier_id":0,"_jetpack_memberships_contains_paywalled_content":false,"_jetpack_memberships_contains_paid_content":false,"footnotes":"","jetpack_publicize_message":"","jetpack_publicize_feature_enabled":true,"jetpack_social_post_already_shared":true,"jetpack_social_options":{"image_generator_settings":{"template":"highway","default_image_id":0,"font":"","enabled":false},"version":2}},"categories":[657],"tags":[8220,53,9737,4117,1619],"class_list":["post-194112","post","type-post","status-publish","format-standard","has-post-thumbnail","hentry","category-spor","tag-amator","tag-destegi","tag-kuluplerine","tag-osmangazi","tag-spor"],"jetpack_publicize_connections":[],"jetpack_featured_media_url":"https:\/\/i0.wp.com\/www.tvturk.com\/wp-content\/uploads\/2019\/08\/amator-spor-kuluplerine-osmangazi-destegi_6ecf8ca.jpg?fit=1000%2C557","jetpack_sharing_enabled":true,"jetpack_shortlink":"https:\/\/wp.me\/paKIfm-OuQ","_links":{"self":[{"href":"http:\/\/www.tvturk.com\/index.php\/wp-json\/wp\/v2\/posts\/194112","targetHints":{"allow":["GET"]}}],"collection":[{"href":"http:\/\/www.tvturk.com\/index.php\/wp-json\/wp\/v2\/posts"}],"about":[{"href":"http:\/\/www.tvturk.com\/index.php\/wp-json\/wp\/v2\/types\/post"}],"author":[{"embeddable":true,"href":"http:\/\/www.tvturk.com\/index.php\/wp-json\/wp\/v2\/users\/1"}],"replies":[{"embeddable":true,"href":"http:\/\/www.tvturk.com\/index.php\/wp-json\/wp\/v2\/comments?post=194112"}],"version-history":[{"count":0,"href":"http:\/\/www.tvturk.com\/index.php\/wp-json\/wp\/v2\/posts\/194112\/revisions"}],"wp:featuredmedia":[{"embeddable":true,"href":"http:\/\/www.tvturk.com\/index.php\/wp-json\/wp\/v2\/media\/194113"}],"wp:attachment":[{"href":"http:\/\/www.tvturk.com\/index.php\/wp-json\/wp\/v2\/media?parent=194112"}],"wp:term":[{"taxonomy":"category","embeddable":true,"href":"http:\/\/www.tvturk.com\/index.php\/wp-json\/wp\/v2\/categories?post=194112"},{"taxonomy":"post_tag","embeddable":true,"href":"http:\/\/www.tvturk.com\/index.php\/wp-json\/wp\/v2\/tags?post=194112"}],"curies":[{"name":"wp","href":"https:\/\/api.w.org\/{rel}","templated":true}]}}