{"id":194128,"date":"2019-08-21T11:31:49","date_gmt":"2019-08-21T08:31:49","guid":{"rendered":"http:\/\/www.tvturk.com\/index.php\/istanbulu-kara-bulutlar-sardi\/"},"modified":"2019-08-21T11:31:49","modified_gmt":"2019-08-21T08:31:49","slug":"istanbulu-kara-bulutlar-sardi","status":"publish","type":"post","link":"http:\/\/www.tvturk.com\/index.php\/istanbulu-kara-bulutlar-sardi\/","title":{"rendered":"\u0130stanbul\u2019u kara bulutlar sard\u0131"},"content":{"rendered":"<p>\u0130stanbul\u2019da bug\u00fcn ya\u011fmas\u0131 beklenen \u015fiddetli ya\u011f\u0131\u015f \u00f6ncesinde Anadolu Yakas\u0131\u2019nda g\u00f6ky\u00fcz\u00fcn\u00fc kara bulutlar\u0131n sard\u0131\u011f\u0131 g\u00f6r\u00fcld\u00fc.<\/p>\n<p>Meteoroloji Genel M\u00fcd\u00fcrl\u00fc\u011f\u00fcnden yap\u0131lan a\u00e7\u0131klamaya g\u00f6re, \u0130stanbul\u2019da bug\u00fcn \u015fiddetli ya\u011fmur bekleniyor. Yetkililer, sa\u011fanak ya\u011fmur ile birlikte olas\u0131 sel bask\u0131nlar\u0131 konusunda da vatanda\u015flar\u0131 uyard\u0131. \u0130stanbul\u2019da g\u00fcn i\u00e7erisinde \u015fiddetli ya\u011f\u0131r beklenirken, Anadolu Yakas\u0131\u2019nda g\u00f6ky\u00fcz\u00fcn\u00fc kara bulutlar\u0131n sard\u0131\u011f\u0131 g\u00f6r\u00fcld\u00fc. Ayr\u0131ca sabah saatlerinden itibaren havan\u0131n kapal\u0131 oldu\u011fu g\u00f6zlendi.<\/p>\n","protected":false},"excerpt":{"rendered":"<p>\u0130STANBUL\u2019DA BUG\u00dcN YA\u011eMASI BEKLENEN \u015e\u0130DDETL\u0130 YA\u011eI\u015e \u00d6NCES\u0130NDE ANADOLU YAKASI\u2019NDA G\u00d6KY\u00dcZ\u00dcN\u00dc KARA BULUTLARIN SARDI\u011eI G\u00d6R\u00dcLD\u00dc.<\/p>\n","protected":false},"author":1,"featured_media":194129,"comment_status":"closed","ping_status":"open","sticky":false,"template":"","format":"standard","meta":{"jetpack_post_was_ever_published":false,"_jetpack_newsletter_access":"","_jetpack_dont_email_post_to_subs":false,"_jetpack_newsletter_tier_id":0,"_jetpack_memberships_contains_paywalled_content":false,"_jetpack_memberships_contains_paid_content":false,"footnotes":"","jetpack_publicize_message":"","jetpack_publicize_feature_enabled":true,"jetpack_social_post_already_shared":true,"jetpack_social_options":{"image_generator_settings":{"template":"highway","default_image_id":0,"font":"","enabled":false},"version":2}},"categories":[1],"tags":[7942,10182,2053,27840],"class_list":["post-194128","post","type-post","status-publish","format-standard","has-post-thumbnail","hentry","category-genel","tag-istanbulu","tag-bulutlar","tag-kara","tag-sardi"],"jetpack_publicize_connections":[],"jetpack_featured_media_url":"https:\/\/i0.wp.com\/www.tvturk.com\/wp-content\/uploads\/2019\/08\/istanbulu-kara-bulutlar-sardi_966b734.jpg?fit=1000%2C823","jetpack_sharing_enabled":true,"jetpack_shortlink":"https:\/\/wp.me\/paKIfm-Ov6","_links":{"self":[{"href":"http:\/\/www.tvturk.com\/index.php\/wp-json\/wp\/v2\/posts\/194128","targetHints":{"allow":["GET"]}}],"collection":[{"href":"http:\/\/www.tvturk.com\/index.php\/wp-json\/wp\/v2\/posts"}],"about":[{"href":"http:\/\/www.tvturk.com\/index.php\/wp-json\/wp\/v2\/types\/post"}],"author":[{"embeddable":true,"href":"http:\/\/www.tvturk.com\/index.php\/wp-json\/wp\/v2\/users\/1"}],"replies":[{"embeddable":true,"href":"http:\/\/www.tvturk.com\/index.php\/wp-json\/wp\/v2\/comments?post=194128"}],"version-history":[{"count":0,"href":"http:\/\/www.tvturk.com\/index.php\/wp-json\/wp\/v2\/posts\/194128\/revisions"}],"wp:featuredmedia":[{"embeddable":true,"href":"http:\/\/www.tvturk.com\/index.php\/wp-json\/wp\/v2\/media\/194129"}],"wp:attachment":[{"href":"http:\/\/www.tvturk.com\/index.php\/wp-json\/wp\/v2\/media?parent=194128"}],"wp:term":[{"taxonomy":"category","embeddable":true,"href":"http:\/\/www.tvturk.com\/index.php\/wp-json\/wp\/v2\/categories?post=194128"},{"taxonomy":"post_tag","embeddable":true,"href":"http:\/\/www.tvturk.com\/index.php\/wp-json\/wp\/v2\/tags?post=194128"}],"curies":[{"name":"wp","href":"https:\/\/api.w.org\/{rel}","templated":true}]}}