{"id":194132,"date":"2019-08-21T11:31:59","date_gmt":"2019-08-21T08:31:59","guid":{"rendered":"http:\/\/www.tvturk.com\/index.php\/nilsemde-yeni-donem-kayitlari-basliyor\/"},"modified":"2019-08-21T11:31:59","modified_gmt":"2019-08-21T08:31:59","slug":"nilsemde-yeni-donem-kayitlari-basliyor","status":"publish","type":"post","link":"http:\/\/www.tvturk.com\/index.php\/nilsemde-yeni-donem-kayitlari-basliyor\/","title":{"rendered":"N\u0130LSEM\u2019de yeni d\u00f6nem kay\u0131tlar\u0131 ba\u015fl\u0131yor"},"content":{"rendered":"<p>Nil\u00fcfer Belediyesi S\u00fcrekli Mesleki E\u011fitim Merkezi\u2019nde yeni d\u00f6nem e\u011fitimleri i\u00e7in kay\u0131tlar 2 Eyl\u00fcl\u2019de ba\u015fl\u0131yor. N\u0130LSEM\u2019de bu y\u0131l 16 ayr\u0131 bran\u015fta e\u011fitimler verilecek.<\/p>\n<p>Nil\u00fcfer Belediyesi\u2019nin, 2012 y\u0131l\u0131nda Rotary 2440. B\u00f6lge Federasyonu i\u015f birli\u011fiyle hayata ge\u00e7irdi\u011fi Nil\u00fcfer Belediyesi S\u00fcrekli Mesleki E\u011fitim Merkezi\u2019nde (N\u0130LSEM) yeni d\u00f6nem i\u00e7in kay\u0131tlar ba\u015fl\u0131yor. R\u00f6lyef, ipek koza, g\u00fcm\u00fc\u015f kazaz, tak\u0131, el nak\u0131\u015f\u0131 ve ah\u015fap boyama gibi 16 ayr\u0131 bran\u015fta e\u011fitimlerin verilece\u011fi yeni d\u00f6nem i\u00e7in haz\u0131rl\u0131klar tamamland\u0131.<\/p>\n<p>Nil\u00fcfer Belediyesi\u2019nin Fethiye Mahallesi ve \u00dc\u00e7evler Mahallesi\u2019ndeki kurs merkezleri ile Y\u00fcz\u00fcnc\u00fcy\u0131l Mahallesi\u2019ndeki E\u011fitim ve Sanat Merkezi\u2019nde d\u00fczenleyece\u011fi e\u011fitimlere bu y\u0131l da ilginin yo\u011fun olmas\u0131 bekleniyor. Kurslara \u015fimdiye kadar Nil\u00fcfer\u2019in merkez ve k\u0131rsal mahallelerinden 19 bini a\u015fk\u0131n kursiyer kat\u0131larak e\u011fitim ald\u0131. Ayr\u0131ca ge\u00e7en y\u0131l N\u0130LSEM ile N\u0130LSEM E\u011fitim, K\u00fclt\u00fcr, Destekleme ve Geli\u015ftirme Derne\u011fi (N\u0130LSEMDER) i\u015f birli\u011fiyle resmen faaliyete giren iktisadi i\u015fletme ile kad\u0131nlar, \u00fcrettikleri \u00fcr\u00fcnleri internet \u00fczerinden fatural\u0131 olarak satmaya ba\u015flad\u0131.<\/p>\n<p>N\u0130LSEM kurslar\u0131na ilginin giderek artt\u0131\u011f\u0131n\u0131 belirten Nil\u00fcfer Belediye Ba\u015fkan\u0131 Turgay Erdem, \u201cN\u0130LSEM, \u00fcretimin, eme\u011fin ve sivil toplum-yerel y\u00f6netim i\u015f birli\u011finin g\u00fczel bir \u00f6rne\u011fi. Sadece 2018-2019 e\u011fitim d\u00f6neminde 4 bin 248 kursiyer e\u011fitimlere kat\u0131ld\u0131. Bu e\u011fitimlerle kad\u0131nlar\u0131n, e\u011fitim ve \u00fcretimle sosyal ya\u015fam\u0131n i\u00e7inde olmalar\u0131na imkan tan\u0131yoruz, b\u00fct\u00e7elerine katk\u0131 sa\u011flamalar\u0131na destek oluyoruz. Bizi mutlu eden bir ayr\u0131nt\u0131 da bu kurslara, 16 ya\u015f\u0131ndan 80 ya\u015f\u0131na kadar farkl\u0131 ya\u015f gruplar\u0131ndan kursiyerlerin kat\u0131lm\u0131\u015f olmas\u0131\u201d dedi.<\/p>\n","protected":false},"excerpt":{"rendered":"<p>N\u0130L\u00dcFER BELED\u0130YES\u0130 S\u00dcREKL\u0130 MESLEK\u0130 E\u011e\u0130T\u0130M MERKEZ\u0130\u2019NDE YEN\u0130 D\u00d6NEM E\u011e\u0130T\u0130MLER\u0130 \u0130\u00c7\u0130N KAYITLAR 2 EYL\u00dcL\u2019DE BA\u015eLIYOR.<\/p>\n","protected":false},"author":1,"featured_media":194133,"comment_status":"closed","ping_status":"open","sticky":false,"template":"","format":"standard","meta":{"jetpack_post_was_ever_published":false,"_jetpack_newsletter_access":"","_jetpack_dont_email_post_to_subs":false,"_jetpack_newsletter_tier_id":0,"_jetpack_memberships_contains_paywalled_content":false,"_jetpack_memberships_contains_paid_content":false,"footnotes":"","jetpack_publicize_message":"","jetpack_publicize_feature_enabled":true,"jetpack_social_post_already_shared":true,"jetpack_social_options":{"image_generator_settings":{"template":"highway","default_image_id":0,"font":"","enabled":false},"version":2}},"categories":[1],"tags":[1647,1530,30867,48660,87],"class_list":["post-194132","post","type-post","status-publish","format-standard","has-post-thumbnail","hentry","category-genel","tag-basliyor","tag-donem","tag-kayitlari","tag-nilsemde","tag-yeni"],"jetpack_publicize_connections":[],"jetpack_featured_media_url":"https:\/\/i0.wp.com\/www.tvturk.com\/wp-content\/uploads\/2019\/08\/nilsemde-yeni-donem-kayitlari-basliyor_584fced.jpg?fit=1000%2C666","jetpack_sharing_enabled":true,"jetpack_shortlink":"https:\/\/wp.me\/paKIfm-Ova","_links":{"self":[{"href":"http:\/\/www.tvturk.com\/index.php\/wp-json\/wp\/v2\/posts\/194132","targetHints":{"allow":["GET"]}}],"collection":[{"href":"http:\/\/www.tvturk.com\/index.php\/wp-json\/wp\/v2\/posts"}],"about":[{"href":"http:\/\/www.tvturk.com\/index.php\/wp-json\/wp\/v2\/types\/post"}],"author":[{"embeddable":true,"href":"http:\/\/www.tvturk.com\/index.php\/wp-json\/wp\/v2\/users\/1"}],"replies":[{"embeddable":true,"href":"http:\/\/www.tvturk.com\/index.php\/wp-json\/wp\/v2\/comments?post=194132"}],"version-history":[{"count":0,"href":"http:\/\/www.tvturk.com\/index.php\/wp-json\/wp\/v2\/posts\/194132\/revisions"}],"wp:featuredmedia":[{"embeddable":true,"href":"http:\/\/www.tvturk.com\/index.php\/wp-json\/wp\/v2\/media\/194133"}],"wp:attachment":[{"href":"http:\/\/www.tvturk.com\/index.php\/wp-json\/wp\/v2\/media?parent=194132"}],"wp:term":[{"taxonomy":"category","embeddable":true,"href":"http:\/\/www.tvturk.com\/index.php\/wp-json\/wp\/v2\/categories?post=194132"},{"taxonomy":"post_tag","embeddable":true,"href":"http:\/\/www.tvturk.com\/index.php\/wp-json\/wp\/v2\/tags?post=194132"}],"curies":[{"name":"wp","href":"https:\/\/api.w.org\/{rel}","templated":true}]}}