{"id":194162,"date":"2019-08-21T12:17:29","date_gmt":"2019-08-21T09:17:29","guid":{"rendered":"http:\/\/www.tvturk.com\/index.php\/fenerbahcede-kaptan-eda-erdem-sozlesme-uzatti\/"},"modified":"2019-08-21T12:17:29","modified_gmt":"2019-08-21T09:17:29","slug":"fenerbahcede-kaptan-eda-erdem-sozlesme-uzatti","status":"publish","type":"post","link":"http:\/\/www.tvturk.com\/index.php\/fenerbahcede-kaptan-eda-erdem-sozlesme-uzatti\/","title":{"rendered":"Fenerbah\u00e7e\u2019de kaptan Eda Erdem s\u00f6zle\u015fme uzatt\u0131"},"content":{"rendered":"<p>Fenerbah\u00e7e Opet Kad\u0131n Voleybol Tak\u0131m\u0131 kaptan Eda Erdem D\u00fcndar\u2019\u0131n s\u00f6zle\u015fmesini 1 y\u0131l daha uzatt\u0131.<\/p>\n<p>Fenerbah\u00e7e Opet Kad\u0131n Voleybol Tak\u0131m\u0131, \u00f6n\u00fcm\u00fczdeki sezonun kadro yap\u0131lanmas\u0131 kapsam\u0131nda, tak\u0131m kaptan\u0131 Eda Erdem D\u00fcndar\u2019\u0131n 2019-2020 sezonu sonunda sona erecek s\u00f6zle\u015fmesini 1 y\u0131l daha uzatt\u0131\u011f\u0131n\u0131 a\u00e7\u0131klad\u0131. Sar\u0131-lacivertli kul\u00fcb\u00fcn internet sitesinden, Eda Erdem i\u00e7in \u015fu ifadelere yer verdi:<\/p>\n<p>&#8220;Fenerbah\u00e7e formas\u0131n\u0131 2008-09 sezonundan bu yana ba\u015far\u0131yla terleten, armam\u0131z\u0131 gururla ta\u015f\u0131yan kaptan\u0131m\u0131z Eda Erdem D\u00fcndar; 10 y\u0131l\u0131 a\u015fk\u0131n bu s\u00fcre\u00e7te kazan\u0131lan tarihi ba\u015far\u0131larda \u00f6nemli pay sahibi olmu\u015ftur.<\/p>\n<p>Yap\u0131lan anla\u015fman\u0131n kul\u00fcb\u00fcm\u00fcz ve sporcumuz i\u00e7in hay\u0131rl\u0131 olmas\u0131n\u0131 temenni ediyor; \u00c7ubuklu formam\u0131z\u0131 her zaman ruhu ve aidiyetiyle ta\u015f\u0131yan kaptan Eda Erdem D\u00fcndar\u2019a, Fenerbah\u00e7e Opet formas\u0131 alt\u0131nda nice b\u00fcy\u00fck ba\u015far\u0131lar ve kupalar diliyoruz.&#8221;<\/p>\n","protected":false},"excerpt":{"rendered":"<p>FENERBAH\u00c7E OPET KADIN VOLEYBOL TAKIMI KAPTAN EDA ERDEM D\u00dcNDAR&#8217;IN S\u00d6ZLE\u015eMES\u0130N\u0130 1 YIL DAHA UZATTI.<\/p>\n","protected":false},"author":1,"featured_media":194163,"comment_status":"closed","ping_status":"open","sticky":false,"template":"","format":"standard","meta":{"jetpack_post_was_ever_published":false,"_jetpack_newsletter_access":"","_jetpack_dont_email_post_to_subs":false,"_jetpack_newsletter_tier_id":0,"_jetpack_memberships_contains_paywalled_content":false,"_jetpack_memberships_contains_paid_content":false,"footnotes":"","jetpack_publicize_message":"","jetpack_publicize_feature_enabled":true,"jetpack_social_post_already_shared":true,"jetpack_social_options":{"image_generator_settings":{"template":"highway","default_image_id":0,"font":"","enabled":false},"version":2}},"categories":[657],"tags":[5570,37374,137,11697,4475,13266],"class_list":["post-194162","post","type-post","status-publish","format-standard","has-post-thumbnail","hentry","category-spor","tag-fenerbahcede","tag-eda","tag-erdem","tag-kaptan","tag-sozlesme","tag-uzatti"],"jetpack_publicize_connections":[],"jetpack_featured_media_url":"https:\/\/i0.wp.com\/www.tvturk.com\/wp-content\/uploads\/2019\/08\/fenerbahcede-kaptan-eda-erdem-sozlesme-uzatti_3cd30b7.jpg?fit=748%2C352","jetpack_sharing_enabled":true,"jetpack_shortlink":"https:\/\/wp.me\/paKIfm-OvE","_links":{"self":[{"href":"http:\/\/www.tvturk.com\/index.php\/wp-json\/wp\/v2\/posts\/194162","targetHints":{"allow":["GET"]}}],"collection":[{"href":"http:\/\/www.tvturk.com\/index.php\/wp-json\/wp\/v2\/posts"}],"about":[{"href":"http:\/\/www.tvturk.com\/index.php\/wp-json\/wp\/v2\/types\/post"}],"author":[{"embeddable":true,"href":"http:\/\/www.tvturk.com\/index.php\/wp-json\/wp\/v2\/users\/1"}],"replies":[{"embeddable":true,"href":"http:\/\/www.tvturk.com\/index.php\/wp-json\/wp\/v2\/comments?post=194162"}],"version-history":[{"count":0,"href":"http:\/\/www.tvturk.com\/index.php\/wp-json\/wp\/v2\/posts\/194162\/revisions"}],"wp:featuredmedia":[{"embeddable":true,"href":"http:\/\/www.tvturk.com\/index.php\/wp-json\/wp\/v2\/media\/194163"}],"wp:attachment":[{"href":"http:\/\/www.tvturk.com\/index.php\/wp-json\/wp\/v2\/media?parent=194162"}],"wp:term":[{"taxonomy":"category","embeddable":true,"href":"http:\/\/www.tvturk.com\/index.php\/wp-json\/wp\/v2\/categories?post=194162"},{"taxonomy":"post_tag","embeddable":true,"href":"http:\/\/www.tvturk.com\/index.php\/wp-json\/wp\/v2\/tags?post=194162"}],"curies":[{"name":"wp","href":"https:\/\/api.w.org\/{rel}","templated":true}]}}