{"id":194188,"date":"2019-08-21T13:01:23","date_gmt":"2019-08-21T10:01:23","guid":{"rendered":"http:\/\/www.tvturk.com\/index.php\/esad-rejiminden-idlibe-saldiri-1-olu-5-yarali\/"},"modified":"2019-08-21T13:01:23","modified_gmt":"2019-08-21T10:01:23","slug":"esad-rejiminden-idlibe-saldiri-1-olu-5-yarali","status":"publish","type":"post","link":"http:\/\/www.tvturk.com\/index.php\/esad-rejiminden-idlibe-saldiri-1-olu-5-yarali\/","title":{"rendered":"Esad rejiminden \u0130dlib\u2019e sald\u0131r\u0131: 1 \u00f6l\u00fc, 5 yaral\u0131"},"content":{"rendered":"<p>Esad rejiminin \u0130dlib\u2019e d\u00fczenledi\u011fi hava sald\u0131r\u0131s\u0131nda 1 \u00e7ocuk hayat\u0131n\u0131 kaybetti, 5 ki\u015fi yaraland\u0131.<\/p>\n<p>Esad rejimi ve Rus sava\u015f u\u00e7aklar\u0131, sabah saatlerde \u0130dlib\u2019in Be\u015firiye k\u00f6y\u00fcnde hava sald\u0131r\u0131s\u0131 d\u00fczenledi. Sald\u0131r\u0131da 1 \u00e7ocuk hayat\u0131n\u0131 kaybetti, 5 sivil de yaraland\u0131. B\u00f6lgeye gelen sivil savunma ekipleri, yaral\u0131lar\u0131 \u00e7evredeki hastanelere kald\u0131rd\u0131.<\/p>\n<p>Esad rejimi ve Rusya\u2019ya ait sava\u015f u\u00e7aklar\u0131n\u0131n, d\u00fcn \u0130dlib kentindeki yerle\u015fimlere d\u00fczenledi\u011fi yo\u011fun hava sald\u0131r\u0131lar\u0131nda 2 \u00e7ocuk ya\u015fam\u0131n\u0131 yitirmi\u015f, 6 sivil de yaralanm\u0131\u015ft\u0131.<\/p>\n<p>Kanada\u2019dan \u0130dlib sald\u0131r\u0131s\u0131na k\u0131nama<\/p>\n<p>Kanada D\u0131\u015fi\u015fleri Bakanl\u0131\u011f\u0131, \u0130dlib Gerginli\u011fi Azaltma B\u00f6lgesi\u2019ndeki yerle\u015fimlere d\u00fczenlenen hava sald\u0131r\u0131lar\u0131n\u0131 k\u0131nad\u0131. A\u00e7\u0131klamada, \u201cEsad rejimi ve Rusya, \u0130dlib\u2019deki hava sald\u0131r\u0131lar\u0131n\u0131 durdurmal\u0131 ve ate\u015fkes durumuna geri d\u00f6nmelidir. T\u00fcm taraflar\u0131, tansiyonu d\u00fc\u015f\u00fcrme \u00e7abalar\u0131na sayg\u0131 g\u00f6stermeye \u00e7a\u011f\u0131r\u0131yoruz\u201d denildi.<\/p>\n","protected":false},"excerpt":{"rendered":"<p>ESAD REJ\u0130M\u0130N\u0130N \u0130DL\u0130B\u2019E D\u00dcZENLED\u0130\u011e\u0130 HAVA SALDIRISINDA 1 \u00c7OCUK HAYATINI KAYBETT\u0130, 5 K\u0130\u015e\u0130 YARALANDI.<\/p>\n","protected":false},"author":1,"featured_media":194189,"comment_status":"closed","ping_status":"open","sticky":false,"template":"","format":"standard","meta":{"jetpack_post_was_ever_published":false,"_jetpack_newsletter_access":"","_jetpack_dont_email_post_to_subs":false,"_jetpack_newsletter_tier_id":0,"_jetpack_memberships_contains_paywalled_content":false,"_jetpack_memberships_contains_paid_content":false,"footnotes":"","jetpack_publicize_message":"","jetpack_publicize_feature_enabled":true,"jetpack_social_post_already_shared":true,"jetpack_social_options":{"image_generator_settings":{"template":"highway","default_image_id":0,"font":"","enabled":false},"version":2}},"categories":[10],"tags":[2104,2106,1664,17990,999,774],"class_list":["post-194188","post","type-post","status-publish","format-standard","has-post-thumbnail","hentry","category-dunya","tag-esad","tag-idlibe","tag-olu","tag-rejiminden","tag-saldiri","tag-yarali"],"jetpack_publicize_connections":[],"jetpack_featured_media_url":"https:\/\/i0.wp.com\/www.tvturk.com\/wp-content\/uploads\/2019\/08\/esad-rejiminden-idlibe-saldiri-1-olu-5-yarali_9411d64.jpg?fit=720%2C480","jetpack_sharing_enabled":true,"jetpack_shortlink":"https:\/\/wp.me\/paKIfm-Ow4","_links":{"self":[{"href":"http:\/\/www.tvturk.com\/index.php\/wp-json\/wp\/v2\/posts\/194188","targetHints":{"allow":["GET"]}}],"collection":[{"href":"http:\/\/www.tvturk.com\/index.php\/wp-json\/wp\/v2\/posts"}],"about":[{"href":"http:\/\/www.tvturk.com\/index.php\/wp-json\/wp\/v2\/types\/post"}],"author":[{"embeddable":true,"href":"http:\/\/www.tvturk.com\/index.php\/wp-json\/wp\/v2\/users\/1"}],"replies":[{"embeddable":true,"href":"http:\/\/www.tvturk.com\/index.php\/wp-json\/wp\/v2\/comments?post=194188"}],"version-history":[{"count":0,"href":"http:\/\/www.tvturk.com\/index.php\/wp-json\/wp\/v2\/posts\/194188\/revisions"}],"wp:featuredmedia":[{"embeddable":true,"href":"http:\/\/www.tvturk.com\/index.php\/wp-json\/wp\/v2\/media\/194189"}],"wp:attachment":[{"href":"http:\/\/www.tvturk.com\/index.php\/wp-json\/wp\/v2\/media?parent=194188"}],"wp:term":[{"taxonomy":"category","embeddable":true,"href":"http:\/\/www.tvturk.com\/index.php\/wp-json\/wp\/v2\/categories?post=194188"},{"taxonomy":"post_tag","embeddable":true,"href":"http:\/\/www.tvturk.com\/index.php\/wp-json\/wp\/v2\/tags?post=194188"}],"curies":[{"name":"wp","href":"https:\/\/api.w.org\/{rel}","templated":true}]}}