{"id":194200,"date":"2019-08-21T13:02:06","date_gmt":"2019-08-21T10:02:06","guid":{"rendered":"http:\/\/www.tvturk.com\/index.php\/hafriyattan-tarih-cikti\/"},"modified":"2019-08-21T13:02:06","modified_gmt":"2019-08-21T10:02:06","slug":"hafriyattan-tarih-cikti","status":"publish","type":"post","link":"http:\/\/www.tvturk.com\/index.php\/hafriyattan-tarih-cikti\/","title":{"rendered":"Hafriyattan tarih \u00e7\u0131kt\u0131"},"content":{"rendered":"<p>Sivas\u2019\u0131n Alt\u0131nyayla il\u00e7esi Delilyas beldesinde yap\u0131lan hafriyat kaz\u0131s\u0131nda 2 tarihi eser de\u011feri ta\u015f\u0131yan ta\u015f bulundu.<\/p>\n<p>Delilyas beldesi Ye\u015filyurt Mahallesi\u2019nde s\u00fcren hafriyat \u00e7al\u0131\u015fmalar\u0131 s\u0131ras\u0131nda iki tarihi eser de\u011feri ta\u015f\u0131yan ta\u015fa rastland\u0131. Durum \u0130l\u00e7e Jandarma Komutanl\u0131\u011f\u0131na bildirildi. Bulunan ta\u015flar incelenmek \u00fczere Sivas \u0130l M\u00fcze M\u00fcd\u00fcrl\u00fc\u011f\u00fcne  teslim edildi. \u00dczerlerinde ha\u00e7 ve \u00e7i\u00e7ek i\u015flemesi bulunan ta\u015flar\u0131n Roma d\u00f6nemine ait oldu\u011fu tahmin edilirken, ta\u015flar\u0131n bulundu\u011fu b\u00f6lgede inceleme yap\u0131lmas\u0131 bekleniyor.<\/p>\n","protected":false},"excerpt":{"rendered":"<p>S\u0130VAS\u2019IN ALTINYAYLA \u0130L\u00c7ES\u0130 DEL\u0130LYAS BELDES\u0130NDE YAPILAN HAFR\u0130YAT KAZINDA 2 ADET TAR\u0130H\u0130 ESER DE\u011eER\u0130 TA\u015eIYAN TA\u015eA RASTLANILDI.<\/p>\n","protected":false},"author":1,"featured_media":194201,"comment_status":"closed","ping_status":"open","sticky":false,"template":"","format":"standard","meta":{"jetpack_post_was_ever_published":false,"_jetpack_newsletter_access":"","_jetpack_dont_email_post_to_subs":false,"_jetpack_newsletter_tier_id":0,"_jetpack_memberships_contains_paywalled_content":false,"_jetpack_memberships_contains_paid_content":false,"footnotes":"","jetpack_publicize_message":"","jetpack_publicize_feature_enabled":true,"jetpack_social_post_already_shared":true,"jetpack_social_options":{"image_generator_settings":{"template":"highway","default_image_id":0,"font":"","enabled":false},"version":2}},"categories":[1],"tags":[1202,48680,1330],"class_list":["post-194200","post","type-post","status-publish","format-standard","has-post-thumbnail","hentry","category-genel","tag-cikti","tag-hafriyattan","tag-tarih"],"jetpack_publicize_connections":[],"jetpack_featured_media_url":"https:\/\/i0.wp.com\/www.tvturk.com\/wp-content\/uploads\/2019\/08\/hafriyattan-tarih-cikti_3b775c9.jpg?fit=720%2C960","jetpack_sharing_enabled":true,"jetpack_shortlink":"https:\/\/wp.me\/paKIfm-Owg","_links":{"self":[{"href":"http:\/\/www.tvturk.com\/index.php\/wp-json\/wp\/v2\/posts\/194200","targetHints":{"allow":["GET"]}}],"collection":[{"href":"http:\/\/www.tvturk.com\/index.php\/wp-json\/wp\/v2\/posts"}],"about":[{"href":"http:\/\/www.tvturk.com\/index.php\/wp-json\/wp\/v2\/types\/post"}],"author":[{"embeddable":true,"href":"http:\/\/www.tvturk.com\/index.php\/wp-json\/wp\/v2\/users\/1"}],"replies":[{"embeddable":true,"href":"http:\/\/www.tvturk.com\/index.php\/wp-json\/wp\/v2\/comments?post=194200"}],"version-history":[{"count":0,"href":"http:\/\/www.tvturk.com\/index.php\/wp-json\/wp\/v2\/posts\/194200\/revisions"}],"wp:featuredmedia":[{"embeddable":true,"href":"http:\/\/www.tvturk.com\/index.php\/wp-json\/wp\/v2\/media\/194201"}],"wp:attachment":[{"href":"http:\/\/www.tvturk.com\/index.php\/wp-json\/wp\/v2\/media?parent=194200"}],"wp:term":[{"taxonomy":"category","embeddable":true,"href":"http:\/\/www.tvturk.com\/index.php\/wp-json\/wp\/v2\/categories?post=194200"},{"taxonomy":"post_tag","embeddable":true,"href":"http:\/\/www.tvturk.com\/index.php\/wp-json\/wp\/v2\/tags?post=194200"}],"curies":[{"name":"wp","href":"https:\/\/api.w.org\/{rel}","templated":true}]}}