{"id":194228,"date":"2019-08-21T13:17:44","date_gmt":"2019-08-21T10:17:44","guid":{"rendered":"http:\/\/www.tvturk.com\/index.php\/franck-ribery-fiorentinada\/"},"modified":"2019-08-21T13:17:44","modified_gmt":"2019-08-21T10:17:44","slug":"franck-ribery-fiorentinada","status":"publish","type":"post","link":"http:\/\/www.tvturk.com\/index.php\/franck-ribery-fiorentinada\/","title":{"rendered":"Franck Ribery, Fiorentina\u2019da"},"content":{"rendered":"<p>\u0130talya Serie A ekibi Fiorentina, son olarak Bayern M\u00fcnih\u2019ten ayr\u0131lan Frans\u0131z y\u0131ld\u0131z futbolcu Franck Ribery\u2019yi kadrosuna katt\u0131.<\/p>\n<p>\u0130talyan ekibi Fiorentina, yeni sezon \u00f6ncesi transferlerini s\u00fcrd\u00fcr\u00fcyor. Mor-beyazl\u0131lar, uzun y\u0131llar Bayern M\u00fcnih formas\u0131 giyen ve ge\u00e7ti\u011fimiz sezon sonunda Alman ekibinden ayr\u0131lan Frans\u0131z y\u0131ld\u0131z Franck Ribery\u2019yi renklerine ba\u011flad\u0131. Transferin s\u00f6zle\u015fme \u015fartlar\u0131 ile ilgili hen\u00fcz a\u00e7\u0131klama yap\u0131lmazken Fiorentina sosyal medya hesab\u0131ndan yap\u0131lan payla\u015f\u0131mda Ribery\u2019nin Fiorentina formas\u0131yla \u00e7ekilen foto\u011fraf\u0131 yay\u0131nland\u0131.<\/p>\n","protected":false},"excerpt":{"rendered":"<p>\u0130TALYA SER\u0130E A EK\u0130B\u0130 F\u0130ORENT\u0130NA, SON OLARAK BAYERN M\u00dcN\u0130H\u2019TEN AYRILAN FRANSIZ YILDIZ FUTBOLCU FRANCK R\u0130BERY\u2019Y\u0130 KADROSUNA KATTI.<\/p>\n","protected":false},"author":1,"featured_media":194229,"comment_status":"closed","ping_status":"open","sticky":false,"template":"","format":"standard","meta":{"jetpack_post_was_ever_published":false,"_jetpack_newsletter_access":"","_jetpack_dont_email_post_to_subs":false,"_jetpack_newsletter_tier_id":0,"_jetpack_memberships_contains_paywalled_content":false,"_jetpack_memberships_contains_paid_content":false,"footnotes":"","jetpack_publicize_message":"","jetpack_publicize_feature_enabled":true,"jetpack_social_post_already_shared":true,"jetpack_social_options":{"image_generator_settings":{"template":"highway","default_image_id":0,"font":"","enabled":false},"version":2}},"categories":[657],"tags":[48687,48685,48686],"class_list":["post-194228","post","type-post","status-publish","format-standard","has-post-thumbnail","hentry","category-spor","tag-fiorentinada","tag-franck","tag-ribery"],"jetpack_publicize_connections":[],"jetpack_featured_media_url":"https:\/\/i0.wp.com\/www.tvturk.com\/wp-content\/uploads\/2019\/08\/franck-ribery-fiorentinada_eceee76.jpg?fit=1000%2C667","jetpack_sharing_enabled":true,"jetpack_shortlink":"https:\/\/wp.me\/paKIfm-OwI","_links":{"self":[{"href":"http:\/\/www.tvturk.com\/index.php\/wp-json\/wp\/v2\/posts\/194228","targetHints":{"allow":["GET"]}}],"collection":[{"href":"http:\/\/www.tvturk.com\/index.php\/wp-json\/wp\/v2\/posts"}],"about":[{"href":"http:\/\/www.tvturk.com\/index.php\/wp-json\/wp\/v2\/types\/post"}],"author":[{"embeddable":true,"href":"http:\/\/www.tvturk.com\/index.php\/wp-json\/wp\/v2\/users\/1"}],"replies":[{"embeddable":true,"href":"http:\/\/www.tvturk.com\/index.php\/wp-json\/wp\/v2\/comments?post=194228"}],"version-history":[{"count":0,"href":"http:\/\/www.tvturk.com\/index.php\/wp-json\/wp\/v2\/posts\/194228\/revisions"}],"wp:featuredmedia":[{"embeddable":true,"href":"http:\/\/www.tvturk.com\/index.php\/wp-json\/wp\/v2\/media\/194229"}],"wp:attachment":[{"href":"http:\/\/www.tvturk.com\/index.php\/wp-json\/wp\/v2\/media?parent=194228"}],"wp:term":[{"taxonomy":"category","embeddable":true,"href":"http:\/\/www.tvturk.com\/index.php\/wp-json\/wp\/v2\/categories?post=194228"},{"taxonomy":"post_tag","embeddable":true,"href":"http:\/\/www.tvturk.com\/index.php\/wp-json\/wp\/v2\/tags?post=194228"}],"curies":[{"name":"wp","href":"https:\/\/api.w.org\/{rel}","templated":true}]}}