{"id":194240,"date":"2019-08-21T13:46:03","date_gmt":"2019-08-21T10:46:03","guid":{"rendered":"http:\/\/www.tvturk.com\/index.php\/almanya-savunma-bakani-erbilde\/"},"modified":"2019-08-21T13:46:03","modified_gmt":"2019-08-21T10:46:03","slug":"almanya-savunma-bakani-erbilde","status":"publish","type":"post","link":"http:\/\/www.tvturk.com\/index.php\/almanya-savunma-bakani-erbilde\/","title":{"rendered":"Almanya Savunma Bakan\u0131 Erbil\u2019de"},"content":{"rendered":"<p>Almanya Savunma Bakan\u0131 Annegret Kramp Karrenbauer, Irak\u2019\u0131n ba\u015fkenti Ba\u011fdat\u2019taki temaslar\u0131n\u0131n ard\u0131ndan Erbil\u2019e geldi.<\/p>\n<p>Irak\u2019\u0131n ba\u015fkenti Ba\u011fdat\u2019a gelen Almanya Savunma Bakan\u0131 Annegret Kramp Karrenbauer buradaki temaslar\u0131n\u0131n ard\u0131ndan Irak K\u00fcrt B\u00f6lgesel Y\u00f6netimi\u2019ne (IKBY) ge\u00e7ti. Erbil Uluslararas\u0131 Havaliman\u0131\u2019nda IKBY D\u0131\u015fili\u015fkiler Sorumlusu Sefin Dizayi taraf\u0131ndan kar\u015f\u0131lanan, Karrenbauer ve beraberindeki heyetin IKBY yetkilileriyle g\u00f6r\u00fc\u015fmesi bekleniyor. IKBY\u2019deki silahl\u0131 g\u00fc\u00e7lere e\u011fitim veren Alman askerlerini de ziyaret edecek olan Almanya Savunma Bakan\u0131, IKBY Ba\u015fkan\u0131 Ne\u00e7irvan Barzani ve Ba\u015fbakan Mesrur Barzani ile bir araya gelecek.<\/p>\n<p>D\u00fcn Ba\u011fdat\u2019ta Irak Cumhurba\u015fkan\u0131 Berhem Salih, Irak Ba\u015fbakan\u0131 Adil Abd\u00fclmehdi ve Savunma Bakan\u0131 Necah e\u015f-\u015eemeri ile g\u00f6r\u00fc\u015fen Karrenbauer, \u00fclkesinin Irak\u2019a sundu\u011fu deste\u011fin devam edece\u011fini vurgulad\u0131.<\/p>\n<p>2014 y\u0131l\u0131nda ABD \u00f6nc\u00fcl\u00fc\u011f\u00fcnde ter\u00f6r \u00f6rg\u00fct\u00fc DEA\u015e\u2019a kar\u015f\u0131 olu\u015fturulan uluslararas\u0131 koalisyonda yer alan Almanya\u2019n\u0131n IKBY\u2019de 100\u2019den fazla askeri dan\u0131\u015fman ve e\u011fitmeni bulunuyor.<\/p>\n","protected":false},"excerpt":{"rendered":"<p>ALMANYA SAVUNMA BAKANI ANNEGRET KRAMP KARRENBAUER, IRAK\u2019IN BA\u015eKENT\u0130 BA\u011eDAT\u2019TAK\u0130 TEMASLARININ ARDINDAN ERB\u0130L\u2019E GELD\u0130.<\/p>\n","protected":false},"author":1,"featured_media":194241,"comment_status":"closed","ping_status":"open","sticky":false,"template":"","format":"standard","meta":{"jetpack_post_was_ever_published":false,"_jetpack_newsletter_access":"","_jetpack_dont_email_post_to_subs":false,"_jetpack_newsletter_tier_id":0,"_jetpack_memberships_contains_paywalled_content":false,"_jetpack_memberships_contains_paid_content":false,"footnotes":"","jetpack_publicize_message":"","jetpack_publicize_feature_enabled":true,"jetpack_social_post_already_shared":true,"jetpack_social_options":{"image_generator_settings":{"template":"highway","default_image_id":0,"font":"","enabled":false},"version":2}},"categories":[10],"tags":[42,933,29252,33],"class_list":["post-194240","post","type-post","status-publish","format-standard","has-post-thumbnail","hentry","category-dunya","tag-almanya","tag-bakani","tag-erbilde","tag-savunma"],"jetpack_publicize_connections":[],"jetpack_featured_media_url":"https:\/\/i0.wp.com\/www.tvturk.com\/wp-content\/uploads\/2019\/08\/almanya-savunma-bakani-erbilde_2166fc8.jpg?fit=1000%2C634","jetpack_sharing_enabled":true,"jetpack_shortlink":"https:\/\/wp.me\/paKIfm-OwU","_links":{"self":[{"href":"http:\/\/www.tvturk.com\/index.php\/wp-json\/wp\/v2\/posts\/194240","targetHints":{"allow":["GET"]}}],"collection":[{"href":"http:\/\/www.tvturk.com\/index.php\/wp-json\/wp\/v2\/posts"}],"about":[{"href":"http:\/\/www.tvturk.com\/index.php\/wp-json\/wp\/v2\/types\/post"}],"author":[{"embeddable":true,"href":"http:\/\/www.tvturk.com\/index.php\/wp-json\/wp\/v2\/users\/1"}],"replies":[{"embeddable":true,"href":"http:\/\/www.tvturk.com\/index.php\/wp-json\/wp\/v2\/comments?post=194240"}],"version-history":[{"count":0,"href":"http:\/\/www.tvturk.com\/index.php\/wp-json\/wp\/v2\/posts\/194240\/revisions"}],"wp:featuredmedia":[{"embeddable":true,"href":"http:\/\/www.tvturk.com\/index.php\/wp-json\/wp\/v2\/media\/194241"}],"wp:attachment":[{"href":"http:\/\/www.tvturk.com\/index.php\/wp-json\/wp\/v2\/media?parent=194240"}],"wp:term":[{"taxonomy":"category","embeddable":true,"href":"http:\/\/www.tvturk.com\/index.php\/wp-json\/wp\/v2\/categories?post=194240"},{"taxonomy":"post_tag","embeddable":true,"href":"http:\/\/www.tvturk.com\/index.php\/wp-json\/wp\/v2\/tags?post=194240"}],"curies":[{"name":"wp","href":"https:\/\/api.w.org\/{rel}","templated":true}]}}