{"id":194246,"date":"2019-08-21T13:46:31","date_gmt":"2019-08-21T10:46:31","guid":{"rendered":"http:\/\/www.tvturk.com\/index.php\/istanbulda-gokyuzunu-kaplayan-kara-bulutlar-havadan-goruntulendi\/"},"modified":"2019-08-21T13:46:31","modified_gmt":"2019-08-21T10:46:31","slug":"istanbulda-gokyuzunu-kaplayan-kara-bulutlar-havadan-goruntulendi","status":"publish","type":"post","link":"http:\/\/www.tvturk.com\/index.php\/istanbulda-gokyuzunu-kaplayan-kara-bulutlar-havadan-goruntulendi\/","title":{"rendered":"\u0130stanbul\u2019da g\u00f6ky\u00fcz\u00fcn\u00fc kaplayan kara bulutlar havadan g\u00f6r\u00fcnt\u00fclendi"},"content":{"rendered":"<p>\u0130stanbul Bo\u011faz\u0131\u2019nda g\u00f6ky\u00fcz\u00fcn\u00fc kaplayan kara bulutlar havadan g\u00f6r\u00fcnt\u00fclendi.<\/p>\n<p>Meteoroloji Genel M\u00fcd\u00fcrl\u00fc\u011f\u00fcn\u00fcn uyar\u0131lar\u0131n\u0131n ard\u0131ndan beklenen ya\u011f\u0131\u015f Anadolu Yakas\u0131\u2019nda etkili olmaya ba\u015flad\u0131. Yer yer etkili olan ya\u011fmurla birlikte g\u00f6ky\u00fcz\u00fcn\u00fc kara bulutlar kaplad\u0131. \u0130stanbul Bo\u011faz\u0131\u2019n\u0131 kaplayan kara bulutlar havadan g\u00f6r\u00fcnt\u00fclendi.<\/p>\n","protected":false},"excerpt":{"rendered":"<p>\u0130STANBUL BO\u011eAZI&#8217;NDA G\u00d6KY\u00dcZ\u00dcN\u00dc KAPLAYAN KARA BULUTLAR HAVADAN G\u00d6R\u00dcNT\u00dcLEND\u0130.<\/p>\n","protected":false},"author":1,"featured_media":194247,"comment_status":"closed","ping_status":"open","sticky":false,"template":"","format":"standard","meta":{"jetpack_post_was_ever_published":false,"_jetpack_newsletter_access":"","_jetpack_dont_email_post_to_subs":false,"_jetpack_newsletter_tier_id":0,"_jetpack_memberships_contains_paywalled_content":false,"_jetpack_memberships_contains_paid_content":false,"footnotes":"","jetpack_publicize_message":"","jetpack_publicize_feature_enabled":true,"jetpack_social_post_already_shared":true,"jetpack_social_options":{"image_generator_settings":{"template":"highway","default_image_id":0,"font":"","enabled":false},"version":2}},"categories":[1],"tags":[10182,29133,3388,3387,1268,2444,2053],"class_list":["post-194246","post","type-post","status-publish","format-standard","has-post-thumbnail","hentry","category-genel","tag-bulutlar","tag-gokyuzunu","tag-goruntulendi","tag-havadan","tag-istanbulda","tag-kaplayan","tag-kara"],"jetpack_publicize_connections":[],"jetpack_featured_media_url":"https:\/\/i0.wp.com\/www.tvturk.com\/wp-content\/uploads\/2019\/08\/istanbulda-gokyuzunu-kaplayan-kara-bulutlar-havadan-goruntulendi_ff4ce4a.jpg?fit=1000%2C562","jetpack_sharing_enabled":true,"jetpack_shortlink":"https:\/\/wp.me\/paKIfm-Ox0","_links":{"self":[{"href":"http:\/\/www.tvturk.com\/index.php\/wp-json\/wp\/v2\/posts\/194246","targetHints":{"allow":["GET"]}}],"collection":[{"href":"http:\/\/www.tvturk.com\/index.php\/wp-json\/wp\/v2\/posts"}],"about":[{"href":"http:\/\/www.tvturk.com\/index.php\/wp-json\/wp\/v2\/types\/post"}],"author":[{"embeddable":true,"href":"http:\/\/www.tvturk.com\/index.php\/wp-json\/wp\/v2\/users\/1"}],"replies":[{"embeddable":true,"href":"http:\/\/www.tvturk.com\/index.php\/wp-json\/wp\/v2\/comments?post=194246"}],"version-history":[{"count":0,"href":"http:\/\/www.tvturk.com\/index.php\/wp-json\/wp\/v2\/posts\/194246\/revisions"}],"wp:featuredmedia":[{"embeddable":true,"href":"http:\/\/www.tvturk.com\/index.php\/wp-json\/wp\/v2\/media\/194247"}],"wp:attachment":[{"href":"http:\/\/www.tvturk.com\/index.php\/wp-json\/wp\/v2\/media?parent=194246"}],"wp:term":[{"taxonomy":"category","embeddable":true,"href":"http:\/\/www.tvturk.com\/index.php\/wp-json\/wp\/v2\/categories?post=194246"},{"taxonomy":"post_tag","embeddable":true,"href":"http:\/\/www.tvturk.com\/index.php\/wp-json\/wp\/v2\/tags?post=194246"}],"curies":[{"name":"wp","href":"https:\/\/api.w.org\/{rel}","templated":true}]}}