{"id":194258,"date":"2019-08-21T14:01:55","date_gmt":"2019-08-21T11:01:55","guid":{"rendered":"http:\/\/www.tvturk.com\/index.php\/yusufelide-7-koy-yeniden-insa-edilecek\/"},"modified":"2019-08-21T14:01:55","modified_gmt":"2019-08-21T11:01:55","slug":"yusufelide-7-koy-yeniden-insa-edilecek","status":"publish","type":"post","link":"http:\/\/www.tvturk.com\/index.php\/yusufelide-7-koy-yeniden-insa-edilecek\/","title":{"rendered":"Yusufeli\u2019de 7 k\u00f6y yeniden in\u015fa edilecek"},"content":{"rendered":"<p>Artvin\u2019de Yusufeli Baraj\u0131 nedeniyle sular al\u0131nda kalacak olan Yusufeli il\u00e7esinde yeni yerle\u015fim yerinin ard\u0131ndan 3 k\u00f6yde altyap\u0131 \u00e7al\u0131\u015fmalar\u0131 ba\u015flad\u0131.<\/p>\n<p>\u0130n\u015faat\u0131 tamamland\u0131\u011f\u0131nda T\u00fcrkiye\u2019nin en y\u00fcksek ve d\u00fcnyan\u0131n \u00fc\u00e7\u00fcnc\u00fc en y\u00fcksek baraj\u0131 olacak olan Yusufeli Baraj\u0131 ve HES in\u015faat\u0131 nedeniyle sular alt\u0131nda kalacak Yusufeli il\u00e7esinin yan\u0131 s\u0131ra 7 k\u00f6y yeniden in\u015fa edilecek. Yusufeli\u2019nin yeni yerle\u015fim yerinde yap\u0131la\u015fma h\u0131zla ilerlerken, sular alt\u0131nda kalacak olan \u00c7evreli, Tekkale ve \u0130\u015fhan, Yenik\u00f6y, Irmakyan\u0131, Me\u015feli, \u00c7eltikd\u00fcz\u00fc k\u00f6yleri yeniden in\u015fa edilecek. Bu k\u00f6ylerden \u00c7evreli, Tekkale, \u0130\u015fhan k\u00f6ylerinin yeni yerle\u015fim yerlerinin alt yap\u0131 \u00e7al\u0131\u015fmalar\u0131 DS\u0130 \u00c7oruh Projeleri 26. B\u00f6lge M\u00fcd\u00fcrl\u00fc\u011f\u00fc taraf\u0131ndan ba\u015flad\u0131.<\/p>\n<p>DS\u0130 \u00c7oruh Projeleri 26. B\u00f6lge M\u00fcd\u00fcrl\u00fc\u011f\u00fc taraf\u0131ndan yap\u0131lan a\u00e7\u0131klamada, \u201cDS\u0130 \u00c7oruh Projeleri 26. B\u00f6lge M\u00fcd\u00fcrl\u00fc\u011f\u00fcnce in\u015fa edilen Yusufeli il\u00e7esi yeniden yerle\u015fim yeri ve k\u00f6ylerin yeniden yerle\u015fim yerleri altyap\u0131 \u00e7al\u0131\u015fmalar\u0131 in\u015faat\u0131nda \u00e7al\u0131\u015fmalar devam ediyor. Bu ihale kapsam\u0131nda 3 adet k\u00f6y\u00fcn (\u00c7evreli, Tekkale, \u0130\u015fhan) yeni k\u00f6y yerle\u015fim yerinin altyap\u0131 \u00e7al\u0131\u015fmalar\u0131 ile yeni il\u00e7e merkezinin altyap\u0131 kalemleri yap\u0131lacakt\u0131r. Bug\u00fcne kadar 2 milyon metrek\u00fcp civar\u0131nda kaz\u0131, 80 metre ta\u015f duvar ve batardo 11 ve batardo 12\u2019nin topuk imalatlar\u0131 tamamlanm\u0131\u015ft\u0131r. Ada kaz\u0131lar\u0131, ta\u015f duvar, batardolar\u0131npalye \u00e7al\u0131\u015fmalar\u0131 ve altyap\u0131 uygulama proje i\u015flerine devam edilmektedir. \u0130\u015fin fiziksel ger\u00e7ekle\u015fmesi y\u00fczde 25 seviyesindedir\u201d ifadelerine yer verildi.<\/p>\n","protected":false},"excerpt":{"rendered":"<p>YUSUFEL\u0130 BARAJI NEDEN\u0130YLE SULAR ALINDA KALACAK OLAN YUSUFEL\u0130 \u0130L\u00c7ES\u0130NDE, YEN\u0130 YERLE\u015e\u0130M YER\u0130N\u0130N ARDINDAN 3 K\u00d6Y\u00dcNDE ALT YAPI \u00c7ALI\u015eMALARI BA\u015eLADI.<\/p>\n","protected":false},"author":1,"featured_media":194259,"comment_status":"closed","ping_status":"open","sticky":false,"template":"","format":"standard","meta":{"jetpack_post_was_ever_published":false,"_jetpack_newsletter_access":"","_jetpack_dont_email_post_to_subs":false,"_jetpack_newsletter_tier_id":0,"_jetpack_memberships_contains_paywalled_content":false,"_jetpack_memberships_contains_paid_content":false,"footnotes":"","jetpack_publicize_message":"","jetpack_publicize_feature_enabled":true,"jetpack_social_post_already_shared":true,"jetpack_social_options":{"image_generator_settings":{"template":"highway","default_image_id":0,"font":"","enabled":false},"version":2}},"categories":[1],"tags":[6119,3148,1703,720,48699],"class_list":["post-194258","post","type-post","status-publish","format-standard","has-post-thumbnail","hentry","category-genel","tag-edilecek","tag-insa","tag-koy","tag-yeniden","tag-yusufelide"],"jetpack_publicize_connections":[],"jetpack_featured_media_url":"https:\/\/i0.wp.com\/www.tvturk.com\/wp-content\/uploads\/2019\/08\/yusufelide-7-koy-yeniden-insa-edilecek_0b7b360.jpg?fit=960%2C640","jetpack_sharing_enabled":true,"jetpack_shortlink":"https:\/\/wp.me\/paKIfm-Oxc","_links":{"self":[{"href":"http:\/\/www.tvturk.com\/index.php\/wp-json\/wp\/v2\/posts\/194258","targetHints":{"allow":["GET"]}}],"collection":[{"href":"http:\/\/www.tvturk.com\/index.php\/wp-json\/wp\/v2\/posts"}],"about":[{"href":"http:\/\/www.tvturk.com\/index.php\/wp-json\/wp\/v2\/types\/post"}],"author":[{"embeddable":true,"href":"http:\/\/www.tvturk.com\/index.php\/wp-json\/wp\/v2\/users\/1"}],"replies":[{"embeddable":true,"href":"http:\/\/www.tvturk.com\/index.php\/wp-json\/wp\/v2\/comments?post=194258"}],"version-history":[{"count":0,"href":"http:\/\/www.tvturk.com\/index.php\/wp-json\/wp\/v2\/posts\/194258\/revisions"}],"wp:featuredmedia":[{"embeddable":true,"href":"http:\/\/www.tvturk.com\/index.php\/wp-json\/wp\/v2\/media\/194259"}],"wp:attachment":[{"href":"http:\/\/www.tvturk.com\/index.php\/wp-json\/wp\/v2\/media?parent=194258"}],"wp:term":[{"taxonomy":"category","embeddable":true,"href":"http:\/\/www.tvturk.com\/index.php\/wp-json\/wp\/v2\/categories?post=194258"},{"taxonomy":"post_tag","embeddable":true,"href":"http:\/\/www.tvturk.com\/index.php\/wp-json\/wp\/v2\/tags?post=194258"}],"curies":[{"name":"wp","href":"https:\/\/api.w.org\/{rel}","templated":true}]}}