{"id":194306,"date":"2019-08-21T15:16:37","date_gmt":"2019-08-21T12:16:37","guid":{"rendered":"http:\/\/www.tvturk.com\/index.php\/almanyadan-tatil-icin-geldi-karasuda-musluman-oldu\/"},"modified":"2019-08-21T15:16:37","modified_gmt":"2019-08-21T12:16:37","slug":"almanyadan-tatil-icin-geldi-karasuda-musluman-oldu","status":"publish","type":"post","link":"http:\/\/www.tvturk.com\/index.php\/almanyadan-tatil-icin-geldi-karasuda-musluman-oldu\/","title":{"rendered":"Almanya\u2019dan tatil i\u00e7in geldi Karasuda M\u00fcsl\u00fcman oldu"},"content":{"rendered":"<p>Alman vatanda\u015f\u0131 olan 24 ya\u015f\u0131ndaki Jaana Sakarya\u2019da M\u00fcsl\u00fcman oldu. M\u00fcsl\u00fcman olan Jaana ad\u0131n\u0131 Ya\u011fmur olarak de\u011fi\u015ftirdi.<\/p>\n<p>Alman vatanda\u015f\u0131 olan 24 ya\u015f\u0131ndaki Jaana, tatil yapmak i\u00e7in Sakarya\u2019n\u0131n Karasu il\u00e7esine geldi. Burada M\u00fcsl\u00fcmanl\u0131\u011f\u0131 ara\u015ft\u0131rd\u0131ktan sonras\u0131nda M\u00fcsl\u00fcman olmaya karar verdi. Karasu M\u00fcft\u00fcl\u00fc\u011f\u00fcne m\u00fcracaat eden ve M\u00fcft\u00fc Nedim \u00d6zkol huzurunda kelime-i \u015fehadet getirerek M\u00fcsl\u00fcman olan Jaana\u2019ya ihtida belgesi verildi. M\u00fcsl\u00fcman olduktan sonra Jaana ad\u0131n\u0131 Ya\u011fmur olarak de\u011fi\u015ftirdi.<\/p>\n","protected":false},"excerpt":{"rendered":"<p>ALMAN VATANDA\u015eI OLAN 24 YA\u015eINDAK\u0130 JAANA SAKARYA\u2019DA M\u00dcSL\u00dcMAN OLDU. M\u00dcSL\u00dcMAN OLAN JAANA ADINI YA\u011eMUR OLARAK DE\u011e\u0130\u015eT\u0130RD\u0130.<\/p>\n","protected":false},"author":1,"featured_media":194307,"comment_status":"closed","ping_status":"open","sticky":false,"template":"","format":"standard","meta":{"jetpack_post_was_ever_published":false,"_jetpack_newsletter_access":"","_jetpack_dont_email_post_to_subs":false,"_jetpack_newsletter_tier_id":0,"_jetpack_memberships_contains_paywalled_content":false,"_jetpack_memberships_contains_paid_content":false,"footnotes":"","jetpack_publicize_message":"","jetpack_publicize_feature_enabled":true,"jetpack_social_post_already_shared":true,"jetpack_social_options":{"image_generator_settings":{"template":"highway","default_image_id":0,"font":"","enabled":false},"version":2}},"categories":[1],"tags":[666,127,44,14768,4021,77,3575],"class_list":["post-194306","post","type-post","status-publish","format-standard","has-post-thumbnail","hentry","category-genel","tag-almanyadan","tag-geldi","tag-icin","tag-karasuda","tag-musluman","tag-oldu","tag-tatil"],"jetpack_publicize_connections":[],"jetpack_featured_media_url":"https:\/\/i0.wp.com\/www.tvturk.com\/wp-content\/uploads\/2019\/08\/almanyadan-tatil-icin-geldi-karasuda-musluman-oldu_20be12a.jpg?fit=960%2C720","jetpack_sharing_enabled":true,"jetpack_shortlink":"https:\/\/wp.me\/paKIfm-OxY","_links":{"self":[{"href":"http:\/\/www.tvturk.com\/index.php\/wp-json\/wp\/v2\/posts\/194306","targetHints":{"allow":["GET"]}}],"collection":[{"href":"http:\/\/www.tvturk.com\/index.php\/wp-json\/wp\/v2\/posts"}],"about":[{"href":"http:\/\/www.tvturk.com\/index.php\/wp-json\/wp\/v2\/types\/post"}],"author":[{"embeddable":true,"href":"http:\/\/www.tvturk.com\/index.php\/wp-json\/wp\/v2\/users\/1"}],"replies":[{"embeddable":true,"href":"http:\/\/www.tvturk.com\/index.php\/wp-json\/wp\/v2\/comments?post=194306"}],"version-history":[{"count":0,"href":"http:\/\/www.tvturk.com\/index.php\/wp-json\/wp\/v2\/posts\/194306\/revisions"}],"wp:featuredmedia":[{"embeddable":true,"href":"http:\/\/www.tvturk.com\/index.php\/wp-json\/wp\/v2\/media\/194307"}],"wp:attachment":[{"href":"http:\/\/www.tvturk.com\/index.php\/wp-json\/wp\/v2\/media?parent=194306"}],"wp:term":[{"taxonomy":"category","embeddable":true,"href":"http:\/\/www.tvturk.com\/index.php\/wp-json\/wp\/v2\/categories?post=194306"},{"taxonomy":"post_tag","embeddable":true,"href":"http:\/\/www.tvturk.com\/index.php\/wp-json\/wp\/v2\/tags?post=194306"}],"curies":[{"name":"wp","href":"https:\/\/api.w.org\/{rel}","templated":true}]}}