{"id":194324,"date":"2019-08-21T16:16:35","date_gmt":"2019-08-21T13:16:35","guid":{"rendered":"http:\/\/www.tvturk.com\/index.php\/arinctan-cumhurbaskanligi-hukumet-sistemi-ile-ilgili-aciklama\/"},"modified":"2019-08-21T16:16:35","modified_gmt":"2019-08-21T13:16:35","slug":"arinctan-cumhurbaskanligi-hukumet-sistemi-ile-ilgili-aciklama","status":"publish","type":"post","link":"http:\/\/www.tvturk.com\/index.php\/arinctan-cumhurbaskanligi-hukumet-sistemi-ile-ilgili-aciklama\/","title":{"rendered":"Ar\u0131n\u00e7\u2019tan Cumhurba\u015fkanl\u0131\u011f\u0131 H\u00fckumet Sistemi ile ilgili a\u00e7\u0131klama"},"content":{"rendered":"<p>Cumhurba\u015fkanl\u0131\u011f\u0131 Y\u0130K \u00dcyesi B\u00fclent Ar\u0131n\u00e7, Cumhurba\u015fkanl\u0131\u011f\u0131 H\u00fckumet Sistemi ile ilgili, \u201cEvet sistem de\u011fi\u015fmeyecek ama her \u015feyde oldu\u011fu gibi aksayan, verimsiz olan alanlar mutlaka restore edilecek, bizim inanc\u0131m\u0131z bu\u201d dedi. Ar\u0131n\u00e7 ayr\u0131ca Cumhurba\u015fkanl\u0131\u011f\u0131na ba\u011flanan TBMM\u2019ye ait mekanlar\u0131n da yeniden Milli Saraylara devredilece\u011fini s\u00f6yledi.<\/p>\n<p>Cumhurba\u015fkanl\u0131\u011f\u0131 Y\u0130K \u00dcyesi B\u00fclent Ar\u0131n\u00e7, Malatya program\u0131 kapsam\u0131nda AK Parti Malatya \u0130l Ba\u015fkanl\u0131\u011f\u0131n\u0131 ziyaret etti. Burada \u0130l Ba\u015fkan\u0131 \u0130hsan Koca ve partililer taraf\u0131ndan kar\u015f\u0131lanan Ar\u0131n\u00e7, burada g\u00fcndeme ili\u015fkin baz\u0131 a\u00e7\u0131klamalarda bulundu. T\u00fcrkiye\u2019nin farkl\u0131 bir mecrada oldu\u011funu belirten Ar\u0131n\u00e7, yeni h\u00fckumet sistemi ile ilgili de\u011ferlendirmelerde bulundu.<\/p>\n<p>Cumhurba\u015fkanl\u0131\u011f\u0131 H\u00fckumet sisteminin tam uygulanmas\u0131 ile ba\u015far\u0131l\u0131 olaca\u011f\u0131n\u0131 ifade eden Ar\u0131n\u00e7, \u201cAma her ilk uygulamada oldu\u011fu gibi baz\u0131 yerlerde aksamalar g\u00f6r\u00fclebilir, baz\u0131 yerlerde uyumsuzluklar, s\u0131k\u0131nt\u0131 var denilebilir. Hepsini anlay\u0131\u015fla kar\u015f\u0131l\u0131yoruz. Say\u0131n Cumhurba\u015fkan\u0131m\u0131zda, yard\u0131mc\u0131s\u0131 Fuat Oktay\u2019\u0131n ba\u015fkanl\u0131\u011f\u0131nda kendi k\u00fclliyesinde, AK Parti\u2019de de gurup y\u00f6netimi aksayan neresi var diye bir \u00e7al\u0131\u015fma yap\u0131yorlar. Evet sistem de\u011fi\u015fmeyecek ama her \u015feyde oldu\u011fu gibi aksayan, verimsiz olan alanlar mutlaka restore edilecek, bizim inanc\u0131m\u0131z bu\u201d \u015feklinde konu\u015ftu.<\/p>\n<p>Yeni sistem de art\u0131k halk\u0131n se\u00e7ti\u011fi bir Cumhurba\u015fkan\u0131n\u0131n oldu\u011funu an\u0131msatan Ar\u0131n\u00e7, \u201cAyn\u0131 zamanda cumhurba\u015fkan\u0131 partisine \u00fcye olabiliyor, genel ba\u015fkan olabiliyor. Say\u0131n Erdo\u011fan\u2019\u0131n hem Cumhurba\u015fkan\u0131 olmas\u0131 hem de partisinin genel ba\u015fkan\u0131 olmas\u0131 \u00e7o\u011fu ki\u015fi hazmedemedi. Ama bu anayasa oylamas\u0131 ile ger\u00e7ekle\u015fti. Ge\u00e7mi\u015fte \u00f6rnekleri var, b\u00f6yle bir \u00f6rne\u011finde bu se\u00e7imlerde nas\u0131l bir etki yapt\u0131\u011f\u0131n\u0131 partimiz takip ediyor. \u015euanda T\u00fcrkiye\u2019de rejim de\u011fi\u015fmedi yine demokrasi var. Ama h\u00fckumet sistemleri i\u00e7erisinde farkl\u0131 bir sistemdeyiz. G\u00fc\u00e7lendirilmi\u015f ve icran\u0131n ba\u015f\u0131nda olan bir Cumhurba\u015fkan\u0131 var. B\u00fct\u00fcn bunlar s\u00fcre\u00e7 i\u00e7erisinde mutlaka kabul edilecek, \u00f6ng\u00f6r\u00fclecek \u015feyler\u201d dedi.<\/p>\n<p>Meclise ait Dolmabah\u00e7e, Y\u0131ld\u0131z Saray\u0131, Beylerbeyi Saray\u0131, Sosyal tesisler gibi baz\u0131 mekanlar\u0131n Cumhurba\u015fkanl\u0131\u011f\u0131na devredildi\u011fini hat\u0131rlatan Ar\u0131n\u00e7, \u201cBir y\u0131l i\u00e7erisinde g\u00f6r\u00fcld\u00fc ki sosyal tesislerin ve baz\u0131 yerlerin Cumhurba\u015fkanl\u0131\u011f\u0131ndan ziyade milli saraylarda kalmas\u0131 daha do\u011fru. Bug\u00fcn onun karar\u0131 al\u0131nd\u0131. Bunun gibi Cumhurba\u015fkanl\u0131\u011f\u0131 kararnameleri ile baz\u0131 r\u00f6tu\u015flar yap\u0131l\u0131yor\u201d \u015feklinde konu\u015ftu.<\/p>\n<p>Yine yeni sistemle ilgili baz\u0131 s\u0131k\u0131nt\u0131lar\u0131n da oldu\u011funu bunlardan birinin de baz\u0131 bakanlar\u0131n milletvekili olmamas\u0131 nedeniyle parlamentoda olmay\u0131\u015f\u0131 oldu\u011funu belirten Ar\u0131n\u00e7, \u201cMilletvekilleri halk\u0131n taleplerini nas\u0131l bakanlara iletecekler diye bir talep var.  Bu noktada Mecliste n\u00f6bet\u00e7i bakanl\u0131k uygulamas\u0131 ve bakanlar\u0131n yasama \u00e7al\u0131\u015fmalar\u0131nda mutlaka bakan s\u0131ralar\u0131nda oturmas\u0131 \u00e7al\u0131\u015fmas\u0131 var\u201d diye konu\u015ftu.<\/p>\n<p>Son yerel se\u00e7imlerde Cumhur \u0130ttifak\u0131 ile se\u00e7imlere kat\u0131ld\u0131klar\u0131n\u0131 kar\u015f\u0131lar\u0131nda ise 4 partili bir ittifak oldu\u011funu s\u00f6yleyen Ar\u0131n\u00e7, \u201cKendi hatalar\u0131m\u0131zda olabilir mutlaka. \u00c7ok b\u00fcy\u00fck belediyeleri kaybettik. Malatya\u2019y\u0131 nas\u0131l kazand\u0131\u011f\u0131m\u0131z i\u00e7in bayram ediyorsak \u0130stanbul\u2019u da kaybetti\u011fimiz i\u00e7in \u00fcz\u00fcl\u00fcyoruz. Hem de az buz de\u011fil 15 bin farktan 850 bin farka \u00e7\u0131kmak ger\u00e7ekten bizi \u00fczd\u00fc. Bunun sebepleri \u00fczerinde \u00e7al\u0131\u015f\u0131yoruz, az \u00e7okta biliyoruz\u201d ifadelerine yer verdi.<\/p>\n<p>\u0130stanbul ve Ankara\u2019da 25 y\u0131ld\u0131r Belediyenin kendilerinde oldu\u011funu ifade eden Ar\u0131n\u00e7, \u201cburalarda belediyeler bizde ama biz se\u00e7im kaybediyoruz.  10 il 55 il\u00e7e kaybedildi, bunlar bize \u00fcz\u00fcnt\u00fc veriyor ama derhal toplanaca\u011f\u0131z Allah\u2019\u0131n izniyle buralar\u0131 b\u00fcy\u00fck oy fark\u0131 ile yeniden kazanaca\u011f\u0131z. Birlik beraberlik, sab\u0131r ve sadakatle yola devam edece\u011fiz\u201d dedi.<\/p>\n<p>Son se\u00e7imlerde AK Parti\u2019den CHP aday\u0131na oy kayd\u0131\u011f\u0131n\u0131 da dile getiren Ar\u0131n\u00e7, \u015funlar\u0131 s\u00f6yledi:<\/p>\n<p>\u201c\u0130stanbul\u2019da AK Parti se\u00e7meninden CHP\u2019ye oy gider mi diye soruldu\u011funda herkes hay\u0131r derdi. Ama rakamlar bize 250 bin AK Partiye oy vermi\u015f insan\u0131n \u015fu veya bu sebepten dolay\u0131 CHP\u2019nin aday\u0131na oy verdi\u011fini g\u00f6steriyor. Se\u00e7men iradesidir bir \u015fey demiyoruz kabahati kendimizde buluyoruz. Biz ne yapt\u0131k ki 25 y\u0131ld\u0131r bize oy verenler bu se\u00e7imde farkl\u0131 bir tercihte bulundular. Bunun muhasebesini yap\u0131yoruz, bir \u015feyi te\u015fhis ederseniz bunun tedavisi kolay. CHP\u2019ye oy vermek g\u00fcnah m\u0131 hay\u0131r o anlamda s\u00f6ylemiyorum ama siyaset b\u00f6yledir T\u00fcrkiye\u2019de. T\u00fcrkiye\u2019de y\u00fcz ki\u015fiden 70\u2019i AK Partiye bir \u015fekilde oy vermi\u015f. B\u00f6yle bir kitle d\u00fcnyada yok. Bizim elimizde y\u00fczde 70 bir potansiyel var. Bunu \u00e7ok iyi kullanmam\u0131z laz\u0131m, herkesi bu partide birinci s\u0131n\u0131f yapmak zorunday\u0131z\u201d<\/p>\n<p>AK Parti\u2019nin \u015fuanda y\u00fczde 40 oyunun oldu\u011funu ve di\u011fer partilerinin kendilerine yakla\u015famad\u0131\u011f\u0131n\u0131 ifade eden Ar\u0131n\u00e7, \u201cArt\u0131k y\u00fczde birin bile k\u0131ymeti var. Eski sistemde bu halimizle her zaman iktidar oluruz. Tekrar geriye d\u00f6n\u00fc\u015f de d\u00fc\u015f\u00fcn\u00fclmedi\u011fine g\u00f6re zoru ba\u015farmam\u0131z laz\u0131m. Y\u00fczde 50 + 1, bu imkans\u0131z de\u011fil\u201d ifadelerine yer verdi.<\/p>\n<p>Ali Babacan Ahmet Davuto\u011flu\u2019nun parti kurma d\u00fc\u015f\u00fcncesi ile ilgili de konu\u015fan Ar\u0131n\u00e7, \u201cBu arkada\u015flar parti kuracaklarm\u0131\u015f dendi\u011fi zaman \u015fah\u0131slar\u0131n\u0131 \u00e7ok seviyorum ama \u00e7ok b\u00fcy\u00fck hata yaparlar. Erkan Mumcu, \u0130dris Naim \u015eahin, Abd\u00fcllatif \u015eener\u2019de ayr\u0131l\u0131p parti kurdular ama hi\u00e7 birisine millet selam bile vermedi. Ama o zaman \u00e7ok g\u00fc\u00e7l\u00fc bir partiydik. \u015eimdi biraz yaral\u0131y\u0131z, s\u0131k\u0131nt\u0131lar\u0131m\u0131z var, kendi i\u00e7imizde \u00e7\u00f6z\u00fclmeler var. Bunlar\u0131 tekrar toplamam\u0131z laz\u0131m. Bundan da yan\u0131l\u0131p da birilerinin deste\u011fi ile onlar\u0131n s\u00f6zlerine bakarak kar\u015f\u0131m\u0131za \u00e7\u0131k\u0131p parti kurarlarsa millet onlar\u0131 affetmez\u201d diye konu\u015ftu.<\/p>\n","protected":false},"excerpt":{"rendered":"<p>CUMHURBA\u015eKANLI\u011eI Y\u0130K \u00dcYES\u0130 B\u00dcLENT ARIN\u00c7, MALATYA PROGRAMI KAPSAMINDA AK PART\u0130 MALATYA \u0130L BA\u015eKANLI\u011eINI Z\u0130YARET ETT\u0130. BURADA \u0130L BA\u015eKANI \u0130HSAN KOCA VE PART\u0130L\u0130LER TARAFINDAN KAR\u015eILANAN ARIN\u00c7, BURADA G\u00dcNDEME \u0130L\u0130\u015eK\u0130N BAZI A\u00c7IKLAMALARDA BULUNDU.<\/p>\n","protected":false},"author":1,"featured_media":194325,"comment_status":"closed","ping_status":"open","sticky":false,"template":"","format":"standard","meta":{"jetpack_post_was_ever_published":false,"_jetpack_newsletter_access":"","_jetpack_dont_email_post_to_subs":false,"_jetpack_newsletter_tier_id":0,"_jetpack_memberships_contains_paywalled_content":false,"_jetpack_memberships_contains_paid_content":false,"footnotes":"","jetpack_publicize_message":"","jetpack_publicize_feature_enabled":true,"jetpack_social_post_already_shared":true,"jetpack_social_options":{"image_generator_settings":{"template":"highway","default_image_id":0,"font":"","enabled":false},"version":2}},"categories":[1],"tags":[3349,25006,5204,3563,192,3012,6233],"class_list":["post-194324","post","type-post","status-publish","format-standard","has-post-thumbnail","hentry","category-genel","tag-aciklama","tag-arinctan","tag-cumhurbaskanligi","tag-hukumet","tag-ile","tag-ilgili","tag-sistemi"],"jetpack_publicize_connections":[],"jetpack_featured_media_url":"https:\/\/i0.wp.com\/www.tvturk.com\/wp-content\/uploads\/2019\/08\/arinctan-cumhurbaskanligi-hukumet-sistemi-ile-ilgili-aciklama_20e7b5e.jpg?fit=960%2C720","jetpack_sharing_enabled":true,"jetpack_shortlink":"https:\/\/wp.me\/paKIfm-Oyg","_links":{"self":[{"href":"http:\/\/www.tvturk.com\/index.php\/wp-json\/wp\/v2\/posts\/194324","targetHints":{"allow":["GET"]}}],"collection":[{"href":"http:\/\/www.tvturk.com\/index.php\/wp-json\/wp\/v2\/posts"}],"about":[{"href":"http:\/\/www.tvturk.com\/index.php\/wp-json\/wp\/v2\/types\/post"}],"author":[{"embeddable":true,"href":"http:\/\/www.tvturk.com\/index.php\/wp-json\/wp\/v2\/users\/1"}],"replies":[{"embeddable":true,"href":"http:\/\/www.tvturk.com\/index.php\/wp-json\/wp\/v2\/comments?post=194324"}],"version-history":[{"count":0,"href":"http:\/\/www.tvturk.com\/index.php\/wp-json\/wp\/v2\/posts\/194324\/revisions"}],"wp:featuredmedia":[{"embeddable":true,"href":"http:\/\/www.tvturk.com\/index.php\/wp-json\/wp\/v2\/media\/194325"}],"wp:attachment":[{"href":"http:\/\/www.tvturk.com\/index.php\/wp-json\/wp\/v2\/media?parent=194324"}],"wp:term":[{"taxonomy":"category","embeddable":true,"href":"http:\/\/www.tvturk.com\/index.php\/wp-json\/wp\/v2\/categories?post=194324"},{"taxonomy":"post_tag","embeddable":true,"href":"http:\/\/www.tvturk.com\/index.php\/wp-json\/wp\/v2\/tags?post=194324"}],"curies":[{"name":"wp","href":"https:\/\/api.w.org\/{rel}","templated":true}]}}