{"id":194358,"date":"2019-08-21T17:31:53","date_gmt":"2019-08-21T14:31:53","guid":{"rendered":"http:\/\/www.tvturk.com\/index.php\/ankara-voleybolun-da-baskenti-olacak\/"},"modified":"2019-08-21T17:31:53","modified_gmt":"2019-08-21T14:31:53","slug":"ankara-voleybolun-da-baskenti-olacak","status":"publish","type":"post","link":"http:\/\/www.tvturk.com\/index.php\/ankara-voleybolun-da-baskenti-olacak\/","title":{"rendered":"Ankara voleybolun da ba\u015fkenti olacak"},"content":{"rendered":"<p>Avrupa Kad\u0131nlar Voleybol \u015eampiyonas\u0131\u2019nda final heyecan\u0131 ba\u015fkent Ankara\u2019da ya\u015fanacak.<\/p>\n<p>Ba\u015far\u0131dan ba\u015far\u0131ya ko\u015farak uluslararas\u0131 platformlarda T\u00fcrk Bayra\u011f\u0131\u2019n\u0131 g\u00f6ndere \u00e7ektiren A Milli Kad\u0131n Voleybol Tak\u0131m\u0131, 23 A\u011fustos-8 Eyl\u00fcl tarihleri aras\u0131nda Ankara\u2019da d\u00fczenlenecek olan \u201c2019 CEV Avrupa Kad\u0131nlar Voleybol \u015eampiyonas\u0131&#8221; final ma\u00e7lar\u0131nda m\u00fccadele edecek. Ba\u015fkent\u2019in ev sahipli\u011fi yapaca\u011f\u0131 \u015fampiyonan\u0131n 23 A\u011fustos Cuma g\u00fcn\u00fc ger\u00e7ekle\u015fecek a\u00e7\u0131l\u0131\u015f kar\u015f\u0131la\u015fmas\u0131na Ankara B\u00fcy\u00fck\u015fehir Belediye Ba\u015fkan\u0131 Mansur Yava\u015f da kat\u0131lacak. S\u0131ras\u0131yla Yunanistan, Finlandiya, Bulgaristan, Fransa ve S\u0131rbistan ile final ma\u00e7lar\u0131 yapacak olan A Milli Kad\u0131n Voleybol Tak\u0131m\u0131\u2019n\u0131n bu uluslararas\u0131 heyecan\u0131na Ankara B\u00fcy\u00fck\u015fehir Belediyesi de ortak oluyor. Final ma\u00e7lar\u0131n\u0131n yap\u0131laca\u011f\u0131 Ankara Spor Salonu\u2019nun g\u00fcvenli\u011fi B\u00fcy\u00fck\u015fehir Belediyesine ba\u011fl\u0131 olan ANFA g\u00fcvenlik personeli taraf\u0131ndan sa\u011flanacak. Final ma\u00e7lar\u0131 boyunca A Milli Kad\u0131n Voleybol Tak\u0131m\u0131\u2019n\u0131n \u00f6nemli destek\u00e7ileri aras\u0131nda yer alacak olan Ankara B\u00fcy\u00fck\u015fehir Belediyesi, \u015fampiyonan\u0131n tan\u0131t\u0131m\u0131na da katk\u0131 sa\u011flayacak.<\/p>\n<p>B\u00fcy\u00fck\u015fehirden \u00fccretsiz ula\u015f\u0131m<\/p>\n<p>\u015eampiyonan\u0131n tan\u0131t\u0131m\u0131n\u0131 \u015fehrin d\u00f6rt bir yan\u0131ndaki kent ekranlar\u0131 arac\u0131l\u0131\u011f\u0131yla duyuracak olan B\u00fcy\u00fck\u015fehir Belediyesi, ma\u00e7lar\u0131 izlemek isteyen vatanda\u015flara da ula\u015f\u0131m imkan\u0131 sa\u011flayacak. ANKAMALL Al\u0131\u015fveri\u015f Merkezi \u00f6n\u00fcnden hareket edecek olan EGO servisleri ile vatanda\u015flar ma\u00e7lar\u0131n yap\u0131laca\u011f\u0131 Ankara Spor Salonu\u2019na \u00fccretsiz olarak ta\u015f\u0131nacak. D\u00fcnyan\u0131n d\u00f6rt bir yan\u0131ndan gelen sporseverleri a\u011f\u0131rlayacak olan Ankara Spor Salonu\u2019nun temizli\u011fini de yapacak olan B\u00fcy\u00fck\u015fehir Belediyesi, asfalt, \u00e7evre d\u00fczenlemesi ve bak\u0131m \u00e7al\u0131\u015fmalar\u0131n\u0131 da b\u00fcy\u00fck bir titizlikle ger\u00e7ekle\u015ftirdi.<\/p>\n<p>Serinin ilk ma\u00e7\u0131nda 23 A\u011fustos Cuma g\u00fcn\u00fc saat 20.00\u2019de Yunanistan ile kar\u015f\u0131la\u015facak olan filenin sultanlar\u0131, 24 A\u011fustos\u2019ta Finlandiya, 26 A\u011fustos\u2019ta Bulgaristan, 28 A\u011fustos\u2019ta Fransa ve 29 A\u011fustos\u2019ta S\u0131rbistan ile kar\u015f\u0131la\u015facak. Grup m\u00fcsabakalar\u0131n\u0131n sona ermesinin ard\u0131ndan 1-8 Eyl\u00fcl tarihleri aras\u0131nda finaller de Ba\u015fkent\u2019te oynanacak.<\/p>\n","protected":false},"excerpt":{"rendered":"<p>AVRUPA KADINLAR VOLEYBOL \u015eAMP\u0130YONASI&#8217;NDA F\u0130NAL HEYECANI BA\u015eKENT ANKARA&#8217;DA YA\u015eANACAK. ANKARA B\u00dcY\u00dcK\u015eEH\u0130R BELED\u0130YES\u0130 \u0130SE A M\u0130LL\u0130 KADIN VOLEYBOL TAKIMI\u2019NIN \u00d6NEML\u0130 DESTEK\u00c7\u0130LER\u0130 ARASINDA YER ALIYOR.<\/p>\n","protected":false},"author":1,"featured_media":194359,"comment_status":"closed","ping_status":"open","sticky":false,"template":"","format":"standard","meta":{"jetpack_post_was_ever_published":false,"_jetpack_newsletter_access":"","_jetpack_dont_email_post_to_subs":false,"_jetpack_newsletter_tier_id":0,"_jetpack_memberships_contains_paywalled_content":false,"_jetpack_memberships_contains_paid_content":false,"footnotes":"","jetpack_publicize_message":"","jetpack_publicize_feature_enabled":true,"jetpack_social_post_already_shared":true,"jetpack_social_options":{"image_generator_settings":{"template":"highway","default_image_id":0,"font":"","enabled":false},"version":2}},"categories":[1],"tags":[1475,7696,1189,48729],"class_list":["post-194358","post","type-post","status-publish","format-standard","has-post-thumbnail","hentry","category-genel","tag-ankara","tag-baskenti","tag-olacak","tag-voleybolun"],"jetpack_publicize_connections":[],"jetpack_featured_media_url":"https:\/\/i0.wp.com\/www.tvturk.com\/wp-content\/uploads\/2019\/08\/ankara-voleybolun-da-baskenti-olacak_091c5a8.jpg?fit=1000%2C666","jetpack_sharing_enabled":true,"jetpack_shortlink":"https:\/\/wp.me\/paKIfm-OyO","_links":{"self":[{"href":"http:\/\/www.tvturk.com\/index.php\/wp-json\/wp\/v2\/posts\/194358","targetHints":{"allow":["GET"]}}],"collection":[{"href":"http:\/\/www.tvturk.com\/index.php\/wp-json\/wp\/v2\/posts"}],"about":[{"href":"http:\/\/www.tvturk.com\/index.php\/wp-json\/wp\/v2\/types\/post"}],"author":[{"embeddable":true,"href":"http:\/\/www.tvturk.com\/index.php\/wp-json\/wp\/v2\/users\/1"}],"replies":[{"embeddable":true,"href":"http:\/\/www.tvturk.com\/index.php\/wp-json\/wp\/v2\/comments?post=194358"}],"version-history":[{"count":0,"href":"http:\/\/www.tvturk.com\/index.php\/wp-json\/wp\/v2\/posts\/194358\/revisions"}],"wp:featuredmedia":[{"embeddable":true,"href":"http:\/\/www.tvturk.com\/index.php\/wp-json\/wp\/v2\/media\/194359"}],"wp:attachment":[{"href":"http:\/\/www.tvturk.com\/index.php\/wp-json\/wp\/v2\/media?parent=194358"}],"wp:term":[{"taxonomy":"category","embeddable":true,"href":"http:\/\/www.tvturk.com\/index.php\/wp-json\/wp\/v2\/categories?post=194358"},{"taxonomy":"post_tag","embeddable":true,"href":"http:\/\/www.tvturk.com\/index.php\/wp-json\/wp\/v2\/tags?post=194358"}],"curies":[{"name":"wp","href":"https:\/\/api.w.org\/{rel}","templated":true}]}}