{"id":194370,"date":"2019-08-21T18:01:54","date_gmt":"2019-08-21T15:01:54","guid":{"rendered":"http:\/\/www.tvturk.com\/index.php\/tuncelide-3-9luk-deprem\/"},"modified":"2019-08-21T18:01:54","modified_gmt":"2019-08-21T15:01:54","slug":"tuncelide-3-9luk-deprem","status":"publish","type":"post","link":"http:\/\/www.tvturk.com\/index.php\/tuncelide-3-9luk-deprem\/","title":{"rendered":"Tunceli\u2019de 3.9\u2019luk deprem"},"content":{"rendered":"<p>Tunceli\u2019nin P\u00fcl\u00fcm\u00fcr il\u00e7esinde 3.9 b\u00fcy\u00fckl\u00fc\u011f\u00fcnde deprem meydana geldi.<\/p>\n<p>Afet ve Acil Durum Y\u00f6netimi Ba\u015fkanl\u0131\u011f\u0131n\u0131n (AFAD) son depremlerle ilgili internet sitesindeki bilgiye g\u00f6re, merkez \u00fcss\u00fc Tunceli\u2019nin P\u00fcl\u00fcm\u00fcr il\u00e7esi olan deprem saat 16.50 s\u0131ralar\u0131nda 3.9 b\u00fcy\u00fckl\u00fc\u011f\u00fcnde meydana geldi. Depremin yerin 13 kilometre alt\u0131nda oldu\u011fu belirtildi.<\/p>\n<p>\u00d6te yandan, Kandilli Rasathanesi ise depremin 3.8 \u015fiddetinde oldu\u011fu bilgisini payla\u015ft\u0131.<\/p>\n<p>Depremin kent merkezinde de hafif \u015fekilde hissedildi\u011fi, \u015fu ana kadar herhangi bir olumsuzlu\u011fun olmad\u0131\u011f\u0131 \u00f6\u011frenildi.<\/p>\n","protected":false},"excerpt":{"rendered":"<p>TUNCEL\u0130&#8217;N\u0130N P\u00dcL\u00dcM\u00dcR \u0130L\u00c7ES\u0130NDE 3.9 B\u00dcY\u00dcKL\u00dc\u011e\u00dcNDE DEPREM MEYDANA GELD\u0130.  DEPREM KENT MERKEZ\u0130NDE HAF\u0130F H\u0130SSED\u0130LD\u0130<\/p>\n","protected":false},"author":1,"featured_media":194371,"comment_status":"closed","ping_status":"open","sticky":false,"template":"","format":"standard","meta":{"jetpack_post_was_ever_published":false,"_jetpack_newsletter_access":"","_jetpack_dont_email_post_to_subs":false,"_jetpack_newsletter_tier_id":0,"_jetpack_memberships_contains_paywalled_content":false,"_jetpack_memberships_contains_paid_content":false,"footnotes":"","jetpack_publicize_message":"","jetpack_publicize_feature_enabled":true,"jetpack_social_post_already_shared":true,"jetpack_social_options":{"image_generator_settings":{"template":"highway","default_image_id":0,"font":"","enabled":false},"version":2}},"categories":[1],"tags":[48733,221,4230],"class_list":["post-194370","post","type-post","status-publish","format-standard","has-post-thumbnail","hentry","category-genel","tag-3-9luk","tag-deprem","tag-tuncelide"],"jetpack_publicize_connections":[],"jetpack_featured_media_url":"https:\/\/i0.wp.com\/www.tvturk.com\/wp-content\/uploads\/2019\/08\/tuncelide-39luk-deprem_d209cbc.jpg?fit=1000%2C750","jetpack_sharing_enabled":true,"jetpack_shortlink":"https:\/\/wp.me\/paKIfm-Oz0","_links":{"self":[{"href":"http:\/\/www.tvturk.com\/index.php\/wp-json\/wp\/v2\/posts\/194370","targetHints":{"allow":["GET"]}}],"collection":[{"href":"http:\/\/www.tvturk.com\/index.php\/wp-json\/wp\/v2\/posts"}],"about":[{"href":"http:\/\/www.tvturk.com\/index.php\/wp-json\/wp\/v2\/types\/post"}],"author":[{"embeddable":true,"href":"http:\/\/www.tvturk.com\/index.php\/wp-json\/wp\/v2\/users\/1"}],"replies":[{"embeddable":true,"href":"http:\/\/www.tvturk.com\/index.php\/wp-json\/wp\/v2\/comments?post=194370"}],"version-history":[{"count":0,"href":"http:\/\/www.tvturk.com\/index.php\/wp-json\/wp\/v2\/posts\/194370\/revisions"}],"wp:featuredmedia":[{"embeddable":true,"href":"http:\/\/www.tvturk.com\/index.php\/wp-json\/wp\/v2\/media\/194371"}],"wp:attachment":[{"href":"http:\/\/www.tvturk.com\/index.php\/wp-json\/wp\/v2\/media?parent=194370"}],"wp:term":[{"taxonomy":"category","embeddable":true,"href":"http:\/\/www.tvturk.com\/index.php\/wp-json\/wp\/v2\/categories?post=194370"},{"taxonomy":"post_tag","embeddable":true,"href":"http:\/\/www.tvturk.com\/index.php\/wp-json\/wp\/v2\/tags?post=194370"}],"curies":[{"name":"wp","href":"https:\/\/api.w.org\/{rel}","templated":true}]}}