{"id":194372,"date":"2019-08-21T18:02:40","date_gmt":"2019-08-21T15:02:40","guid":{"rendered":"http:\/\/www.tvturk.com\/index.php\/malazgirtte-tarihi-roman-ve-romanda-tarih-bilgi-soleni-duzenlendi\/"},"modified":"2019-08-21T18:02:40","modified_gmt":"2019-08-21T15:02:40","slug":"malazgirtte-tarihi-roman-ve-romanda-tarih-bilgi-soleni-duzenlendi","status":"publish","type":"post","link":"http:\/\/www.tvturk.com\/index.php\/malazgirtte-tarihi-roman-ve-romanda-tarih-bilgi-soleni-duzenlendi\/","title":{"rendered":"Malazgirt\u2019te Tarihi Roman ve Romanda Tarih Bilgi \u015e\u00f6leni d\u00fczenlendi"},"content":{"rendered":"<p>Atat\u00fcrk K\u00fclt\u00fcr, Dil ve Tarih Y\u00fcksek Kurumuna ba\u011fl\u0131 T\u00fcrk Tarih Kurumu ve T\u00fcrkiye Yazarlar Birli\u011fi taraf\u0131ndan d\u00fczenlenen \u201cMilletleraras\u0131 Tarihi Roman ve Romanda Tarih Bilgi \u015e\u00f6leni\u201dnin d\u00f6rd\u00fcnc\u00fcs\u00fc Malazgirt\u2019te ger\u00e7ekle\u015ftirildi. Etkinli\u011fin son g\u00fcn\u00fcnde, ge\u00e7irdi\u011fi trafik kazas\u0131nda hayat\u0131n\u0131 kaybeden K\u00fclt\u00fcr ve Turizm Bakan Yard\u0131mc\u0131s\u0131 Prof. Dr. Hal\u00fbk Dursun da an\u0131ld\u0131.<\/p>\n<p>Malazgirt Zaferi\u2019nin 948. y\u0131l d\u00f6n\u00fcm\u00fc m\u00fcnasebetiyle 19-21 A\u011fustos tarihleri aras\u0131nda Malazgirt K\u00fclt\u00fcr Merkezi\u2019nde d\u00fczenlenen \u015f\u00f6lenin a\u00e7\u0131l\u0131\u015f t\u00f6renine, ayn\u0131 g\u00fcn ge\u00e7irdi\u011fi trafik kazas\u0131nda hayat\u0131n\u0131 kaybeden K\u00fclt\u00fcr ve Turizm Bakan Yard\u0131mc\u0131s\u0131 Prof. Dr. Hal\u00fbk Dursun da kat\u0131lm\u0131\u015ft\u0131. Prof. Dr. Dursun t\u00f6rende yapt\u0131\u011f\u0131 konu\u015fmada, \u201cMalazgirt\u2019i, \u00c7anakkale\u2019yi, Sakarya\u2019y\u0131 ve Sar\u0131kam\u0131\u015f\u2019\u0131 hat\u0131rlamadan tarihimizi do\u011fru yorumlamak, anlatabilmek ve aktarabilmek \u00e7ok m\u00fcmk\u00fcn de\u011fil. Aya\u011f\u0131m\u0131z\u0131n buraya basmas\u0131 laz\u0131m. Temelimiz Anadolu\u2019dur, Malazgirt\u2019tir, Sakarya\u2019d\u0131r Sar\u0131kam\u0131\u015f\u2019t\u0131r, Ahlat\u2019t\u0131r ve Kud\u00fcs\u2019t\u00fcr\u201d ifadelerini kullanm\u0131\u015ft\u0131.<\/p>\n<p>Prof. Dr. Dursun, birka\u00e7 y\u0131l \u00f6nce Dicle \u00dcniversitesinde bir etkinlikte bir \u00f6\u011frenciyle ya\u015fad\u0131\u011f\u0131 diyalo\u011fu da dinleyicilerle payla\u015fm\u0131\u015ft\u0131. Burada kendisine Tuna ve Nil b\u00f6lgelerini \u00e7al\u0131\u015f\u0131rken Dicle\u2019yi ihmal etmesi nedeniyle sitemde bulunan bir \u00f6\u011frenciye her i\u015fin, her vazifenin rehine b\u0131rak\u0131lm\u0131\u015f bir vakti oldu\u011funu hat\u0131rlatarak \u201cSiz Dicle\u2019nin kuzular\u0131s\u0131n\u0131z ve siz Dicle\u2019nin kuzular\u0131 bize emanetsiniz. Hakl\u0131s\u0131n\u0131z ge\u00e7 kald\u0131k bu emanete sahip olmakta ama bundan sonra sizinle hep beraber olaca\u011f\u0131z ve bu b\u00f6lgede Dicle\u2019nin, Murat\u2019\u0131n, Karasu\u2019nun, Zap Suyu\u2019nun, Aras\u2019\u0131n kuzular\u0131n\u0131 \u00e7akallara kapt\u0131rmayaca\u011f\u0131z\u201d dedi\u011fini belirten Prof. Dr. Dursun, bu diyalo\u011fa at\u0131fla \u201cDicle\u2019nin kuzular\u0131yla hemhal olmak laz\u0131m, hemdert olmak laz\u0131m ve beraber olmak laz\u0131m\u201d ifadelerini kullanm\u0131\u015ft\u0131.<\/p>\n<p>Malazgirt Kaymakam\u0131 Emre Yal\u00e7\u0131n, Malazgirt Belediye Ba\u015fkan\u0131 Cengiz Alt\u0131n, T\u00fcrkiye Yazarlar Birli\u011fi \u015eeref Ba\u015fkan\u0131 D. Mehmet Do\u011fan, Mu\u015f Alparslan \u00dcniversitesi Rekt\u00f6r\u00fc Prof. Dr. Fethi Ahmet Polat ve T\u00fcrk Tarih Kurumu Bilim Kurulu \u00fcyesi Prof. Dr. Cevdet Yakupo\u011flu\u2019nun da birer selamlama konu\u015fmas\u0131 yapt\u0131\u011f\u0131 etkinlik, 21 A\u011fustos\u2019ta de\u011ferlendirme oturumuyla tamamland\u0131. Tarih\u00e7ileri, yazarlar\u0131 ve bilim adamlar\u0131n\u0131 bir araya getiren ve \u201cTarih ne kadar romanla\u015ft\u0131r\u0131labilir?\u201d, \u201cRoman ne kadar tarihle\u015febilir?\u201d, \u201cTarihi ger\u00e7ekler ile edebi ger\u00e7eklik ne \u00f6l\u00e7\u00fcde \u00f6rt\u00fc\u015f\u00fcr?\u201d, \u201cTarihin alan\u0131 ile edebiyat\u0131n alan\u0131 en fazla hangi t\u00fcrde kesi\u015fir?\u201d gibi sorular \u00e7er\u00e7evesinde tarih ve roman ili\u015fkisinin irdelendi\u011fi etkinlikte Prof. Dr. Hal\u00fbk Dursun\u2019u anma konu\u015fmalar\u0131na da yer verildi.<\/p>\n","protected":false},"excerpt":{"rendered":"<p>ATAT\u00dcRK K\u00dcLT\u00dcR, D\u0130L VE TAR\u0130H Y\u00dcKSEK KURUMUNA BA\u011eLI T\u00dcRK TAR\u0130H KURUMU VE T\u00dcRK\u0130YE YAZARLAR B\u0130RL\u0130\u011e\u0130 \u0130\u015e B\u0130RL\u0130\u011e\u0130YLE D\u00dcZENLENEN \u201cM\u0130LLETLERARASI TAR\u0130H\u00ce ROMAN VE ROMANDA TAR\u0130H B\u0130LG\u0130 \u015e\u00d6LEN\u0130\u201dN\u0130N D\u00d6RD\u00dcNC\u00dcS\u00dc 19-21 A\u011eUSTOS 2019 TAR\u0130HLER\u0130NDE MALAZG\u0130RT\u2019TE GER\u00c7EKLE\u015eT\u0130R\u0130LD\u0130.<\/p>\n","protected":false},"author":1,"featured_media":194373,"comment_status":"closed","ping_status":"open","sticky":false,"template":"","format":"standard","meta":{"jetpack_post_was_ever_published":false,"_jetpack_newsletter_access":"","_jetpack_dont_email_post_to_subs":false,"_jetpack_newsletter_tier_id":0,"_jetpack_memberships_contains_paywalled_content":false,"_jetpack_memberships_contains_paid_content":false,"footnotes":"","jetpack_publicize_message":"","jetpack_publicize_feature_enabled":true,"jetpack_social_post_already_shared":true,"jetpack_social_options":{"image_generator_settings":{"template":"highway","default_image_id":0,"font":"","enabled":false},"version":2}},"categories":[656],"tags":[6830,2202,2620,8414,48734,5853,1330,800],"class_list":["post-194372","post","type-post","status-publish","format-standard","has-post-thumbnail","hentry","category-kultur-sanat","tag-bilgi","tag-duzenlendi","tag-malazgirtte","tag-roman","tag-romanda","tag-soleni","tag-tarih","tag-tarihi"],"jetpack_publicize_connections":[],"jetpack_featured_media_url":"https:\/\/i0.wp.com\/www.tvturk.com\/wp-content\/uploads\/2019\/08\/malazgirtte-tarihi-roman-ve-romanda-tarih-bilgi-soleni-duzenlendi_1c54814.jpg?fit=554%2C422","jetpack_sharing_enabled":true,"jetpack_shortlink":"https:\/\/wp.me\/paKIfm-Oz2","_links":{"self":[{"href":"http:\/\/www.tvturk.com\/index.php\/wp-json\/wp\/v2\/posts\/194372","targetHints":{"allow":["GET"]}}],"collection":[{"href":"http:\/\/www.tvturk.com\/index.php\/wp-json\/wp\/v2\/posts"}],"about":[{"href":"http:\/\/www.tvturk.com\/index.php\/wp-json\/wp\/v2\/types\/post"}],"author":[{"embeddable":true,"href":"http:\/\/www.tvturk.com\/index.php\/wp-json\/wp\/v2\/users\/1"}],"replies":[{"embeddable":true,"href":"http:\/\/www.tvturk.com\/index.php\/wp-json\/wp\/v2\/comments?post=194372"}],"version-history":[{"count":0,"href":"http:\/\/www.tvturk.com\/index.php\/wp-json\/wp\/v2\/posts\/194372\/revisions"}],"wp:featuredmedia":[{"embeddable":true,"href":"http:\/\/www.tvturk.com\/index.php\/wp-json\/wp\/v2\/media\/194373"}],"wp:attachment":[{"href":"http:\/\/www.tvturk.com\/index.php\/wp-json\/wp\/v2\/media?parent=194372"}],"wp:term":[{"taxonomy":"category","embeddable":true,"href":"http:\/\/www.tvturk.com\/index.php\/wp-json\/wp\/v2\/categories?post=194372"},{"taxonomy":"post_tag","embeddable":true,"href":"http:\/\/www.tvturk.com\/index.php\/wp-json\/wp\/v2\/tags?post=194372"}],"curies":[{"name":"wp","href":"https:\/\/api.w.org\/{rel}","templated":true}]}}