{"id":194390,"date":"2019-08-21T20:01:48","date_gmt":"2019-08-21T17:01:48","guid":{"rendered":"http:\/\/www.tvturk.com\/index.php\/markette-alisveris-yaparken-sular-icinde-kaldilar\/"},"modified":"2019-08-21T20:01:48","modified_gmt":"2019-08-21T17:01:48","slug":"markette-alisveris-yaparken-sular-icinde-kaldilar","status":"publish","type":"post","link":"http:\/\/www.tvturk.com\/index.php\/markette-alisveris-yaparken-sular-icinde-kaldilar\/","title":{"rendered":"Markette al\u0131\u015fveri\u015f yaparken sular i\u00e7inde kald\u0131lar"},"content":{"rendered":"<p>Zonguldak\u2019ta bir vatanda\u015f\u0131n al\u0131\u015fveri\u015f yapt\u0131\u011f\u0131 market bir anda sular i\u00e7inde kald\u0131. So\u011fuksu semtinde \u00e7ok say\u0131da d\u00fckkan sular alt\u0131nda kald\u0131. \u00dc\u00e7 saat boyunca b\u00f6lgede mahsur kald\u0131klar\u0131n\u0131 anlatan vatanda\u015f, ya\u015fad\u0131klar\u0131n\u0131 \u0130hlas Haber Ajans\u0131\u2019na (\u0130HA) anlatt\u0131.<\/p>\n<p>Zonduldak\u2019ta, kent merkezinde saat 17.00 s\u0131ralar\u0131nda kuvvetli ya\u011f\u0131\u015f etkisini g\u00f6sterirken \u00e7ok say\u0131da ara\u00e7 caddelerde mahsur kald\u0131. \u00d6te yandan Terakki Mahallesi So\u011fuksu semti de sular alt\u0131nda kald\u0131 ve caddedeki yollar adeta g\u00f6le d\u00f6nd\u00fc. B\u00f6lgede bulunan \u00e7ok say\u0131da i\u015f yerini ve banka \u015fubesini de su bast\u0131.<\/p>\n<p>Halk pazar\u0131nda al\u0131\u015fveri\u015f yapan vatanda\u015flar ald\u0131klar\u0131 \u00fcr\u00fcnlerle birlikte sular i\u00e7erisinde g\u00fc\u00e7l\u00fckle ilerlemeye \u00e7al\u0131\u015ft\u0131. Markette al\u0131\u015fveri\u015f yaparken bir anda sular i\u00e7erisinde kald\u0131klar\u0131n\u0131 kaydeden Varol G\u00f6k, &#8220;Marketteydik, al\u0131\u015fveri\u015f yap\u0131yorduk. Ma\u011fdur kald\u0131k. Bir anda marketi su bast\u0131. Al\u0131\u015fveri\u015f yap\u0131yorduk. Sanki deniz oldu, sular dalga dalga i\u00e7eriye girmeye ba\u015flad\u0131. \u015eu anda ma\u011fdur durumday\u0131z. Bekliyoruz&#8221; diye konu\u015ftu.<\/p>\n<p>\u0130\u015f yerleri sular alt\u0131nda kalan esnaflar temizleme \u00e7al\u0131\u015fmalar\u0131n\u0131 s\u00fcrd\u00fcr\u00fcrken belediye ekipleri de t\u0131kanan alt yap\u0131lar\u0131 a\u00e7arak temizlik \u00e7al\u0131\u015fmas\u0131 ba\u015flatt\u0131.<\/p>\n","protected":false},"excerpt":{"rendered":"<p>KENT MERKEZ\u0130NDE 17.00 SIRALARINDA KUVVETL\u0130 YA\u011eI\u015e ETK\u0130S\u0130N\u0130 G\u00d6STERD\u0130. \u00c7OK SAYIDA ARA\u00c7 CADDELERDE MAHSUR KALDI. \u00d6TE YANDAN TERAKK\u0130 MAHALLES\u0130 SO\u011eUKSU SEMT\u0130 DE SULAR ALTINDA KALDI. CADDEDEK\u0130 YOLLAR ADETA G\u00d6LE D\u00d6ND\u00dc. B\u00d6LGEDE BULUNAN \u00c7OK SAYIDA \u0130\u015eYER\u0130N\u0130 VE BANKA \u015eUBES\u0130N\u0130 DE SULAR BASTI.<\/p>\n","protected":false},"author":1,"featured_media":194391,"comment_status":"closed","ping_status":"open","sticky":false,"template":"","format":"standard","meta":{"jetpack_post_was_ever_published":false,"_jetpack_newsletter_access":"","_jetpack_dont_email_post_to_subs":false,"_jetpack_newsletter_tier_id":0,"_jetpack_memberships_contains_paywalled_content":false,"_jetpack_memberships_contains_paid_content":false,"footnotes":"","jetpack_publicize_message":"","jetpack_publicize_feature_enabled":true,"jetpack_social_post_already_shared":true,"jetpack_social_options":{"image_generator_settings":{"template":"highway","default_image_id":0,"font":"","enabled":false},"version":2}},"categories":[1],"tags":[1334,4601,18259,18996,8534,10534],"class_list":["post-194390","post","type-post","status-publish","format-standard","has-post-thumbnail","hentry","category-genel","tag-alisveris","tag-icinde","tag-kaldilar","tag-markette","tag-sular","tag-yaparken"],"jetpack_publicize_connections":[],"jetpack_featured_media_url":"https:\/\/i0.wp.com\/www.tvturk.com\/wp-content\/uploads\/2019\/08\/markette-alisveris-yaparken-sular-icinde-kaldilar_e78f80b.jpg?fit=1000%2C666","jetpack_sharing_enabled":true,"jetpack_shortlink":"https:\/\/wp.me\/paKIfm-Ozk","_links":{"self":[{"href":"http:\/\/www.tvturk.com\/index.php\/wp-json\/wp\/v2\/posts\/194390","targetHints":{"allow":["GET"]}}],"collection":[{"href":"http:\/\/www.tvturk.com\/index.php\/wp-json\/wp\/v2\/posts"}],"about":[{"href":"http:\/\/www.tvturk.com\/index.php\/wp-json\/wp\/v2\/types\/post"}],"author":[{"embeddable":true,"href":"http:\/\/www.tvturk.com\/index.php\/wp-json\/wp\/v2\/users\/1"}],"replies":[{"embeddable":true,"href":"http:\/\/www.tvturk.com\/index.php\/wp-json\/wp\/v2\/comments?post=194390"}],"version-history":[{"count":0,"href":"http:\/\/www.tvturk.com\/index.php\/wp-json\/wp\/v2\/posts\/194390\/revisions"}],"wp:featuredmedia":[{"embeddable":true,"href":"http:\/\/www.tvturk.com\/index.php\/wp-json\/wp\/v2\/media\/194391"}],"wp:attachment":[{"href":"http:\/\/www.tvturk.com\/index.php\/wp-json\/wp\/v2\/media?parent=194390"}],"wp:term":[{"taxonomy":"category","embeddable":true,"href":"http:\/\/www.tvturk.com\/index.php\/wp-json\/wp\/v2\/categories?post=194390"},{"taxonomy":"post_tag","embeddable":true,"href":"http:\/\/www.tvturk.com\/index.php\/wp-json\/wp\/v2\/tags?post=194390"}],"curies":[{"name":"wp","href":"https:\/\/api.w.org\/{rel}","templated":true}]}}