{"id":194402,"date":"2019-08-21T20:32:27","date_gmt":"2019-08-21T17:32:27","guid":{"rendered":"http:\/\/www.tvturk.com\/index.php\/erol-bulut-insallah-kasimpasa-macinda-rahat-galibiyet-aliriz\/"},"modified":"2019-08-21T20:32:27","modified_gmt":"2019-08-21T17:32:27","slug":"erol-bulut-insallah-kasimpasa-macinda-rahat-galibiyet-aliriz","status":"publish","type":"post","link":"http:\/\/www.tvturk.com\/index.php\/erol-bulut-insallah-kasimpasa-macinda-rahat-galibiyet-aliriz\/","title":{"rendered":"Erol Bulut: \u201c\u0130n\u015fallah Kas\u0131mpa\u015fa ma\u00e7\u0131nda rahat galibiyet al\u0131r\u0131z\u201d"},"content":{"rendered":"<p>S\u00fcper Lig\u2019in 2. haftas\u0131nda sahas\u0131nda kar\u015f\u0131la\u015faca\u011f\u0131 Kas\u0131mpa\u015fa ma\u00e7\u0131n\u0131n haz\u0131rl\u0131klar\u0131n\u0131 s\u00fcrd\u00fcr\u00fcn Alanyaspor\u2019da Teknik Direkt\u00f6r Erol Bulut, \u201d\u0130n\u015fallah Kas\u0131mpa\u015fa ma\u00e7\u0131nda yakalad\u0131\u011f\u0131m\u0131z\u0131 pozisyonlar\u0131 daha iyi de\u011ferlendirip rahat galibiyet al\u0131r\u0131z. Biz ge\u00e7en ma\u00e7ta hem 11\u2019de oynayan hem sonradan giren oyunculardan memnunuz\u201d dedi.<\/p>\n<p>S\u00fcper Lig\u2019in 2. haftas\u0131nda Kas\u0131mpa\u015fa ile sahas\u0131nda kar\u015f\u0131la\u015facak olan Alanyaspor, haz\u0131rl\u0131klar\u0131n\u0131 yapt\u0131\u011f\u0131 idmanla s\u00fcrd\u00fcrd\u00fc. Alanyaspor Cengiz Aydo\u011fan Tesisleri\u2019nde Teknik Direk Erol Bulut\u2019un y\u00f6netiminde ger\u00e7ekle\u015fen antrenmana sakatl\u0131\u011f\u0131 bulunan Lokman G\u00f6r harici di\u011fer futbolcular eksiksiz kat\u0131ld\u0131. \u0130dmana \u0131s\u0131nma hareketleriyle ba\u015flayan turuncu-ye\u015filli ekip ard\u0131ndan kondisyon, pas ve dar alanda top s\u00fcrme \u00e7al\u0131\u015fmalar\u0131yla devam etti. Antrenman\u0131n bas\u0131na kapal\u0131 k\u0131sm\u0131nda ise taktiksel \u00e7al\u0131\u015fmalar yap\u0131ld\u0131. Alanyaspor, Kas\u0131mpa\u015fa ma\u00e7\u0131 haz\u0131rl\u0131klar\u0131n\u0131 yar\u0131n yapaca\u011f\u0131 idmanla s\u00fcrd\u00fcrecek.<\/p>\n<p>\u0130dman \u00f6ncesi gazetecilere a\u00e7\u0131klama yapan Alanyaspor Teknik Direkt\u00f6r\u00fc Erol Bulut, Kayseri ma\u00e7\u0131n\u0131n kendileri i\u00e7in kolay olmad\u0131\u011f\u0131n\u0131 aktard\u0131. Bulut, \u201dZaten zor olaca\u011f\u0131n\u0131 biliyorduk. Haftalar \u00f6ncesinde h\u00fccum ve defans anlam\u0131nda g\u00fczel \u00e7al\u0131\u015ft\u0131k. G\u00fczel taraf\u0131 Avusturya kamp\u0131nda Brescia kar\u015f\u0131s\u0131nda oynarken tak\u0131m olarak g\u00fczel bir performans g\u00f6sterdik. \u0130ki kulvarda h\u00fccum ve defans anlam\u0131nda g\u00fczel i\u015fler yapt\u0131k ve kazand\u0131\u011f\u0131m\u0131z ma\u00e7 oldu\u201d dedi.<\/p>\n<p>\u201c\u0130n\u015fallah Kas\u0131mpa\u015fa ma\u00e7\u0131nda yakalad\u0131\u011f\u0131m\u0131z\u0131 pozisyonlar\u0131 daha iyi de\u011ferlendiririz\u201d<\/p>\n<p>Lige 3 puanla ba\u015flamak istediklerini aktaran Bulut, bunu ba\u015fard\u0131klar\u0131n\u0131 s\u00f6yledi. Bulut, \u201dFutbolcular\u0131m verilen g\u00f6revleri en iyi \u015fekilde yapt\u0131. Ma\u00e7ta ufak tefek hatalar\u0131m\u0131z oldu. Bunlar normal gelecek haftalarda bunu daha minimuma d\u00fc\u015f\u00fcrmemiz gerekiyor. Ma\u00e7ta yakalad\u0131\u011f\u0131m\u0131z pozisyonlar oldu. Onlar\u0131 de\u011ferlendirmemiz gerekiyordu. 15\u2019den sonra say\u0131m\u0131 b\u0131rakt\u0131m ceza sahalar\u0131na girmeyi. Ceza sahas\u0131na girmeleri basit \u015fekilde harcamam\u0131z laz\u0131m. Daha iyi de\u011ferlendirmemiz gerekiyor. O y\u00fczden bunun \u00fczerine \u00e7al\u0131\u015faca\u011f\u0131z. \u0130n\u015fallah Kas\u0131mpa\u015fa ma\u00e7\u0131nda yakalad\u0131\u011f\u0131m\u0131z\u0131 pozisyonlar\u0131 daha iyi de\u011ferlendirip rahat galibiyet al\u0131r\u0131z. Biz hem 11\u2019de oynayan hem sonradan giren oyunculardan memnunuz. \u0130yi performans g\u00f6sterdiler. At\u0131lan gol \u00e7al\u0131\u015ft\u0131\u011f\u0131m\u0131z bir pozisyondu. Di\u011fer futbolcularda iyi i\u015fler yapt\u0131. \u0130n\u015fallah bu iyi oyun di\u011fer haftalar da devam eder\u201d diye konu\u015ftu.<\/p>\n<p>\u201cTransferin son g\u00fcn\u00fc ge\u00e7medik\u00e7e transfer olur\u201d<\/p>\n<p>Bir gazetecinin transfer sorusuna da yan\u0131t veren Bulut, \u015funlar\u0131 s\u00f6yledi:<\/p>\n<p>\u201dTransferin son g\u00fcn\u00fc ge\u00e7medik\u00e7e transfer olur. Biz bug\u00fcn itibariyle bitirdik tam tak\u0131mla \u00e7al\u0131\u015f\u0131yoruz. Bir sakatl\u0131k olmazsa bu \u015fekilde aral\u0131k sonuna kadar devam edece\u011fiz. Mevkilerde eksiklik konusunda zaman zaman gelen yorumlara kat\u0131lm\u0131yorum. Defansta kullanabilece\u011fimiz 5 futbolcu var. Lokman bir ameliyat ge\u00e7irdi ama orada oynayacak futbolcular\u0131m\u0131z var defans anlam\u0131nda, stoper anlam\u0131nda s\u0131k\u0131nt\u0131m\u0131z yok.\u201d<\/p>\n","protected":false},"excerpt":{"rendered":"<p>S\u00dcPER L\u0130G\u2019\u0130N 2\u2019NC\u0130 HAFTASINDA SAHASINDA KAR\u015eILA\u015eACA\u011eI KASIMPA\u015eA MA\u00c7ININ HAZIRLIKLARINI S\u00dcRD\u00dcR\u00dcN ALANYASPOR\u2019DA TEKN\u0130K D\u0130REKT\u00d6R EROL BULUT,\u201d \u0130N\u015eALLAH KASIMPA\u015eA MA\u00c7INDA YAKALADI\u011eIMIZI POZ\u0130SYONLARI DAHA \u0130Y\u0130 DE\u011eERLEND\u0130R\u0130P RAHAT GAL\u0130B\u0130YET ALIRIZ. B\u0130Z GE\u00c7EN MA\u00c7TA HEM 11\u2019DE OYNAYAN HEM SONRADAN G\u0130REN OYUNCULARDAN MEMNUNUZ\u201d DED\u0130.<\/p>\n","protected":false},"author":1,"featured_media":194403,"comment_status":"closed","ping_status":"open","sticky":false,"template":"","format":"standard","meta":{"jetpack_post_was_ever_published":false,"_jetpack_newsletter_access":"","_jetpack_dont_email_post_to_subs":false,"_jetpack_newsletter_tier_id":0,"_jetpack_memberships_contains_paywalled_content":false,"_jetpack_memberships_contains_paid_content":false,"footnotes":"","jetpack_publicize_message":"","jetpack_publicize_feature_enabled":true,"jetpack_social_post_already_shared":true,"jetpack_social_options":{"image_generator_settings":{"template":"highway","default_image_id":0,"font":"","enabled":false},"version":2}},"categories":[657],"tags":[21777,8519,8518,4176,963,1789,4450,7133],"class_list":["post-194402","post","type-post","status-publish","format-standard","has-post-thumbnail","hentry","category-spor","tag-aliriz","tag-bulut","tag-erol","tag-galibiyet","tag-insallah","tag-kasimpasa","tag-macinda","tag-rahat"],"jetpack_publicize_connections":[],"jetpack_featured_media_url":"https:\/\/i0.wp.com\/www.tvturk.com\/wp-content\/uploads\/2019\/08\/erol-bulut-insallah-kasimpasa-macinda-rahat-galibiyet-aliriz_aedab9b.jpg?fit=1000%2C666","jetpack_sharing_enabled":true,"jetpack_shortlink":"https:\/\/wp.me\/paKIfm-Ozw","_links":{"self":[{"href":"http:\/\/www.tvturk.com\/index.php\/wp-json\/wp\/v2\/posts\/194402","targetHints":{"allow":["GET"]}}],"collection":[{"href":"http:\/\/www.tvturk.com\/index.php\/wp-json\/wp\/v2\/posts"}],"about":[{"href":"http:\/\/www.tvturk.com\/index.php\/wp-json\/wp\/v2\/types\/post"}],"author":[{"embeddable":true,"href":"http:\/\/www.tvturk.com\/index.php\/wp-json\/wp\/v2\/users\/1"}],"replies":[{"embeddable":true,"href":"http:\/\/www.tvturk.com\/index.php\/wp-json\/wp\/v2\/comments?post=194402"}],"version-history":[{"count":0,"href":"http:\/\/www.tvturk.com\/index.php\/wp-json\/wp\/v2\/posts\/194402\/revisions"}],"wp:featuredmedia":[{"embeddable":true,"href":"http:\/\/www.tvturk.com\/index.php\/wp-json\/wp\/v2\/media\/194403"}],"wp:attachment":[{"href":"http:\/\/www.tvturk.com\/index.php\/wp-json\/wp\/v2\/media?parent=194402"}],"wp:term":[{"taxonomy":"category","embeddable":true,"href":"http:\/\/www.tvturk.com\/index.php\/wp-json\/wp\/v2\/categories?post=194402"},{"taxonomy":"post_tag","embeddable":true,"href":"http:\/\/www.tvturk.com\/index.php\/wp-json\/wp\/v2\/tags?post=194402"}],"curies":[{"name":"wp","href":"https:\/\/api.w.org\/{rel}","templated":true}]}}