{"id":194404,"date":"2019-08-21T21:17:12","date_gmt":"2019-08-21T18:17:12","guid":{"rendered":"http:\/\/www.tvturk.com\/index.php\/mehmet-yiginer-bu-haftayi-3-puan-ile-gecebilirsek-isin-yuzde-10luk-kismini-atlatmis-oluruz\/"},"modified":"2019-08-21T21:17:12","modified_gmt":"2019-08-21T18:17:12","slug":"mehmet-yiginer-bu-haftayi-3-puan-ile-gecebilirsek-isin-yuzde-10luk-kismini-atlatmis-oluruz","status":"publish","type":"post","link":"http:\/\/www.tvturk.com\/index.php\/mehmet-yiginer-bu-haftayi-3-puan-ile-gecebilirsek-isin-yuzde-10luk-kismini-atlatmis-oluruz\/","title":{"rendered":"Mehmet Yi\u011finer: \u201cBu haftay\u0131 3 puan ile ge\u00e7ebilirsek i\u015fin y\u00fczde 10\u2019luk k\u0131sm\u0131n\u0131 atlatm\u0131\u015f oluruz\u201d"},"content":{"rendered":"<p>Kayserispor ma\u00e7\u0131 haz\u0131rl\u0131klar\u0131n\u0131 s\u00fcrd\u00fcren MKE Ankarag\u00fcc\u00fc\u2019nde kul\u00fcp ba\u015fkan\u0131 Mehmet Yi\u011finer, \u201cBu haftay\u0131 3 puan ile ge\u00e7ebilirsek i\u015fin y\u00fczde 10\u2019luk k\u0131sm\u0131n\u0131 atlatm\u0131\u015f oluruz\u201d dedi.<\/p>\n<p>S\u00fcper Lig\u2019in 2. haftas\u0131nda sahas\u0131nda oynayaca\u011f\u0131 Kayserispor ma\u00e7\u0131n\u0131n haz\u0131rl\u0131klar\u0131na Be\u015ftepe Tesisleri\u2019nde devam eden MKE Ankarag\u00fcc\u00fc\u2019nde kul\u00fcp ba\u015fkan\u0131 Mehmet Yi\u011finer baz\u0131 konularda a\u00e7\u0131klamada bulundu. Ba\u015fkan Mehmet Yi\u011finer, \u201cBizim b\u00fct\u00fcn \u00e7al\u0131\u015fmam\u0131z, gayemiz Ankarag\u00fcc\u00fc\u2019n\u00fc ba\u015far\u0131l\u0131 k\u0131lmak ve daha \u00fcstlere ta\u015f\u0131mak\u201d ifadelerini kullan\u0131rken, \u015fehit aileleri i\u00e7in ise \u00fccretsiz kombine vererek onlara destek olacaklar\u0131n\u0131 vurgulad\u0131.<\/p>\n<p>\u201cSakat vermeden lige ba\u015flamak da bizim i\u00e7in \u00f6nemliydi\u201d<\/p>\n<p>Konyaspor ma\u00e7\u0131nda MKE Ankarag\u00fcc\u00fc\u2019n\u00fcn verilmeyen penalt\u0131s\u0131 oldu\u011funu vurgulayan Ba\u015fkan Mehmet Yi\u011finer, \u201cAram\u0131za sonradan kat\u0131lan futbolcular\u0131m\u0131z da oldu, \u00f6zellikle ikinci kamp\u0131n sonunda geldiler. Buna ra\u011fmen yine de iyi m\u00fccadele ettik ve direndik. Verilmeyen bir net penalt\u0131m\u0131z, elle oynama vard\u0131. O da verilmi\u015f olsayd\u0131 belki bug\u00fcn 3 puan\u0131m\u0131z olacakt\u0131. Ben futbolcular\u0131m\u0131z\u0131 kutluyorum, teknik ekibimizi de tebrik ediyorum tak\u0131m\u0131 iyi haz\u0131rlad\u0131lar bu s\u00fcre\u00e7te. Sakat vermeden lige ba\u015flamak da bizim i\u00e7in \u00f6nemliydi. Tabi eksiklerimiz var m\u0131 var onu da g\u00f6rd\u00fck. Bizim birka\u00e7 haftaya daha ihtiyac\u0131m\u0131z var tak\u0131m olarak. Ama 1 puan iyi puand\u0131r, Konya deplasman\u0131nda al\u0131nan 1 puan iyi puand\u0131r, bu anlamda memnunuz 1 puandan\u201d ifadelerini kulland\u0131.<\/p>\n<p>\u201cSon y\u0131llarda yerli hocalar\u0131m\u0131z gayet ba\u015far\u0131l\u0131\u201d<\/p>\n<p>Teknik direkt\u00f6r konusuna de\u011finen Ba\u015fkan Yi\u011finer, \u201cHocalar\u0131m\u0131z var sportif direkt\u00f6r\u00fcm\u00fcz var, 7 sene Ankarag\u00fcc\u00fc\u2019nde top oynam\u0131\u015f Adnan Erkan hocam\u0131z var. Onun haricinde bizimle birlikte 2 sene \u00e7al\u0131\u015fm\u0131\u015f Aykan Atik hocam\u0131z var ve \u00e7al\u0131\u015ft\u0131ran bir ekip var. Tabi bu transfer yasa\u011f\u0131 ile birlikte bunlar\u0131n karar\u0131n\u0131 verece\u011fiz onunla ilgili \u00e7al\u0131\u015f\u0131yoruz. Di\u011fer borcu b\u00fcy\u00fck olan kul\u00fcpler bir \u015fekilde yap\u0131land\u0131rmalar\u0131n\u0131 yapt\u0131lar. B\u00fct\u00fcn incelemeler yap\u0131ld\u0131 muhasebe kay\u0131tlar\u0131 incelendi, istenilen evraklar\u0131n hepsi tamamland\u0131. Eksiklikleri tamamlad\u0131k. Sadece bir talimat beklediklerini s\u00f6ylediler, bekliyoruz. Yani biz de yap\u0131land\u0131rma yapt\u0131\u011f\u0131m\u0131z zaman belirledi\u011fimiz futbolcular var. Onlar\u0131n ismini \u015fu an zikretmiyoruz, kimseyle payla\u015fm\u0131yoruz. Belirledi\u011fimiz o futbolcular\u0131 transfer edece\u011fiz. Daha sonras\u0131nda duruma bakaca\u011f\u0131z hoca ihtiyac\u0131 varsa hoca alaca\u011f\u0131z. Son y\u0131llarda yerli hocalar\u0131m\u0131z gayet ba\u015far\u0131l\u0131. Son d\u00f6nemde tak\u0131mlar tercihlerini yerli hoca taraf\u0131ndan kullan\u0131yor\u201d \u015feklinde konu\u015ftu.<\/p>\n<p>\u201cBizim b\u00fct\u00fcn \u00e7al\u0131\u015fmam\u0131z, gayemiz Ankarag\u00fcc\u00fc\u2019n\u00fc ba\u015far\u0131l\u0131 k\u0131lmak ve daha \u00fcstlere ta\u015f\u0131mak\u201d<\/p>\n<p>MKE Ankarag\u00fcc\u00fc\u2019n\u00fcn b\u00fcy\u00fck bir camia oldu\u011funu vurgulayan Ba\u015fkan Yi\u011finer, \u201cTak\u0131m\u0131n bu ligde olmas\u0131 laz\u0131m. Ankarag\u00fcc\u00fc taraftarlar\u0131 olarak umulmad\u0131k bir performans sergiledik ve \u00e7ok fazla \u00fcr\u00fcn satt\u0131k. Muhtemelen di\u011fer taraftar ma\u011fazalar\u0131n\u0131 ge\u00e7tik. Taraftar ma\u011fazam\u0131z gayet iyi \u00e7al\u0131\u015f\u0131yor. Bununla birlikte gezici ma\u011fazam\u0131z da var. \u00dcr\u00fcn \u00e7e\u015fitlili\u011fimiz ile birlikte olumlu geli\u015fmeler oluyor. \u0130\u015fin ger\u00e7e\u011fi biz de, firma yetkilileri de olduk\u00e7a \u015fa\u015f\u0131rd\u0131k. Beklenmedik bir talep olu\u015ftu. \u0130nsanlar bunun \u00f6zlemi i\u00e7erisindeymi\u015f. Ankara\u2019da, Ankarag\u00fcc\u00fc\u2019ne ba\u011fl\u0131 olan ba\u011f\u0131ml\u0131 olan ya da ba\u015far\u0131l\u0131 olmas\u0131n\u0131 isteyen y\u00fcz binlerce ki\u015fi var. Dolay\u0131s\u0131yla S\u00fcper Lig\u2019de olmas\u0131 gereken bir tak\u0131m. Bizim b\u00fct\u00fcn \u00e7al\u0131\u015fmam\u0131z, gayemiz Ankarag\u00fcc\u00fc\u2019n\u00fc ba\u015far\u0131l\u0131 k\u0131lmak ve daha \u00fcstlere ta\u015f\u0131mak. \u015eehrimize lay\u0131k olmaya \u00e7al\u0131\u015f\u0131yoruz. Taraftar\u0131m\u0131za camiam\u0131za lay\u0131k olmaya \u00e7al\u0131\u015f\u0131yoruz\u201d dedi.<\/p>\n<p>\u201cHerkese g\u00f6rev d\u00fc\u015f\u00fcyor\u201d<\/p>\n<p>Stadyumda huzurlu bir ortam sa\u011flanmas\u0131 gerekti\u011fini dile getiren Yi\u011finer, \u201cBurada herkese g\u00f6rev d\u00fc\u015f\u00fcyor. \u00d6zellikle taraftarlara, taraftarlara abilik yapan liderlere. E\u011fer bu huzur ortam\u0131 olu\u015fursa o huzur ortam\u0131 ile birlikte \u00e7ocuklar, gen\u00e7ler, aileler herkes stada gelecektir. Dolay\u0131s\u0131 ile bir\u00e7ok ma\u00e7\u0131m\u0131z\u0131 kapal\u0131 gi\u015fe oynayaca\u011f\u0131m\u0131z\u0131 d\u00fc\u015f\u00fcn\u00fcyorum\u201d diye konu\u015ftu.<\/p>\n<p>\u201c\u015eehit ailelerimize \u00fccretsiz kombine verece\u011fiz\u201d<\/p>\n<p>\u015eehit yak\u0131nlar\u0131na kombine verilmesi hususuna da de\u011finen Ba\u015fkan Mehmet Yi\u011finer, \u201cE\u011fer burada sizler ve bizler bir aradaysak, tak\u0131m\u0131m\u0131z burada antrenman yapabiliyorsa, ailelerimiz ile birlikte huzur i\u00e7erisinde ya\u015fayabiliyorsak bunu \u015fehitlerimize gazilerimize bor\u00e7luyuz. \u015eehit ailelerimize \u00fccretsiz kombine verece\u011fiz. Deste\u011fimiz olacak. Bu ay\u0131n sonuna kadar m\u00fcracaat etmeleri laz\u0131m\u201d ifadelerini kulland\u0131.<\/p>\n<p>\u201cBu haftay\u0131 3 puan ile ge\u00e7ebilirsek i\u015fin y\u00fczde 10\u2019luk k\u0131sm\u0131n\u0131 atlatm\u0131\u015f oluruz\u201d<\/p>\n<p>Birlik ve beraberli\u011fin devam etmesi ad\u0131na bir ad\u0131m at\u0131klar\u0131n\u0131 vurgulayan Yi\u011finer, \u201cKonya\u2019daki o sinerjinin, olumlu havan\u0131n ve tak\u0131ma deste\u011fin devam etmesi anlam\u0131nda bir ad\u0131m att\u0131k. Umar\u0131m iyi alg\u0131lan\u0131r ba\u015fka bir art niyetimiz yok. Tak\u0131m\u0131m\u0131za sahip \u00e7\u0131kal\u0131m. Futbolcular\u0131n morallerini bozmayal\u0131m. Onlar\u0131 devaml\u0131 destekleyelim. Ankarag\u00fcc\u00fc camias\u0131 olarak taraftar\u0131 olarak bunlar\u0131 yapabilecek g\u00fc\u00e7teyiz. Bunu yapt\u0131\u011f\u0131m\u0131z zaman emin olun 3 puan\u0131 alaca\u011f\u0131z. Bu haftay\u0131 3 puan ile ge\u00e7ebilirsek i\u015fin y\u00fczde 10\u2019luk k\u0131sm\u0131n\u0131 atlatm\u0131\u015f oluruz. \u0130n\u015fallah y\u00fczde 90\u2019l\u0131k k\u0131sm\u0131n\u0131 da atlat\u0131r\u0131z\u201d dedi.<\/p>\n<p>\u00d6te yandan Ba\u015fkan Mehmet Yi\u011finer ve futbolcu Orgill antrenman \u00f6ncesi ziyarete gelen l\u00f6semi hastas\u0131 ile foto\u011fraf \u00e7ekilmeyi ihmal etmedi.<\/p>\n","protected":false},"excerpt":{"rendered":"<p>KAYSER\u0130SPOR MA\u00c7I HAZIRLIKLARINI S\u00dcRD\u00dcREN MKE ANKARAG\u00dcC\u00dc\u2019NDE KUL\u00dcP BA\u015eKANI MEHMET Y\u0130\u011e\u0130NER, \u201cBU HAFTAYI 3 PUAN \u0130LE GE\u00c7EB\u0130L\u0130RSEK \u0130\u015e\u0130N Y\u00dcZDE 10\u2019LUK KISMINI ATLATMI\u015e OLURUZ\u201d DED\u0130.<\/p>\n","protected":false},"author":1,"featured_media":194405,"comment_status":"closed","ping_status":"open","sticky":false,"template":"","format":"standard","meta":{"jetpack_post_was_ever_published":false,"_jetpack_newsletter_access":"","_jetpack_dont_email_post_to_subs":false,"_jetpack_newsletter_tier_id":0,"_jetpack_memberships_contains_paywalled_content":false,"_jetpack_memberships_contains_paid_content":false,"footnotes":"","jetpack_publicize_message":"","jetpack_publicize_feature_enabled":true,"jetpack_social_post_already_shared":true,"jetpack_social_options":{"image_generator_settings":{"template":"highway","default_image_id":0,"font":"","enabled":false},"version":2}},"categories":[657],"tags":[986,48744,48745,48743,4174,192,10759,26444,2570,20619,7080,26979,3480],"class_list":["post-194404","post","type-post","status-publish","format-standard","has-post-thumbnail","hentry","category-spor","tag-bu","tag-10luk","tag-atlatmis","tag-gecebilirsek","tag-haftayi","tag-ile","tag-isin","tag-kismini","tag-mehmet","tag-oluruz","tag-puan","tag-yiginer","tag-yuzde"],"jetpack_publicize_connections":[],"jetpack_featured_media_url":"https:\/\/i0.wp.com\/www.tvturk.com\/wp-content\/uploads\/2019\/08\/mehmet-yiginer-bu-haftayi-3-puan-ile-gecebilirsek-isin-yuzde-10luk-kismini-atlatmis-oluruz_cf0d2f7.jpg?fit=795%2C525","jetpack_sharing_enabled":true,"jetpack_shortlink":"https:\/\/wp.me\/paKIfm-Ozy","_links":{"self":[{"href":"http:\/\/www.tvturk.com\/index.php\/wp-json\/wp\/v2\/posts\/194404","targetHints":{"allow":["GET"]}}],"collection":[{"href":"http:\/\/www.tvturk.com\/index.php\/wp-json\/wp\/v2\/posts"}],"about":[{"href":"http:\/\/www.tvturk.com\/index.php\/wp-json\/wp\/v2\/types\/post"}],"author":[{"embeddable":true,"href":"http:\/\/www.tvturk.com\/index.php\/wp-json\/wp\/v2\/users\/1"}],"replies":[{"embeddable":true,"href":"http:\/\/www.tvturk.com\/index.php\/wp-json\/wp\/v2\/comments?post=194404"}],"version-history":[{"count":0,"href":"http:\/\/www.tvturk.com\/index.php\/wp-json\/wp\/v2\/posts\/194404\/revisions"}],"wp:featuredmedia":[{"embeddable":true,"href":"http:\/\/www.tvturk.com\/index.php\/wp-json\/wp\/v2\/media\/194405"}],"wp:attachment":[{"href":"http:\/\/www.tvturk.com\/index.php\/wp-json\/wp\/v2\/media?parent=194404"}],"wp:term":[{"taxonomy":"category","embeddable":true,"href":"http:\/\/www.tvturk.com\/index.php\/wp-json\/wp\/v2\/categories?post=194404"},{"taxonomy":"post_tag","embeddable":true,"href":"http:\/\/www.tvturk.com\/index.php\/wp-json\/wp\/v2\/tags?post=194404"}],"curies":[{"name":"wp","href":"https:\/\/api.w.org\/{rel}","templated":true}]}}