{"id":194406,"date":"2019-08-21T21:31:45","date_gmt":"2019-08-21T18:31:45","guid":{"rendered":"http:\/\/www.tvturk.com\/index.php\/izmire-sehit-atesi-dustu-2\/"},"modified":"2019-08-21T21:31:45","modified_gmt":"2019-08-21T18:31:45","slug":"izmire-sehit-atesi-dustu-2","status":"publish","type":"post","link":"http:\/\/www.tvturk.com\/index.php\/izmire-sehit-atesi-dustu-2\/","title":{"rendered":"\u0130zmir\u2019e \u015fehit ate\u015fi d\u00fc\u015ft\u00fc"},"content":{"rendered":"<p>\u015e\u0131rnak\u2019\u0131n Silopi il\u00e7esinde g\u00fcvenlik g\u00fc\u00e7leri ile PKK\u2019l\u0131 ter\u00f6ristler aras\u0131nda \u00e7\u0131kan \u00e7at\u0131\u015fmada \u015fehit olan askerin \u0130zmir\u2019de ya\u015fayan e\u015finin evine \u015fehit ate\u015fi d\u00fc\u015ft\u00fc.<\/p>\n<p>\u015e\u0131rnak\u2019\u0131n Silopi il\u00e7esindeki T\u00fcrkiye Petrolleri Anonim \u015eirketi (TPAO) \u00e7al\u0131\u015fanlar\u0131n\u0131n g\u00fcvenli\u011fini sa\u011flamak amac\u0131yla \u0130l Jandarma Komutanl\u0131\u011f\u0131 ekiplerince ter\u00f6r \u00f6rg\u00fct\u00fc PKK\u2019ya y\u00f6nelik b\u00f6lgede yap\u0131lan operasyon s\u0131ras\u0131nda \u015fehit olan Uzman \u00c7avu\u015f Muhammed Ferdi G\u00fcntekin\u2019in \u0130zmir\u2019in Buca il\u00e7esi 870\/3 Sokak\u2019ta ya\u015fayan e\u015finin evine ac\u0131 haber verildi. \u015eehit haberi yetkililerce \u015fehidin e\u015fi Ezgi G\u00fcntekin\u2019e tebli\u011f edildi. Ac\u0131 haberi alan \u015fehidin e\u015fi g\u00f6zya\u015flar\u0131na bo\u011fuldu.<\/p>\n<p>\u015eehit G\u00fcntekin\u2019in 3 ya\u015f\u0131nda Mira isminde bir k\u0131z\u0131n\u0131n oldu\u011fu ve do\u011fum g\u00fcn\u00fc kutlamas\u0131 i\u00e7in ailenin, babay\u0131 bekledi\u011fi \u00f6\u011frenildi. Babaanne Rabia G\u00fcner de ayakta durmakta zorlan\u0131rken, &#8220;Hepsi bizim evlad\u0131m\u0131z, konu\u015famayaca\u011f\u0131m daha fazla&#8221; dedi.<\/p>\n<p>\u015eehit Muhammed Ferdi G\u00fcntekin\u2019in a\u011fabeyi Erdi G\u00fcntekin\u2019in ise \u015e\u0131rnak\u2019ta g\u00f6revli Uzman \u00c7avu\u015f oldu\u011fu bildirildi. Ac\u0131l\u0131 aile Erzurum\u2019a gitmek i\u00e7in yola \u00e7\u0131karken \u015fehidin annesinin Erzurum\u2019da ya\u015fad\u0131\u011f\u0131 ve \u015eehit Muhammed Ferdi G\u00fcntekin\u2019in cenazesinin Erzurum Dumlu \u015eehitli\u011fi\u2019nde defnedilece\u011fi \u00f6\u011frenildi.<\/p>\n","protected":false},"excerpt":{"rendered":"<p>\u015eIRNAK&#8217;IN S\u0130LOP\u0130 \u0130L\u00c7ES\u0130NDE G\u00dcVENL\u0130K G\u00dc\u00c7LER\u0130 \u0130LE PKK&#8217;LI TER\u00d6R\u0130STLER ARASINDA \u00c7IKAN \u00c7ATI\u015eMADA \u015eEH\u0130T OLAN ASKER\u0130N \u0130ZM\u0130R\u2019DE YA\u015eAYAN E\u015e\u0130N\u0130N EV\u0130NE ACI HABER TEZ ULA\u015eTI.<\/p>\n","protected":false},"author":1,"featured_media":194407,"comment_status":"closed","ping_status":"open","sticky":false,"template":"","format":"standard","meta":{"jetpack_post_was_ever_published":false,"_jetpack_newsletter_access":"","_jetpack_dont_email_post_to_subs":false,"_jetpack_newsletter_tier_id":0,"_jetpack_memberships_contains_paywalled_content":false,"_jetpack_memberships_contains_paid_content":false,"footnotes":"","jetpack_publicize_message":"","jetpack_publicize_feature_enabled":true,"jetpack_social_post_already_shared":true,"jetpack_social_options":{"image_generator_settings":{"template":"highway","default_image_id":0,"font":"","enabled":false},"version":2}},"categories":[1],"tags":[4592,1613,7066,237],"class_list":["post-194406","post","type-post","status-publish","format-standard","has-post-thumbnail","hentry","category-genel","tag-atesi","tag-dustu","tag-izmire","tag-sehit"],"jetpack_publicize_connections":[],"jetpack_featured_media_url":"https:\/\/i0.wp.com\/www.tvturk.com\/wp-content\/uploads\/2019\/08\/izmire-sehit-atesi-dustu_9795004.jpg?fit=1000%2C564","jetpack_sharing_enabled":true,"jetpack_shortlink":"https:\/\/wp.me\/paKIfm-OzA","_links":{"self":[{"href":"http:\/\/www.tvturk.com\/index.php\/wp-json\/wp\/v2\/posts\/194406","targetHints":{"allow":["GET"]}}],"collection":[{"href":"http:\/\/www.tvturk.com\/index.php\/wp-json\/wp\/v2\/posts"}],"about":[{"href":"http:\/\/www.tvturk.com\/index.php\/wp-json\/wp\/v2\/types\/post"}],"author":[{"embeddable":true,"href":"http:\/\/www.tvturk.com\/index.php\/wp-json\/wp\/v2\/users\/1"}],"replies":[{"embeddable":true,"href":"http:\/\/www.tvturk.com\/index.php\/wp-json\/wp\/v2\/comments?post=194406"}],"version-history":[{"count":0,"href":"http:\/\/www.tvturk.com\/index.php\/wp-json\/wp\/v2\/posts\/194406\/revisions"}],"wp:featuredmedia":[{"embeddable":true,"href":"http:\/\/www.tvturk.com\/index.php\/wp-json\/wp\/v2\/media\/194407"}],"wp:attachment":[{"href":"http:\/\/www.tvturk.com\/index.php\/wp-json\/wp\/v2\/media?parent=194406"}],"wp:term":[{"taxonomy":"category","embeddable":true,"href":"http:\/\/www.tvturk.com\/index.php\/wp-json\/wp\/v2\/categories?post=194406"},{"taxonomy":"post_tag","embeddable":true,"href":"http:\/\/www.tvturk.com\/index.php\/wp-json\/wp\/v2\/tags?post=194406"}],"curies":[{"name":"wp","href":"https:\/\/api.w.org\/{rel}","templated":true}]}}