{"id":194430,"date":"2019-08-22T09:31:29","date_gmt":"2019-08-22T06:31:29","guid":{"rendered":"http:\/\/www.tvturk.com\/index.php\/restorasyondan-once-hic-bu-kadar-yogunluk-yasanmamisti\/"},"modified":"2019-08-22T09:31:29","modified_gmt":"2019-08-22T06:31:29","slug":"restorasyondan-once-hic-bu-kadar-yogunluk-yasanmamisti","status":"publish","type":"post","link":"http:\/\/www.tvturk.com\/index.php\/restorasyondan-once-hic-bu-kadar-yogunluk-yasanmamisti\/","title":{"rendered":"Restorasyondan \u00f6nce hi\u00e7 bu kadar yo\u011funluk ya\u015fanmam\u0131\u015ft\u0131"},"content":{"rendered":"<p>T\u00fcrkiye\u2019nin \u00f6nemli turizm merkezlerinden biri olan S\u00fcmela Manast\u0131r\u0131n\u0131 bu y\u0131l\u0131n 2 ayl\u0131k d\u00f6neminde 116 bin 525 ki\u015fi ziyaret etti. S\u00fcmela Manast\u0131r\u0131na \u00f6zellikle bu y\u0131l yo\u011fun ilgi olurken Manast\u0131r, 22 Eyl\u00fcl 2015 tarihinde restorasyon \u00e7al\u0131\u015fmalar\u0131 nedeniyle ziyarete kapat\u0131larak 25 May\u0131s\u2019ta bir b\u00f6l\u00fcm\u00fc ziyarete a\u00e7\u0131lm\u0131\u015ft\u0131.<\/p>\n<p>Trabzon\u2019un Ma\u00e7ka il\u00e7esi Alt\u0131ndere Vadisi\u2019ndeki S\u00fcmela Manast\u0131r\u0131\u2019nda zor \u015fartlar alt\u0131nda 3,5 y\u0131ld\u0131r s\u00fcrd\u00fcr\u00fclen ve ilk etab\u0131 bitirilen restorasyon \u00e7al\u0131\u015fmalar\u0131n\u0131n ard\u0131ndan  birinci avluya kadarki k\u0131sm\u0131 K\u00fclt\u00fcr ve Turizm Bakan Yard\u0131mc\u0131s\u0131 Nadir Alpaslan\u2019\u0131n kat\u0131l\u0131m\u0131yla 25 May\u0131s 2019 g\u00fcn\u00fc d\u00fczenlenen t\u00f6renle a\u00e7\u0131larak ziyaret\u00e7i kabul\u00fcne ba\u015flam\u0131\u015ft\u0131.<\/p>\n<p>Manast\u0131r\u0131 bu y\u0131l\u0131n Haziran ve Temmuz ay\u0131nda 16 bin 525 ki\u015fi ziyaret ederken kapal\u0131 olmadan \u00f6nceki d\u00f6nemde bu kadar yo\u011funluk ya\u015fanmam\u0131\u015ft\u0131. Adeta  ziyaret\u00e7i ak\u0131n\u0131na u\u011frayan S\u00fcmela manast\u0131r\u0131n\u0131 \u00f6zellikle K\u00f6rfez \u00fclkelerinden gelen turistlerde ilgi g\u00f6steriyor. Manast\u0131r\u0131 uzun y\u0131llardan bat\u0131l\u0131 turistlerinde ziyaret etti\u011fi g\u00f6zlenirken, \u00f6te yandan  K\u00fclt\u00fcr ve Turizm Bakanl\u0131\u011f\u0131, 2020 y\u0131l\u0131n\u0131n sonunda tamamlanmas\u0131n\u0131 planlanan t\u00fcm restorasyon \u00e7al\u0131\u015fmalar\u0131n\u0131n ard\u0131ndan UNESCO D\u00fcnya Miras\u0131 Ge\u00e7ici Listesi\u2019nde yer alan S\u00fcmela Manast\u0131r\u0131\u2019n\u0131n daimi listeye al\u0131nmas\u0131 i\u00e7in giri\u015fimlere ba\u015flayacak.<\/p>\n","protected":false},"excerpt":{"rendered":"<p>T\u00dcRK\u0130YE\u2019N\u0130N \u00d6NEML\u0130 TUR\u0130ZM MERKEZLER\u0130NDEN B\u0130R\u0130 OLAN S\u00dcMELA MANASTIRINI BU YILIN 2 AYLIK D\u00d6NEM\u0130NDE 116 B\u0130N 525 K\u0130\u015e\u0130 Z\u0130YARET ETT\u0130.<\/p>\n","protected":false},"author":1,"featured_media":194431,"comment_status":"closed","ping_status":"open","sticky":false,"template":"","format":"standard","meta":{"jetpack_post_was_ever_published":false,"_jetpack_newsletter_access":"","_jetpack_dont_email_post_to_subs":false,"_jetpack_newsletter_tier_id":0,"_jetpack_memberships_contains_paywalled_content":false,"_jetpack_memberships_contains_paid_content":false,"footnotes":"","jetpack_publicize_message":"","jetpack_publicize_feature_enabled":true,"jetpack_social_post_already_shared":true,"jetpack_social_options":{"image_generator_settings":{"template":"highway","default_image_id":0,"font":"","enabled":false},"version":2}},"categories":[1],"tags":[5586,3702,232,48751,48752,28926],"class_list":["post-194430","post","type-post","status-publish","format-standard","has-post-thumbnail","hentry","category-genel","tag-hic","tag-kadar","tag-once","tag-restorasyondan","tag-yasanmamisti","tag-yogunluk"],"jetpack_publicize_connections":[],"jetpack_featured_media_url":"https:\/\/i0.wp.com\/www.tvturk.com\/wp-content\/uploads\/2019\/08\/restorasyondan-once-hic-bu-kadar-yogunluk-yasanmamisti_284b743.jpg?fit=1000%2C666","jetpack_sharing_enabled":true,"jetpack_shortlink":"https:\/\/wp.me\/paKIfm-OzY","_links":{"self":[{"href":"http:\/\/www.tvturk.com\/index.php\/wp-json\/wp\/v2\/posts\/194430","targetHints":{"allow":["GET"]}}],"collection":[{"href":"http:\/\/www.tvturk.com\/index.php\/wp-json\/wp\/v2\/posts"}],"about":[{"href":"http:\/\/www.tvturk.com\/index.php\/wp-json\/wp\/v2\/types\/post"}],"author":[{"embeddable":true,"href":"http:\/\/www.tvturk.com\/index.php\/wp-json\/wp\/v2\/users\/1"}],"replies":[{"embeddable":true,"href":"http:\/\/www.tvturk.com\/index.php\/wp-json\/wp\/v2\/comments?post=194430"}],"version-history":[{"count":0,"href":"http:\/\/www.tvturk.com\/index.php\/wp-json\/wp\/v2\/posts\/194430\/revisions"}],"wp:featuredmedia":[{"embeddable":true,"href":"http:\/\/www.tvturk.com\/index.php\/wp-json\/wp\/v2\/media\/194431"}],"wp:attachment":[{"href":"http:\/\/www.tvturk.com\/index.php\/wp-json\/wp\/v2\/media?parent=194430"}],"wp:term":[{"taxonomy":"category","embeddable":true,"href":"http:\/\/www.tvturk.com\/index.php\/wp-json\/wp\/v2\/categories?post=194430"},{"taxonomy":"post_tag","embeddable":true,"href":"http:\/\/www.tvturk.com\/index.php\/wp-json\/wp\/v2\/tags?post=194430"}],"curies":[{"name":"wp","href":"https:\/\/api.w.org\/{rel}","templated":true}]}}