{"id":194446,"date":"2019-08-22T10:01:32","date_gmt":"2019-08-22T07:01:32","guid":{"rendered":"http:\/\/www.tvturk.com\/index.php\/turkiye-seracilikta-dunya-ile-yarisiyor\/"},"modified":"2019-08-22T10:01:32","modified_gmt":"2019-08-22T07:01:32","slug":"turkiye-seracilikta-dunya-ile-yarisiyor","status":"publish","type":"post","link":"http:\/\/www.tvturk.com\/index.php\/turkiye-seracilikta-dunya-ile-yarisiyor\/","title":{"rendered":"T\u00fcrkiye serac\u0131l\u0131kta d\u00fcnya ile yar\u0131\u015f\u0131yor"},"content":{"rendered":"<p>Tar\u0131mda d\u00fcnyada 7\u2019nci, Avrupa\u2019da 1\u2019inci s\u0131rada yer alan T\u00fcrkiye, \u00f6rt\u00fcalt\u0131 yeti\u015ftiricilikte ise d\u00fcnyada 4\u2019\u00fcnc\u00fc olarak \u0130spanya ile yar\u0131\u015f\u0131yor.<\/p>\n<p>Tar\u0131m ve Orman Bakanl\u0131\u011f\u0131n\u0131n verilerine g\u00f6re, 1940\u2019l\u0131 y\u0131llarda Antalya\u2019da ba\u015flayan serac\u0131l\u0131k 1975 ile 1985 y\u0131llar\u0131<\/p>\n<p>aras\u0131nda en h\u0131zl\u0131 art\u0131\u015f\u0131 g\u00f6stererek t\u00fcm T\u00fcrkiye\u2019ye yay\u0131ld\u0131. Son 10 y\u0131lda ortalama serac\u0131l\u0131k i\u015fletme b\u00fcy\u00fckl\u00fc\u011f\u00fc 2 dekar seviyesinden 4 dekar seviyesine y\u00fckseldi. 2018\u2019in sonu itibariyle ise T\u00fcrkiye\u2019nin toplam \u00f6rt\u00fcalt\u0131 varl\u0131\u011f\u0131 772 bin 91 dekara ula\u015ft\u0131. \u00c7in, yakla\u015f\u0131k 2 milyon 700 bin hektar \u00f6rt\u00fcalt\u0131 alan\u0131yla birinci s\u0131rada yer al\u0131rken, ikinci s\u0131rada G\u00fcney Kore, ard\u0131ndan \u0130spanya ve T\u00fcrkiye d\u00f6rd\u00fcnc\u00fc s\u0131rada bulunuyor. T\u00fcrkiye\u2019de seralar\u0131n y\u00fczde 46\u2019s\u0131 plastik seradan olu\u015fuyor. Geri kalanlar\u0131n y\u00fczde 24\u2019\u00fc al\u00e7ak t\u00fcnel, 17\u2019si y\u00fcksek t\u00fcnel, y\u00fczde 13\u2019\u00fc ise cam sera.<\/p>\n<p>Akdeniz B\u00f6lgesi \u00f6nc\u00fc<\/p>\n<p>\u00d6rt\u00fcalt\u0131 \u00fcretimde Antalya y\u00fczde 47\u2019lik 3,8 milyon ton payla birinci s\u0131rada yer al\u0131rken, Mersin y\u00fczde 20\u2019lik 1,6 milyon ton payla ikinci, Adana y\u00fczde 12\u2019lik 970 bin ton payla \u00fc\u00e7\u00fcnc\u00fc, Mu\u011fla ise y\u00fczde 8\u2019lik 657 bin ton pay ile d\u00f6rd\u00fcnc\u00fc s\u0131rada yer al\u0131yor. Bu 4 ildeki toplam \u00f6rt\u00fcalt\u0131 \u00fcretimi yakla\u015f\u0131k 7 milyon ton ile T\u00fcrkiye\u2019deki \u00fcretimin yakla\u015f\u0131k y\u00fczde 87\u2019sini olu\u015fturuyor. T\u00fcrkiye\u2019nin \u00f6rt\u00fcalt\u0131 bitkisel \u00fcretim de\u011feri yakla\u015f\u0131k 10 milyar TL\u2019yi buluyor.<\/p>\n<p>T\u00fcrkiye\u2019deki seralar\u0131n y\u00fczde 48\u2019inde domates, y\u00fczde 14\u2019\u00fcnde salatal\u0131k, y\u00fczde 11\u2019inde karpuz, y\u00fczde 9\u2019unda biber, y\u00fczde 4\u2019\u00fcnde patl\u0131can, y\u00fczde 4\u2019\u00fcnde muz, y\u00fczde 3\u2019\u00fcnde kabak, y\u00fczde 2\u2019sinde kavun, y\u00fczde 2\u2019sinde \u00e7ilek ve geri kalan y\u00fczde 3\u2019\u00fcnde di\u011fer sebze ve meyveler yeti\u015ftiriliyor.<\/p>\n<p>Devlet taraf\u0131ndan Bakanlar Kurulu karar\u0131 ile kontroll\u00fc \u00f6rt\u00fcalt\u0131 \u00fcretme ko\u015fullar\u0131na sahip en az bir dekar b\u00fcy\u00fckl\u00fc\u011f\u00fcndeki seralarda \u00d6rt\u00fcalt\u0131 Kay\u0131t Sistemi Y\u00f6netmeli\u011fi\u2019ne uygun olarak yeti\u015ftiricilik yapt\u0131\u011f\u0131 tespit edilen ve kay\u0131t alt\u0131na al\u0131nan \u00fcreticilere Ziraat Bankas\u0131 veya Tar\u0131m Kredi Kooperatiflerince 10 milyon TL \u00fcst limite kadar y\u00fczde 25 ile y\u00fczde 75 aras\u0131 faiz indirimi yap\u0131lmak suretiyle kredi kulland\u0131r\u0131labiliyor. Maliye Bakanl\u0131\u011f\u0131 Milli Emlak Genel M\u00fcd\u00fcrl\u00fc\u011f\u00fcnce yay\u0131mlanan 324 ve 335 say\u0131l\u0131 Milli Emlak Tebli\u011fleri uyar\u0131nca teknolojik ve jeotermal sera yat\u0131r\u0131m\u0131 konusunda en az 10 milyon ABD dolar\u0131 kar\u015f\u0131l\u0131\u011f\u0131 TL tutar\u0131nda yat\u0131r\u0131m yapmay\u0131 ve yat\u0131r\u0131m\u0131n faaliyete ge\u00e7mesinden itibaren en az on ki\u015fiye on y\u0131l s\u00fcreyle istihdam sa\u011flamay\u0131 taahh\u00fct eden yat\u0131r\u0131mc\u0131ya hazineye ait ta\u015f\u0131nmazlar\u0131n kullanma izni veya irtifak hakk\u0131 tesis edilebiliyor.<\/p>\n<p>\u00d6te yandan T\u00dc\u0130K verilerine g\u00f6re \u00f6rt\u00fcalt\u0131 sebze \u00fcretiminin 7 milyon 535 bin 511 ton, meyve \u00fcretiminin 535 bin 515 ton, s\u00fcs bitkileri \u00fcretiminin 1 milyar 211 milyon 202 bin 223 adet oldu\u011fu kaydedildi.<\/p>\n","protected":false},"excerpt":{"rendered":"<p>D\u00dcNYANIN 7\u2019NC\u0130, AVRUPA\u2019NIN \u0130SE TARIM \u00dcRET\u0130M\u0130NDE 1\u2019\u0130NC\u0130 \u00dcLKES\u0130 OLAN T\u00dcRK\u0130YE, \u00d6RT\u00dcALTI YET\u0130\u015eT\u0130R\u0130C\u0130L\u0130K FAAL\u0130YETLER\u0130NDE \u0130SE D\u00dcNYADA 4\u2019\u00dcNC\u00dc OLARAK \u0130SPANYA \u0130LE YARI\u015eIYOR.<\/p>\n","protected":false},"author":1,"featured_media":194447,"comment_status":"closed","ping_status":"open","sticky":false,"template":"","format":"standard","meta":{"jetpack_post_was_ever_published":false,"_jetpack_newsletter_access":"","_jetpack_dont_email_post_to_subs":false,"_jetpack_newsletter_tier_id":0,"_jetpack_memberships_contains_paywalled_content":false,"_jetpack_memberships_contains_paid_content":false,"footnotes":"","jetpack_publicize_message":"","jetpack_publicize_feature_enabled":true,"jetpack_social_post_already_shared":true,"jetpack_social_options":{"image_generator_settings":{"template":"highway","default_image_id":0,"font":"","enabled":false},"version":2}},"categories":[19],"tags":[349,192,48762,453,22043],"class_list":["post-194446","post","type-post","status-publish","format-standard","has-post-thumbnail","hentry","category-ekonomi","tag-dunya","tag-ile","tag-seracilikta","tag-turkiye","tag-yarisiyor"],"jetpack_publicize_connections":[],"jetpack_featured_media_url":"https:\/\/i0.wp.com\/www.tvturk.com\/wp-content\/uploads\/2019\/08\/turkiye-seracilikta-dunya-ile-yarisiyor_d924899.jpg?fit=1000%2C666","jetpack_sharing_enabled":true,"jetpack_shortlink":"https:\/\/wp.me\/paKIfm-OAe","_links":{"self":[{"href":"http:\/\/www.tvturk.com\/index.php\/wp-json\/wp\/v2\/posts\/194446","targetHints":{"allow":["GET"]}}],"collection":[{"href":"http:\/\/www.tvturk.com\/index.php\/wp-json\/wp\/v2\/posts"}],"about":[{"href":"http:\/\/www.tvturk.com\/index.php\/wp-json\/wp\/v2\/types\/post"}],"author":[{"embeddable":true,"href":"http:\/\/www.tvturk.com\/index.php\/wp-json\/wp\/v2\/users\/1"}],"replies":[{"embeddable":true,"href":"http:\/\/www.tvturk.com\/index.php\/wp-json\/wp\/v2\/comments?post=194446"}],"version-history":[{"count":0,"href":"http:\/\/www.tvturk.com\/index.php\/wp-json\/wp\/v2\/posts\/194446\/revisions"}],"wp:featuredmedia":[{"embeddable":true,"href":"http:\/\/www.tvturk.com\/index.php\/wp-json\/wp\/v2\/media\/194447"}],"wp:attachment":[{"href":"http:\/\/www.tvturk.com\/index.php\/wp-json\/wp\/v2\/media?parent=194446"}],"wp:term":[{"taxonomy":"category","embeddable":true,"href":"http:\/\/www.tvturk.com\/index.php\/wp-json\/wp\/v2\/categories?post=194446"},{"taxonomy":"post_tag","embeddable":true,"href":"http:\/\/www.tvturk.com\/index.php\/wp-json\/wp\/v2\/tags?post=194446"}],"curies":[{"name":"wp","href":"https:\/\/api.w.org\/{rel}","templated":true}]}}