{"id":194452,"date":"2019-08-22T10:01:48","date_gmt":"2019-08-22T07:01:48","guid":{"rendered":"http:\/\/www.tvturk.com\/index.php\/bir-gulucuk-bin-mutluluk-dediler-mevsimlik-isci-cocuklarin-yuzunu-guldurduler\/"},"modified":"2019-08-22T10:01:48","modified_gmt":"2019-08-22T07:01:48","slug":"bir-gulucuk-bin-mutluluk-dediler-mevsimlik-isci-cocuklarin-yuzunu-guldurduler","status":"publish","type":"post","link":"http:\/\/www.tvturk.com\/index.php\/bir-gulucuk-bin-mutluluk-dediler-mevsimlik-isci-cocuklarin-yuzunu-guldurduler\/","title":{"rendered":"\u2018Bir G\u00fcl\u00fcc\u00fck, Bin Mutluluk\u201d dediler,  mevsimlik i\u015f\u00e7i \u00e7ocuklar\u0131n y\u00fcz\u00fcn\u00fc g\u00fcld\u00fcrd\u00fcler"},"content":{"rendered":"<p>Kayseri Sa\u011fl\u0131k M\u00fcd\u00fcrl\u00fc\u011f\u00fc Mobil Sa\u011fl\u0131k Ekipleri, mevsimlik i\u015f\u00e7ileri ziyaret ederek, sa\u011fl\u0131k taramas\u0131 yapt\u0131. Ekipleri g\u00f6ren i\u015f\u00e7i \u00e7ocuklar\u0131 b\u00fcy\u00fck mutluluk ya\u015fad\u0131.<\/p>\n<p>T\u00fcrkiye\u2019nin farkl\u0131 kentlerinden Kocasinan il\u00e7esine ba\u011fl\u0131 G\u00f6me\u00e7 ve G\u00fcne\u015fli mahallelerine gelen mevsimlik tar\u0131m i\u015f\u00e7ileri Kocasinan \u0130l\u00e7e Sa\u011fl\u0131k M\u00fcd\u00fcrl\u00fc\u011f\u00fc taraf\u0131ndan kurulan mobil sa\u011fl\u0131k ekibi sayesinde haftada 2-3 g\u00fcn ziyaret edilerek hem rutin kontrolleri yap\u0131l\u0131yor hem de mevsimlik i\u015f\u00e7ilerin \u00e7ocuklar\u0131na \u00e7e\u015fitli hediyeler da\u011f\u0131tarak, mutluluklar\u0131na ortak oluyor.<\/p>\n<p>Mobil sa\u011fl\u0131k ekipleri, ailelere hijyen, vekt\u00f6rlerle bula\u015fan hastal\u0131klar ve sa\u011fl\u0131kl\u0131 beslenme konular\u0131nda e\u011fitim verirken, \u00e7ocuklara mahremiyet, acil durumlar\u0131nda nas\u0131l yard\u0131m istenece\u011fi, acil sa\u011fl\u0131k hizmeti ile nas\u0131l ileti\u015fim kurulaca\u011f\u0131, acil yard\u0131m servisi telefon numaralar\u0131n\u0131n neler oldu\u011fu hakk\u0131nda bilgi veriyor. Yakla\u015f\u0131k 60 kadar i\u015f\u00e7i ailelerinin \u00e7ocuklar\u0131na di\u015f f\u0131r\u00e7as\u0131, di\u015f macunu, kalem, kalemlik gibi \u00e7e\u015fitli hediyeler da\u011f\u0131tarak \u00e7ocuklara bir g\u00fcl\u00fcc\u00fck ile bin mutluluk ya\u015fatt\u0131.<\/p>\n<p>Kocasinan \u0130l\u00e7e Sa\u011fl\u0131k M\u00fcd\u00fcrl\u00fc\u011f\u00fc olarak, her y\u0131l yaz d\u00f6neminde mevsimlik tar\u0131m i\u015f\u00e7isi olarak ilimize gelen ailelerin il sa\u011fl\u0131k m\u00fcd\u00fcrl\u00fc\u011f\u00fc koordinasyonu \u00e7er\u00e7evesinde ailelerine sa\u011fl\u0131k hizmeti sundu\u011funu ifade eden \u0130l\u00e7e Sa\u011fl\u0131k M\u00fcd\u00fcr\u00fc Uzm. Dr Serpil Poyrazo\u011flu, \u201cBug\u00fcn mevsimlik tar\u0131m i\u015f\u00e7ilerimize verilen mobil sa\u011fl\u0131k hizmetini yerinde g\u00f6rmek ve de\u011ferlendirmek amac\u0131yla \u0130l Sa\u011fl\u0131k M\u00fcd\u00fcrl\u00fc\u011f\u00fcm\u00fczden ekiplerle birlikte buraya geldik. Mevsimlik tar\u0131m i\u015f\u00e7isi, tar\u0131m alan\u0131nda hizmet veren,  ge\u00e7ici n\u00fcfusu kapsayan bir deyimdir. Tar\u0131m bilindi\u011fi \u00fczere, d\u00fcnyada oldu\u011fu gibi T\u00fcrkiye\u2019de de en yayg\u0131n, en geni\u015f ikinci istihdam alan\u0131d\u0131r.  Her sene belli bir n\u00fcfus \u00e7evre illerden Kayseri\u2019ye tar\u0131m alan\u0131nda hizmet vermek \u00fczere gelmektedir.  \u0130l\u00e7e Sa\u011fl\u0131k M\u00fcd\u00fcrl\u00fc\u011f\u00fcm\u00fcz\u00fcn \u00e7al\u0131\u015fanlar\u0131 ile birlikte amac\u0131m\u0131z, bu b\u00f6lgede ya\u015fayan toplumun sa\u011fl\u0131k hizmetlerini korumak, geli\u015ftirmek ve sorunlar\u0131 tespit ederek en iyi \u015fekilde vermektir.  Bulundu\u011fumuz b\u00f6lgede yakla\u015f\u0131k 30 \u00e7ad\u0131r bulunmakta olup, bu \u00e7ad\u0131rlarda gebe, bebek 15-49 ya\u015f aras\u0131 kad\u0131n n\u00fcfus ve \u00e7al\u0131\u015fan erkek n\u00fcfus bulunmaktad\u0131r. Belirli aral\u0131klarla doktorumuz, \u00e7evre sa\u011fl\u0131\u011f\u0131 teknisyenimiz ve hem\u015firemizden olu\u015fan bir ekiple bu ki\u015filere ula\u015farak gerekli sa\u011fl\u0131k hizmetini yerinde vermekteyiz.  Gebelere ve bebeklere vitamin deste\u011finin verilmesinin yan\u0131 s\u0131ra a\u015f\u0131lar\u0131 yap\u0131lmakta olup,  sa\u011fl\u0131k sorunlar\u0131n\u0131 \u00e7\u00f6zmek \u00fczere ilgili konularda de\u011ferlendirme yapmaktay\u0131z. Buradaki halk\u0131n temiz suya ula\u015f\u0131m\u0131ndan tutun da, her t\u00fcrl\u00fc sa\u011fl\u0131k sorunu bizim i\u00e7in \u00f6nceliklidir.  \u00c7\u00fcnk\u00fc bu n\u00fcfus sa\u011fl\u0131k hizmeti almay\u0131 kolay olarak ba\u015faramayacak diye de\u011ferlendirdi\u011fimiz bir s\u0131n\u0131fta yer almaktad\u0131r. Sebebi ise yo\u011fun \u00e7al\u0131\u015fmalar\u0131ndan dolay\u0131d\u0131r.  Sa\u011fl\u0131k bakanl\u0131\u011f\u0131m\u0131z\u0131n politikalar\u0131, \u0130l Sa\u011fl\u0131k M\u00fcd\u00fcrl\u00fc\u011f\u00fc\u2019 m\u00fcz\u00fcn katk\u0131lar\u0131yla hizmet vermektedir\u201d ifadelerini kulland\u0131.<\/p>\n<p>\u015eanl\u0131urfa\u2019dan Kayseri\u2019 ye mevsimlik i\u015f\u00e7i olarak \u00e7al\u0131\u015fmaya geldi\u011fini kaydeden Fahri G\u00fcven ise ekiplere te\u015fekk\u00fcr ederek, \u201c5. aydan sonra  Urfa\u2019 dan \u00e7\u0131k\u0131p buralara geliyoruz. 11. aya kadar biz buralarday\u0131z. Bizim buralarda ki i\u015fimiz \u00c7apa, nohut, mercimek, gibi tar\u0131m alanlar\u0131nda \u00e7al\u0131\u015f\u0131yoruz. Farkl\u0131 \u0130llere de gitti\u011fimiz zamanlar oluyor. Genellikle Kayseri b\u00f6lgesinde \u00e7al\u0131\u015fmaktay\u0131z. Biz burada yakla\u015f\u0131k 30 \u00e7ad\u0131r aile var\u0131z. Bizler buraya mevsimlik i\u015f\u00e7i olarak geldi\u011fimizden dolay\u0131, sa\u011fl\u0131k\u00e7\u0131lar\u0131m\u0131z gelerek bizim hastalar\u0131m\u0131za, \u00e7ocuklar\u0131m\u0131za, hamile bayanlar\u0131m\u0131za her t\u00fcrl\u00fc sa\u011fl\u0131k taramalar\u0131n\u0131 yap\u0131yorlar. Allah raz\u0131 olsun\u201d diye konu\u015ftu.<\/p>\n","protected":false},"excerpt":{"rendered":"<p>KAYSER\u0130 SA\u011eLIK M\u00dcD\u00dcRL\u00dc\u011e\u00dc MOB\u0130L SA\u011eLIK EK\u0130PLER\u0130, MEVS\u0130ML\u0130K \u0130\u015e\u00c7\u0130LER\u0130 Z\u0130YARET EDEREK, SA\u011eLIK TARAMASI YAPTI. EK\u0130PLER\u0130 G\u00d6REN \u0130\u015e\u00c7\u0130 \u00c7OCUKLARI B\u00dcY\u00dcK MUTLULUK YA\u015eADI.<\/p>\n","protected":false},"author":1,"featured_media":194453,"comment_status":"closed","ping_status":"open","sticky":false,"template":"","format":"standard","meta":{"jetpack_post_was_ever_published":false,"_jetpack_newsletter_access":"","_jetpack_dont_email_post_to_subs":false,"_jetpack_newsletter_tier_id":0,"_jetpack_memberships_contains_paywalled_content":false,"_jetpack_memberships_contains_paid_content":false,"footnotes":"","jetpack_publicize_message":"","jetpack_publicize_feature_enabled":true,"jetpack_social_post_already_shared":true,"jetpack_social_options":{"image_generator_settings":{"template":"highway","default_image_id":0,"font":"","enabled":false},"version":2}},"categories":[1],"tags":[213,125,4136,2599,48765,48764,1030,11237,6077,9468],"class_list":["post-194452","post","type-post","status-publish","format-standard","has-post-thumbnail","hentry","category-genel","tag-bin","tag-bir","tag-cocuklarin","tag-dediler","tag-guldurduler","tag-gulucuk","tag-isci","tag-mevsimlik","tag-mutluluk","tag-yuzunu"],"jetpack_publicize_connections":[],"jetpack_featured_media_url":"https:\/\/i0.wp.com\/www.tvturk.com\/wp-content\/uploads\/2019\/08\/bir-gulucuk-bin-mutluluk-dediler-mevsimlik-isci-cocuklarin-yuzunu-guldurduler_8ab31d0.jpg?fit=1000%2C664","jetpack_sharing_enabled":true,"jetpack_shortlink":"https:\/\/wp.me\/paKIfm-OAk","_links":{"self":[{"href":"http:\/\/www.tvturk.com\/index.php\/wp-json\/wp\/v2\/posts\/194452","targetHints":{"allow":["GET"]}}],"collection":[{"href":"http:\/\/www.tvturk.com\/index.php\/wp-json\/wp\/v2\/posts"}],"about":[{"href":"http:\/\/www.tvturk.com\/index.php\/wp-json\/wp\/v2\/types\/post"}],"author":[{"embeddable":true,"href":"http:\/\/www.tvturk.com\/index.php\/wp-json\/wp\/v2\/users\/1"}],"replies":[{"embeddable":true,"href":"http:\/\/www.tvturk.com\/index.php\/wp-json\/wp\/v2\/comments?post=194452"}],"version-history":[{"count":0,"href":"http:\/\/www.tvturk.com\/index.php\/wp-json\/wp\/v2\/posts\/194452\/revisions"}],"wp:featuredmedia":[{"embeddable":true,"href":"http:\/\/www.tvturk.com\/index.php\/wp-json\/wp\/v2\/media\/194453"}],"wp:attachment":[{"href":"http:\/\/www.tvturk.com\/index.php\/wp-json\/wp\/v2\/media?parent=194452"}],"wp:term":[{"taxonomy":"category","embeddable":true,"href":"http:\/\/www.tvturk.com\/index.php\/wp-json\/wp\/v2\/categories?post=194452"},{"taxonomy":"post_tag","embeddable":true,"href":"http:\/\/www.tvturk.com\/index.php\/wp-json\/wp\/v2\/tags?post=194452"}],"curies":[{"name":"wp","href":"https:\/\/api.w.org\/{rel}","templated":true}]}}