{"id":194456,"date":"2019-08-22T10:01:59","date_gmt":"2019-08-22T07:01:59","guid":{"rendered":"http:\/\/www.tvturk.com\/index.php\/ozel-izin-bitti-cezaevine-geri-gitti\/"},"modified":"2019-08-22T10:01:59","modified_gmt":"2019-08-22T07:01:59","slug":"ozel-izin-bitti-cezaevine-geri-gitti","status":"publish","type":"post","link":"http:\/\/www.tvturk.com\/index.php\/ozel-izin-bitti-cezaevine-geri-gitti\/","title":{"rendered":"(\u00d6zel) \u0130zin bitti, cezaevine geri gitti"},"content":{"rendered":"<p>Bursa\u2019n\u0131n \u0130neg\u00f6l il\u00e7esinde 12 y\u0131ld\u0131r evli olan \u00d6zt\u00fcrk \u00e7iftinin bir anl\u0131k sinirle yapt\u0131klar\u0131 \u015fik\u00e2yet hayatlar\u0131n\u0131 karartt\u0131. Koca hakk\u0131nda 3 y\u0131l hapis cezas\u0131 verilirken, ma\u011fdur olan 6 \u00e7ocuklu \u00d6zt\u00fcrk ailesi yetkililerden yard\u0131m bekliyor.  Bayram tatilinde izne gelen baba Erdal \u00d6zt\u00fcrk tekrar cezaevine geri d\u00f6nd\u00fc. \u00d6zt\u00fcrk\u2019\u00fcn \u00e7ocuklar\u0131 ise, Cumhurba\u015fkan\u0131 Erdo\u011fan\u2019a seslenerek yard\u0131m istedi.<\/p>\n<p>6 \u00e7ocuk annesi Seher \u00d6zt\u00fcrk, kocas\u0131 Erdal \u00d6zt\u00fcrk ile 2016 y\u0131l\u0131nda evde kalan e\u015finin karde\u015fi y\u00fcz\u00fcnden tart\u0131\u015ft\u0131. Anne Seher tart\u0131\u015fma sonras\u0131 e\u015finden \u015fikayet\u00e7i olmak i\u00e7in solu\u011fu karakolda ald\u0131. Olay\u0131n adl\u00ee makamlara intikal etmesi \u00fczerine Erda\u015f \u00d6zt\u00fcrk ifadesi al\u0131nmak \u00fczere karakola g\u00f6t\u00fcr\u00fcld\u00fc. Daha sonra adliyeye sevk edilen koca tutuklanarak cezaevine g\u00f6nderildi.<\/p>\n<p>Durumun b\u00f6yle olaca\u011f\u0131n\u0131 tahmin etmeyen 6 \u00e7ocuk annesi, yetkili mercilere giderek \u015fikayetinden vazge\u00e7ti. Tutuklu koca, kar\u0131s\u0131n\u0131n \u015fikayetten vazge\u00e7mesinin ard\u0131ndan serbest kald\u0131. Ancak Seher \u00d6zt\u00fcrk \u015fikayetten vazge\u00e7mesine ra\u011fmen, olay\u0131n mahkemeye intikal etmesinden dolay\u0131 Erdal \u00d6zt\u00fcrk hakk\u0131nda kamu davas\u0131 a\u00e7\u0131ld\u0131. 2016 y\u0131l\u0131nda g\u00f6r\u00fclen davada kocaya mahkeme heyeti 3 y\u0131l hapis cezas\u0131 verdi. Karara itiraz edilmesine ra\u011fmen ceza onayland\u0131.<\/p>\n<p>4 ayd\u0131r tutuklu bulunan Erdal \u00d6zt\u00fcrk \u00e7almad\u0131k kap\u0131 b\u0131rakmad\u0131, ancak gitti\u011fi t\u00fcm kap\u0131lar y\u00fcz\u00fcne kapand\u0131. Aylard\u0131r cezaevinde bulunan baban\u0131n akl\u0131 hep e\u015fi ve \u00e7ocuklar\u0131nda. \u00c7\u00fcnk\u00fc ondan ba\u015fka eve ekmek getirecek kimse yok. Babalar\u0131n\u0131n tekrar cezaevine girmesini istemeyen \u00e7ocuklar\u0131 yetkililerden yard\u0131m bekliyor. Cezaevinden izinle gelen baba Erdal \u00d6zt\u00fcrk, e\u015fi ve \u00e7ocuklar\u0131yla k\u0131sa da olsa hasret giderdi.<\/p>\n<p>Yetkililere seslenen Erdal \u00d6zt\u00fcrk, &#8220;2016 y\u0131l\u0131nda e\u015fimle aram\u0131zda bir tart\u0131\u015fma ya\u015fand\u0131. Hakim bana 3 y\u0131l ceza verdi. \u015eu anda 4 ayd\u0131r cezaevindeyim. \u00c7ocuklar\u0131m ve ailem ma\u011fdur durumda. Buradan devlet b\u00fcy\u00fcklerime sesleniyorum, say\u0131n cumhurba\u015fkan\u0131m\u0131za, adalet bakan\u0131m\u0131za sesleniyorum. E\u015fim benden \u015fikayetci de\u011fil. Mutluyuz, g\u00fczel bir evlili\u011fimiz var. Devletin bu yuvay\u0131 y\u0131kmas\u0131n\u0131 istemiyorum. Kimse bana yard\u0131mc\u0131 olmuyor. \u0130ki \u00e7ocu\u011fum engelli. Ben cezaevine girdim, kimse yard\u0131m etmiyor. Yap\u0131lan yard\u0131mlar yetersiz. Ben zaten yard\u0131ma  muhta\u00e7 bir insan de\u011filim; beni cezaevinden \u00e7\u0131kars\u0131nlar, ben aileme bakar\u0131m. Devletimizden tek istedi\u011fim var; 12 y\u0131ld\u0131r evliyiz. Daha \u00f6nce e\u015fimle aramazda bir tart\u0131\u015fma ya\u015fanmad\u0131. \u0130lk kez tart\u0131\u015ft\u0131k. E\u015fim o d\u00f6nemlerde hamile oldu\u011fu i\u00e7in bir anl\u0131k sinirle gidip benden \u015fikayetci oldu. Sonra da vazge\u00e7ti, ama hakk\u0131mda kamu davas\u0131 a\u00e7\u0131ld\u0131\u011f\u0131ndan dolay\u0131 3 y\u0131l ceza ald\u0131m. \u0130lk kez mahkeme y\u00fcz\u00fc g\u00f6rd\u00fcm, kendimi tam olarak savunamad\u0131m. Mahkemeye \u00e7\u0131kt\u0131\u011f\u0131mda bana baro taraf\u0131ndan bir avukat bile verilmedi. Devletin aile i\u015flerine kar\u0131\u015fmamas\u0131 laz\u0131m, ilk kez b\u00f6yle bir olay ya\u015fand\u0131. \u015eimdi diyor ki devlet, e\u015fini bo\u015fa, \u00e7ocuklar\u0131n\u0131 yuvaya ver. E\u015fim benden \u015fikayet\u00e7i de\u011fil, sab\u0131kam yok. Devletimizin benim iyi halimi g\u00f6rmesi laz\u0131m. \u00c7ocuklar\u0131m evde gece korkuyorlar. Buradan devlet b\u00fcy\u00fcklerimize tekrar sesleniyorum: Allah r\u0131zas\u0131 i\u00e7in bu olaya bir el ats\u0131nlar. Beni \u00e7\u0131kars\u0131nlar. Ben e\u015fimi ve \u00e7ocuklar\u0131m\u0131 \u00e7ok seviyorum. Ya\u015fanan tart\u0131\u015fmadan dolay\u0131 \u00e7ok pi\u015fman\u0131m&#8221; diye konu\u015ftu.<\/p>\n<p>Seher \u00d6zt\u00fcrk ise e\u015fini \u00e7ok sevdi\u011fini belirterek, &#8220;Halimiz peri\u015fan. E\u015fimle birbirimizi \u00e7ok seviyoruz. Aram\u0131zda herhangi bir s\u0131k\u0131nt\u0131 yok, ikinci bir \u015fikayet olmad\u0131. E\u015fimin cezas\u0131 olsa bile d\u0131\u015far\u0131da versinler. Bir anl\u0131k sinirle gittim, ke\u015fke olmasayd\u0131. B\u00fcy\u00fcklerimiz kocam\u0131 cezaevinden \u00e7\u0131kars\u0131nlar&#8221; dedi.<\/p>\n<p>Bayram tatilinde cezaevinden izin alarak gelip ailesiyle birlikte bayram\u0131n\u0131 ge\u00e7iren baba Erdal \u00d6zt\u00fcrk, izninin bitmesi \u00fczerine tekrar cezaevine geri d\u00f6nd\u00fc. 10 ya\u015f\u0131ndaki Serap Sevgi ve 9 ya\u015f\u0131ndaki Ecenaz \u00d6zt\u00fcrk ise, babalar\u0131n\u0131n tekrar hapse girmesini istemediklerini ifade ederek, &#8220;Annem ve babam birbirlerini \u00e7ok seviyorlar. Babam evde olmad\u0131\u011f\u0131 i\u00e7in biz geceleri korkuyoruz. Cumhurba\u015fkan\u0131m\u0131zdan yard\u0131m bekliyoruz. Babam\u0131 cezaevinden \u00e7\u0131kars\u0131nlar&#8221; diye konu\u015ftular.<\/p>\n","protected":false},"excerpt":{"rendered":"<p>BURSA&#8217;NIN \u0130NEG\u00d6L \u0130L\u00c7ES\u0130NDE 12 YILDIR EVL\u0130 OLAN \u00d6ZT\u00dcRK \u00c7\u0130FT\u0130N\u0130N B\u0130R ANLIK S\u0130N\u0130RLE YAPTIKLARI \u015e\u0130K\u00c2YET HAYATLARINI KARARTTI. KOCA HAKKINDA 3 YIL HAP\u0130S CEZASI VER\u0130L\u0130RKEN, MA\u011eDUR OLAN 6 \u00c7OCUKLU \u00d6ZT\u00dcRK A\u0130LES\u0130 YETK\u0130L\u0130LERDEN YARDIM BEKL\u0130YOR.  BAYRAM TAT\u0130L\u0130NDE \u0130ZNE GELEN BABA ERDAL \u00d6ZT\u00dcRK TEKRAR CEZAEV\u0130NE GER\u0130 D\u00d6ND\u00dc. \u00d6ZT\u00dcRK&#8217;\u00dcN \u00c7OCUKLARI \u0130SE CUMHURBA\u015eKANI ERDO\u011eAN&#8217;A SESLENEREK BABALARININ ANNELER\u0130N\u0130 \u00c7OK SEVD\u0130\u011e\u0130N\u0130 S\u00d6YLEYEREK CEZAEV\u0130NE TEKRAR G\u0130RMES\u0130N\u0130 \u0130STEMED\u0130KLER\u0130N\u0130 S\u00d6YLED\u0130LER.<\/p>\n","protected":false},"author":1,"featured_media":194457,"comment_status":"closed","ping_status":"open","sticky":false,"template":"","format":"standard","meta":{"jetpack_post_was_ever_published":false,"_jetpack_newsletter_access":"","_jetpack_dont_email_post_to_subs":false,"_jetpack_newsletter_tier_id":0,"_jetpack_memberships_contains_paywalled_content":false,"_jetpack_memberships_contains_paid_content":false,"footnotes":"","jetpack_publicize_message":"","jetpack_publicize_feature_enabled":true,"jetpack_social_post_already_shared":true,"jetpack_social_options":{"image_generator_settings":{"template":"highway","default_image_id":0,"font":"","enabled":false},"version":2}},"categories":[1],"tags":[1073,3991,10995,592,1601,2840],"class_list":["post-194456","post","type-post","status-publish","format-standard","has-post-thumbnail","hentry","category-genel","tag-ozel","tag-bitti","tag-cezaevine","tag-geri","tag-gitti","tag-izin"],"jetpack_publicize_connections":[],"jetpack_featured_media_url":"https:\/\/i0.wp.com\/www.tvturk.com\/wp-content\/uploads\/2019\/08\/ozel-izin-bitti-cezaevine-geri-gitti_e3d38a8.jpg?fit=750%2C500","jetpack_sharing_enabled":true,"jetpack_shortlink":"https:\/\/wp.me\/paKIfm-OAo","_links":{"self":[{"href":"http:\/\/www.tvturk.com\/index.php\/wp-json\/wp\/v2\/posts\/194456","targetHints":{"allow":["GET"]}}],"collection":[{"href":"http:\/\/www.tvturk.com\/index.php\/wp-json\/wp\/v2\/posts"}],"about":[{"href":"http:\/\/www.tvturk.com\/index.php\/wp-json\/wp\/v2\/types\/post"}],"author":[{"embeddable":true,"href":"http:\/\/www.tvturk.com\/index.php\/wp-json\/wp\/v2\/users\/1"}],"replies":[{"embeddable":true,"href":"http:\/\/www.tvturk.com\/index.php\/wp-json\/wp\/v2\/comments?post=194456"}],"version-history":[{"count":0,"href":"http:\/\/www.tvturk.com\/index.php\/wp-json\/wp\/v2\/posts\/194456\/revisions"}],"wp:featuredmedia":[{"embeddable":true,"href":"http:\/\/www.tvturk.com\/index.php\/wp-json\/wp\/v2\/media\/194457"}],"wp:attachment":[{"href":"http:\/\/www.tvturk.com\/index.php\/wp-json\/wp\/v2\/media?parent=194456"}],"wp:term":[{"taxonomy":"category","embeddable":true,"href":"http:\/\/www.tvturk.com\/index.php\/wp-json\/wp\/v2\/categories?post=194456"},{"taxonomy":"post_tag","embeddable":true,"href":"http:\/\/www.tvturk.com\/index.php\/wp-json\/wp\/v2\/tags?post=194456"}],"curies":[{"name":"wp","href":"https:\/\/api.w.org\/{rel}","templated":true}]}}