{"id":194468,"date":"2019-08-22T10:16:25","date_gmt":"2019-08-22T07:16:25","guid":{"rendered":"http:\/\/www.tvturk.com\/index.php\/ozel-bircok-surucuyu-ilgilendiren-emsal-karar\/"},"modified":"2019-08-22T10:16:25","modified_gmt":"2019-08-22T07:16:25","slug":"ozel-bircok-surucuyu-ilgilendiren-emsal-karar","status":"publish","type":"post","link":"http:\/\/www.tvturk.com\/index.php\/ozel-bircok-surucuyu-ilgilendiren-emsal-karar\/","title":{"rendered":"(\u00d6zel) Bir\u00e7ok s\u00fcr\u00fcc\u00fcy\u00fc ilgilendiren emsal karar"},"content":{"rendered":"<p>\u0130zmir\u2019de, belirtilen tarihte ve saatte s\u00f6z konusu b\u00f6lgede olmad\u0131\u011f\u0131 halde hak ihlali gerek\u00e7esiyle bin lira trafik cezas\u0131 kesilen s\u00fcr\u00fcc\u00fc, cezan\u0131n iptali i\u00e7in dava a\u00e7t\u0131. Mahkeme, emsal bir karar vererek, \u201cidarece ceza tutana\u011f\u0131ndan ba\u015fka delil sunulmad\u0131\u011f\u0131\u201d gerek\u00e7esiyle itiraz\u0131 kabul etti. Avukat Ali Onar, \u201cVatanda\u015flar\u0131m\u0131z e\u011fer hakl\u0131 olduklar\u0131na inan\u0131yorlarsa s\u00fcresi i\u00e7erisinde delillerle birlikte haklar\u0131n\u0131 savunsunlar\u201d dedi.<\/p>\n<p>Bir\u00e7ok s\u00fcr\u00fcc\u00fcy\u00fc ilgilendiren karar, \u0130zmir 6. Sulh Ceza Hakimli\u011finde g\u00f6r\u00fclen davada verildi. Edinilen bilgiye g\u00f6re, bir ara\u00e7 s\u00fcr\u00fcc\u00fcs\u00fcne 10 Ocak 2019 tarihinde aksi bir durum olmad\u0131\u011f\u0131 halde emniyet \u015feridini kulland\u0131\u011f\u0131 gerek\u00e7esiyle bin liral\u0131k trafik cezas\u0131 geldi. Tebli\u011f edilen ceza tutana\u011f\u0131na bakt\u0131\u011f\u0131nda, evrakta yazan 2 Ocak 2019\u2019da Bornova-Kar\u015f\u0131yaka \u00e7evre yolundaki Osmangazi viyad\u00fcklerinde de\u011fil M\u00fcrsel Pa\u015fa-Alt\u0131nyol Mavi\u015fehir istikametinde oldu\u011funu hat\u0131rlayan \u015fah\u0131s, cezaya itiraz etti. S\u00f6z konusu tarih ve saatte o b\u00f6lgede bulunmad\u0131\u011f\u0131na ili\u015fkin delilleri mahkemeye sunan ara\u00e7 s\u00fcr\u00fcc\u00fcs\u00fc, mahkemenin verdi\u011fi emsal kararla cezay\u0131 \u00f6demekten kurtuldu. Avukat Ali Onar, \u201c\u00d6zellikle trafik cezalar\u0131nda oldu\u011fu gibi evrak \u00fczerinde giden dosyalarda fazla emsal karar \u00e7\u0131km\u0131yor. Bu \u00e7ok dikkat \u00e7ekici bir karar. \u00c7\u00fcnk\u00fc evrak \u00fczerinde usul ve \u015fartlar yerine geldi mi, gelmedi mi \u015feklinde de\u011ferlendirmeler yap\u0131l\u0131yor. Ancak bu davada mahkeme, yarg\u0131lamay\u0131 derinle\u015ftirerek ve cezan\u0131n ger\u00e7ekten var olup olmad\u0131\u011f\u0131n\u0131 ara\u015ft\u0131rmak suretiyle bu karar\u0131 verdi. Vatanda\u015flar\u0131m\u0131z e\u011fer hakl\u0131 olduklar\u0131na inan\u0131yorlarsa s\u00fcresi i\u00e7erisinde delillerle birlikte haklar\u0131n\u0131 savunsunlar ve \u0131srar etsinler\u201d diye konu\u015ftu.<\/p>\n<p>\u201cEmsal nitelikte bir karar\u201d<\/p>\n<p>M\u00fcvekkilinin gelen cezaya \u015fa\u015f\u0131rd\u0131\u011f\u0131n\u0131 aktaran Onar, olay\u0131 \u015fu s\u00f6zlerle anlatt\u0131: \u201cM\u00fcvekkilime bir trafik cezas\u0131 tebli\u011f ediliyor. M\u00fcvekkil bu cezaya \u015fa\u015f\u0131r\u0131yor. \u00c7\u00fcnk\u00fc tarihe bakt\u0131\u011f\u0131nda o s\u0131rada orada bulunmad\u0131\u011f\u0131 bir yer ve zamanda bir hak ihlalinden bahsedildi\u011fini g\u00f6r\u00fcyor. Bunun \u00fczerine bize m\u00fcracaat etti. Biz de dilek\u00e7emizi haz\u0131rlayarak m\u00fcvekkilimizin s\u00f6z konusu tarihte ve saatte ceza yedi\u011fi yerde olmad\u0131\u011f\u0131n\u0131 iddia ettik. Buna ili\u015fkin MOBESE kay\u0131tlar\u0131n\u0131, polisin g\u00f6revli oldu\u011fu tarih ve saati emniyetten talep ettik. Mahkemece bir yarg\u0131lama yap\u0131ld\u0131 ve bu yarg\u0131lama sonucunda b\u00fct\u00fcn s\u00fcr\u00fcc\u00fcleri ilgilendiren emsal bir karar verildi. Mahkeme, ceza tutana\u011f\u0131n\u0131n tek ba\u015f\u0131na delil say\u0131lamayaca\u011f\u0131na, mutlaka ceza tutana\u011f\u0131n\u0131n yan delillerle birlikte o tarihte o yerde olmad\u0131\u011f\u0131na ili\u015fkin beyanlar kar\u015f\u0131s\u0131nda belgelendirilmesi gerekti\u011fine ve mutlaka usule uygun bir ihlal tespit tutana\u011f\u0131n\u0131n d\u00fczenlenmesini gerekti\u011fine karar verdi. Bu karar b\u00fct\u00fcn trafik cezalar\u0131 ile ilgili kararlarda mutlaka emsal nitelikte olabilecek bir karard\u0131r.\u201d<\/p>\n<p>\u201cGeri d\u00f6n\u00fc\u015f\u00fc olmaz alg\u0131s\u0131 yanl\u0131\u015f\u201d<\/p>\n<p>Ceza tutanaklar\u0131na belli bir s\u00fcre i\u00e7erisinde itiraz edilebilece\u011fini hat\u0131rlatan Onar, \u201c\u00dclkemizde ceza tutanaklar\u0131 vatanda\u015flara tebli\u011f ediliyor ve hemen akabinde belli bir s\u00fcre i\u00e7erisinde dava a\u00e7\u0131labiliyor. Dava a\u00e7t\u0131\u011f\u0131n\u0131zda mutlaka emniyetten yeterli ve usul\u00fcne uygun d\u00fczenlenmi\u015f ihlal tespit tutanaklar\u0131n\u0131n talep edilmesi, yan delillerin talep edilmesi vatanda\u015flara fayda sa\u011flayacakt\u0131r. Mahkeme, ilgili tarih ve saatte polisin hangi tarih ve saatte g\u00f6revli oldu\u011funu, MOBESE kay\u0131tlar\u0131 gibi kay\u0131tlar\u0131 emniyetten talep ediyor. Buna ili\u015fkin bir kay\u0131t gelmedi\u011fi takdirde tutulan tutana\u011f\u0131n usule uygun olmad\u0131\u011f\u0131na kanaat getiriyor. M\u00fcvekkilim \u0131srarla o tarihte o b\u00f6lgede olmad\u0131\u011f\u0131n\u0131 beyan ediyor. Mahkeme, bu beyana kar\u015f\u0131l\u0131k olarak sadece ceza tutana\u011f\u0131n\u0131n yetmeyece\u011fini, o ki\u015finin mutlaka orada ve o saatte oldu\u011funu yan delillerle, usule uygun ihlal tespit tutanlar\u0131 ile desteklenmesi gerekti\u011fini s\u00f6yl\u00fcyor. Vatanda\u015flarda ceza geldiyse geri d\u00f6n\u00fc\u015f\u00fc olmaz diye bir alg\u0131 var ancak e\u011fer hakl\u0131 olduklar\u0131na inan\u0131yorlarsa cezaya itiraz edebilirler\u201d ifadelerini kulland\u0131.<\/p>\n","protected":false},"excerpt":{"rendered":"<p>MAHKEME, EMSAL B\u0130R KARAR VEREREK, \u201c\u0130DARECE CEZA TUTANA\u011eINDAN BA\u015eKA DEL\u0130L SUNULMADI\u011eI\u201d GEREK\u00c7ES\u0130YLE \u0130T\u0130RAZI KABUL ETT\u0130.<\/p>\n","protected":false},"author":1,"featured_media":194469,"comment_status":"closed","ping_status":"open","sticky":false,"template":"","format":"standard","meta":{"jetpack_post_was_ever_published":false,"_jetpack_newsletter_access":"","_jetpack_dont_email_post_to_subs":false,"_jetpack_newsletter_tier_id":0,"_jetpack_memberships_contains_paywalled_content":false,"_jetpack_memberships_contains_paid_content":false,"footnotes":"","jetpack_publicize_message":"","jetpack_publicize_feature_enabled":true,"jetpack_social_post_already_shared":true,"jetpack_social_options":{"image_generator_settings":{"template":"highway","default_image_id":0,"font":"","enabled":false},"version":2}},"categories":[1],"tags":[1073,9366,7085,15695,2110,18326],"class_list":["post-194468","post","type-post","status-publish","format-standard","has-post-thumbnail","hentry","category-genel","tag-ozel","tag-bircok","tag-emsal","tag-ilgilendiren","tag-karar","tag-surucuyu"],"jetpack_publicize_connections":[],"jetpack_featured_media_url":"https:\/\/i0.wp.com\/www.tvturk.com\/wp-content\/uploads\/2019\/08\/ozel-bircok-surucuyu-ilgilendiren-emsal-karar_41214b3.jpg?fit=1000%2C625","jetpack_sharing_enabled":true,"jetpack_shortlink":"https:\/\/wp.me\/paKIfm-OAA","_links":{"self":[{"href":"http:\/\/www.tvturk.com\/index.php\/wp-json\/wp\/v2\/posts\/194468","targetHints":{"allow":["GET"]}}],"collection":[{"href":"http:\/\/www.tvturk.com\/index.php\/wp-json\/wp\/v2\/posts"}],"about":[{"href":"http:\/\/www.tvturk.com\/index.php\/wp-json\/wp\/v2\/types\/post"}],"author":[{"embeddable":true,"href":"http:\/\/www.tvturk.com\/index.php\/wp-json\/wp\/v2\/users\/1"}],"replies":[{"embeddable":true,"href":"http:\/\/www.tvturk.com\/index.php\/wp-json\/wp\/v2\/comments?post=194468"}],"version-history":[{"count":0,"href":"http:\/\/www.tvturk.com\/index.php\/wp-json\/wp\/v2\/posts\/194468\/revisions"}],"wp:featuredmedia":[{"embeddable":true,"href":"http:\/\/www.tvturk.com\/index.php\/wp-json\/wp\/v2\/media\/194469"}],"wp:attachment":[{"href":"http:\/\/www.tvturk.com\/index.php\/wp-json\/wp\/v2\/media?parent=194468"}],"wp:term":[{"taxonomy":"category","embeddable":true,"href":"http:\/\/www.tvturk.com\/index.php\/wp-json\/wp\/v2\/categories?post=194468"},{"taxonomy":"post_tag","embeddable":true,"href":"http:\/\/www.tvturk.com\/index.php\/wp-json\/wp\/v2\/tags?post=194468"}],"curies":[{"name":"wp","href":"https:\/\/api.w.org\/{rel}","templated":true}]}}