{"id":194492,"date":"2019-08-22T10:47:01","date_gmt":"2019-08-22T07:47:01","guid":{"rendered":"http:\/\/www.tvturk.com\/index.php\/kizildagda-kadinlar-da-guresecek\/"},"modified":"2019-08-22T10:47:01","modified_gmt":"2019-08-22T07:47:01","slug":"kizildagda-kadinlar-da-guresecek","status":"publish","type":"post","link":"http:\/\/www.tvturk.com\/index.php\/kizildagda-kadinlar-da-guresecek\/","title":{"rendered":"K\u0131z\u0131lda\u011f\u2019da kad\u0131nlar da g\u00fcre\u015fecek"},"content":{"rendered":"<p>Adana\u2019n\u0131n Karaisal\u0131 il\u00e7esinde organize edilen K\u0131z\u0131lda\u011f Karakucak G\u00fcre\u015fleri\u2019nde bu sene bir ilk ya\u015fanacak. Kad\u0131n G\u00fcre\u015f Milli Tak\u0131m\u0131\u2019n\u0131n talepleri do\u011frultusunda yakla\u015f\u0131k 20 kad\u0131n sporcu g\u00fcre\u015flerde kol ba\u011flayacak.<\/p>\n<p>534. K\u0131z\u0131lda\u011f Karakucak G\u00fcre\u015fleri, 25 A\u011fustos Pazar g\u00fcn\u00fc saat 10.00\u2019da ba\u015flayacak. 1650 rak\u0131ml\u0131 K\u0131z\u0131lda\u011f Yaylas\u0131\u2019ndaki dev g\u00fcre\u015f etkinli\u011fi B\u00fcy\u00fckler, Y\u0131ld\u0131zlar ve Minikler kategorilerinde 29 s\u0131klette yap\u0131lacak. Yakla\u015f\u0131k 750 sporcunun kat\u0131l\u0131m\u0131n\u0131n beklendi\u011fi g\u00fcre\u015flerde ba\u015fpehlivanl\u0131\u011f\u0131 kazanan g\u00fcre\u015f\u00e7i 10 bin lira para \u00f6d\u00fcl\u00fcn\u00fcn sahibi olacak. Ba\u015fpehlivan, para \u00f6d\u00fcl\u00fcn\u00fcn yan\u0131 s\u0131ra 1 kilo a\u011f\u0131rl\u0131\u011f\u0131nda 22 ayar alt\u0131n kemeri de beline takacak. Karakucak Talimnamesi\u2019ne g\u00f6re yap\u0131lacak g\u00fcre\u015flerde lisansl\u0131 hakemler g\u00f6rev yapacak.<\/p>\n<p>K\u0131rkp\u0131nar ba\u015fta olmak \u00fczere T\u00fcrkiye\u2019nin d\u00f6rt bir yan\u0131nda d\u00fczenlenen g\u00fcre\u015flerde \u015fampiyonluklar kazanan g\u00fcre\u015f\u00e7ilerin kat\u0131laca\u011f\u0131 K\u0131z\u0131lda\u011f Karakucak G\u00fcre\u015flerinde bu y\u0131l bir ilk ya\u015fanacak. Kad\u0131n G\u00fcre\u015f Mili Tak\u0131m\u0131\u2019n\u0131n talepleriyle K\u0131z\u0131lda\u011f Karakucak G\u00fcre\u015fleri\u2019nde bu y\u0131l Antren\u00f6r Nadir U\u011frun Per\u00e7in \u00f6nderli\u011finde 20 kad\u0131n sporcu da g\u00fcre\u015flere kat\u0131lacak.<\/p>\n<p>K\u0131z\u0131lda\u011f Karakucak G\u00fcre\u015fleri onuruna 23-24 A\u011fustos ak\u015fam\u0131 d\u00fczenlenecek halk konserlerinde Murat Kekilli ve Mustafa Y\u0131ld\u0131zdo\u011fan ile y\u00f6resel sanat\u00e7\u0131lar konser verecek.<\/p>\n","protected":false},"excerpt":{"rendered":"<p>ADANA&#8217;NIN KARA\u0130SALI \u0130L\u00c7ES\u0130NDE ORGAN\u0130ZE ED\u0130LEN KIZILDA\u011e KARAKUCAK G\u00dcRE\u015eLER\u0130\u2019NDE BU SENE B\u0130R \u0130LK YA\u015eANACAK. KADIN G\u00dcRE\u015e M\u0130LL\u0130 TAKIMI\u2019NIN TALEPLER\u0130 DO\u011eRULTUSUNDA YAKLA\u015eIK 20 KADIN SPORCU G\u00dcRE\u015eLERDE KOL BA\u011eLAYACAK.<\/p>\n","protected":false},"author":1,"featured_media":194493,"comment_status":"closed","ping_status":"open","sticky":false,"template":"","format":"standard","meta":{"jetpack_post_was_ever_published":false,"_jetpack_newsletter_access":"","_jetpack_dont_email_post_to_subs":false,"_jetpack_newsletter_tier_id":0,"_jetpack_memberships_contains_paywalled_content":false,"_jetpack_memberships_contains_paid_content":false,"footnotes":"","jetpack_publicize_message":"","jetpack_publicize_feature_enabled":true,"jetpack_social_post_already_shared":true,"jetpack_social_options":{"image_generator_settings":{"template":"highway","default_image_id":0,"font":"","enabled":false},"version":2}},"categories":[657],"tags":[48783,3104,48782],"class_list":["post-194492","post","type-post","status-publish","format-standard","has-post-thumbnail","hentry","category-spor","tag-guresecek","tag-kadinlar","tag-kizildagda"],"jetpack_publicize_connections":[],"jetpack_featured_media_url":"https:\/\/i0.wp.com\/www.tvturk.com\/wp-content\/uploads\/2019\/08\/kizildagda-kadinlar-da-guresecek_d2ec3b3.jpg?fit=1000%2C666","jetpack_sharing_enabled":true,"jetpack_shortlink":"https:\/\/wp.me\/paKIfm-OAY","_links":{"self":[{"href":"http:\/\/www.tvturk.com\/index.php\/wp-json\/wp\/v2\/posts\/194492","targetHints":{"allow":["GET"]}}],"collection":[{"href":"http:\/\/www.tvturk.com\/index.php\/wp-json\/wp\/v2\/posts"}],"about":[{"href":"http:\/\/www.tvturk.com\/index.php\/wp-json\/wp\/v2\/types\/post"}],"author":[{"embeddable":true,"href":"http:\/\/www.tvturk.com\/index.php\/wp-json\/wp\/v2\/users\/1"}],"replies":[{"embeddable":true,"href":"http:\/\/www.tvturk.com\/index.php\/wp-json\/wp\/v2\/comments?post=194492"}],"version-history":[{"count":0,"href":"http:\/\/www.tvturk.com\/index.php\/wp-json\/wp\/v2\/posts\/194492\/revisions"}],"wp:featuredmedia":[{"embeddable":true,"href":"http:\/\/www.tvturk.com\/index.php\/wp-json\/wp\/v2\/media\/194493"}],"wp:attachment":[{"href":"http:\/\/www.tvturk.com\/index.php\/wp-json\/wp\/v2\/media?parent=194492"}],"wp:term":[{"taxonomy":"category","embeddable":true,"href":"http:\/\/www.tvturk.com\/index.php\/wp-json\/wp\/v2\/categories?post=194492"},{"taxonomy":"post_tag","embeddable":true,"href":"http:\/\/www.tvturk.com\/index.php\/wp-json\/wp\/v2\/tags?post=194492"}],"curies":[{"name":"wp","href":"https:\/\/api.w.org\/{rel}","templated":true}]}}