{"id":194520,"date":"2019-08-22T11:16:30","date_gmt":"2019-08-22T08:16:30","guid":{"rendered":"http:\/\/www.tvturk.com\/index.php\/celal-bayar-vefatinin-33-yilinda-anildi\/"},"modified":"2019-08-22T11:16:30","modified_gmt":"2019-08-22T08:16:30","slug":"celal-bayar-vefatinin-33-yilinda-anildi","status":"publish","type":"post","link":"http:\/\/www.tvturk.com\/index.php\/celal-bayar-vefatinin-33-yilinda-anildi\/","title":{"rendered":"Celal Bayar, vefat\u0131n\u0131n 33. y\u0131l\u0131nda an\u0131ld\u0131"},"content":{"rendered":"<p>T\u00fcrkiye Cumhuriyeti 3. Cumhurba\u015fkan\u0131 Mahmut Celal Bayar, vefat\u0131n\u0131n 33\u2019\u00fcnc\u00fc y\u0131l\u0131nda Gemlik\u2019in Umurbey Mahallesinde bulunan an\u0131t mezar\u0131 ba\u015f\u0131nda an\u0131ld\u0131.<\/p>\n<p>Anma program\u0131na, Cumhurba\u015fkanl\u0131\u011f\u0131 Ba\u015fdan\u0131\u015fman\u0131 Metin K\u0131ratl\u0131, Bursa Valisi Yakup Canbolat, Bursa B\u00fcy\u00fck\u015fehir Belediye Ba\u015fkan\u0131 Alinur Akta\u015f, Gemlik Belediye Ba\u015fkan\u0131 Mehmet U\u011fur Sertaslan, kurum ve STK temsilcileri kat\u0131ld\u0131.<\/p>\n<p>T\u00f6rende Bayar ailesinden merhum Celal Bayar\u2019\u0131n torunu Akile G\u00fcrsoy yer ald\u0131.<\/p>\n<p>Cumhurba\u015fkanl\u0131\u011f\u0131, T\u00fcrk Silahl\u0131 Kuvvetleri ve Bursa Valili\u011fi \u00e7elenklerinin Bayar\u2019\u0131n an\u0131t\u0131na sunulmas\u0131 ile devam eden programda Bayar ailesi ad\u0131na taziyeleri Celal Bayar\u2019\u0131n torunu Akile G\u00fcrsoy kabul etti. Taziyenin ard\u0131ndan Bayar m\u00fczesi gezildi.<\/p>\n","protected":false},"excerpt":{"rendered":"<p>T\u00dcRK\u0130YE CUMHUR\u0130YET\u0130 3. CUMHURBA\u015eKANI MERHUM MAHMUT CELAL BAYAR, VEFATININ 33&#8217;\u00dcNC\u00dc YILINDA GEML\u0130K&#8217;\u0130N UMURBEY MAHALLES\u0130NDE BULUNAN ANIT MEZARI BA\u015eINDA ANILDI.<\/p>\n","protected":false},"author":1,"featured_media":194521,"comment_status":"closed","ping_status":"open","sticky":false,"template":"","format":"standard","meta":{"jetpack_post_was_ever_published":false,"_jetpack_newsletter_access":"","_jetpack_dont_email_post_to_subs":false,"_jetpack_newsletter_tier_id":0,"_jetpack_memberships_contains_paywalled_content":false,"_jetpack_memberships_contains_paid_content":false,"footnotes":"","jetpack_publicize_message":"","jetpack_publicize_feature_enabled":true,"jetpack_social_post_already_shared":true,"jetpack_social_options":{"image_generator_settings":{"template":"highway","default_image_id":0,"font":"","enabled":false},"version":2}},"categories":[1],"tags":[44293,241,8225,8224,14440,6266],"class_list":["post-194520","post","type-post","status-publish","format-standard","has-post-thumbnail","hentry","category-genel","tag-44293","tag-anildi","tag-bayar","tag-celal","tag-vefatinin","tag-yilinda"],"jetpack_publicize_connections":[],"jetpack_featured_media_url":"https:\/\/i0.wp.com\/www.tvturk.com\/wp-content\/uploads\/2019\/08\/celal-bayar-vefatinin-33-yilinda-anildi_3016884.jpg?fit=1000%2C562","jetpack_sharing_enabled":true,"jetpack_shortlink":"https:\/\/wp.me\/paKIfm-OBq","_links":{"self":[{"href":"http:\/\/www.tvturk.com\/index.php\/wp-json\/wp\/v2\/posts\/194520","targetHints":{"allow":["GET"]}}],"collection":[{"href":"http:\/\/www.tvturk.com\/index.php\/wp-json\/wp\/v2\/posts"}],"about":[{"href":"http:\/\/www.tvturk.com\/index.php\/wp-json\/wp\/v2\/types\/post"}],"author":[{"embeddable":true,"href":"http:\/\/www.tvturk.com\/index.php\/wp-json\/wp\/v2\/users\/1"}],"replies":[{"embeddable":true,"href":"http:\/\/www.tvturk.com\/index.php\/wp-json\/wp\/v2\/comments?post=194520"}],"version-history":[{"count":0,"href":"http:\/\/www.tvturk.com\/index.php\/wp-json\/wp\/v2\/posts\/194520\/revisions"}],"wp:featuredmedia":[{"embeddable":true,"href":"http:\/\/www.tvturk.com\/index.php\/wp-json\/wp\/v2\/media\/194521"}],"wp:attachment":[{"href":"http:\/\/www.tvturk.com\/index.php\/wp-json\/wp\/v2\/media?parent=194520"}],"wp:term":[{"taxonomy":"category","embeddable":true,"href":"http:\/\/www.tvturk.com\/index.php\/wp-json\/wp\/v2\/categories?post=194520"},{"taxonomy":"post_tag","embeddable":true,"href":"http:\/\/www.tvturk.com\/index.php\/wp-json\/wp\/v2\/tags?post=194520"}],"curies":[{"name":"wp","href":"https:\/\/api.w.org\/{rel}","templated":true}]}}