{"id":194544,"date":"2019-08-22T11:31:42","date_gmt":"2019-08-22T08:31:42","guid":{"rendered":"http:\/\/www.tvturk.com\/index.php\/guzel-yureklerle-guzellikleri-katlandi\/"},"modified":"2019-08-22T11:31:42","modified_gmt":"2019-08-22T08:31:42","slug":"guzel-yureklerle-guzellikleri-katlandi","status":"publish","type":"post","link":"http:\/\/www.tvturk.com\/index.php\/guzel-yureklerle-guzellikleri-katlandi\/","title":{"rendered":"G\u00fczel y\u00fcreklerle g\u00fczellikleri katland\u0131"},"content":{"rendered":"<p>vatanda\u015f i\u015fbirli\u011fi, \u00e7ok g\u00fczel bir etkinlikle ta\u00e7land\u0131. \u0130l\u00e7ede faaliyet g\u00f6steren bir kad\u0131n kuaf\u00f6r salonu ekibi, Down sendromlu gen\u00e7lere \u00fccretsiz sa\u00e7 ve cilt bak\u0131m\u0131 yapt\u0131. Renkli g\u00f6r\u00fcnt\u00fclerin ya\u015fand\u0131\u011f\u0131 s\u0131rada gen\u00e7lerin mutlulu\u011fu y\u00fczlerinden okunurken, gen\u00e7ler g\u00fczelliklerine g\u00fczellik katt\u0131.<\/p>\n<p>Mezitli Belediyesi\u2019nin belediye-vatanda\u015f i\u015f birli\u011fi, \u00e7ok g\u00fczel bir etkinli\u011fe sahne oldu. Bir kad\u0131n kuaf\u00f6r salonu ekibi, Down sendromlu gen\u00e7lere; y\u0131kama, boyama, kesme hizmetlerini \u00fccretsiz olarak verdi. Mezitli Belediyesi Down Kafeden servis ara\u00e7lar\u0131 ile al\u0131nan gen\u00e7ler, S\u00fcleyman T\u00fcrker Kad\u0131n Kuaf\u00f6r Salonuna getirildi. Burada gen\u00e7lere istekleri do\u011frultusunda sa\u00e7 y\u0131kama ve kesme, cilt bak\u0131m\u0131, boyama gibi i\u015flemler profesyonel kuaf\u00f6rler taraf\u0131ndan ger\u00e7ekle\u015ftirildi. G\u00fczel y\u00fcreklerle g\u00fczelliklerine +1 g\u00fczellik daha katan gen\u00e7ler, b\u00fcy\u00fck bir mutluluk ya\u015fad\u0131.<\/p>\n<p>\u00c7ocuklar\u0131n\u0131n kuaf\u00f6r salonunda ya\u015fad\u0131\u011f\u0131 mutlulu\u011fa ortak olan aileler, Mezitli Belediye Ba\u015fkan\u0131 Ne\u015fet Tarhan\u2019a te\u015fekk\u00fcr ettiler. Ba\u015fkan Tarhan\u2019\u0131n kendilerine farkl\u0131 ve \u00e7ok g\u00fczel bir ya\u015fam sundu\u011funun alt\u0131n\u0131 \u00e7izen aileler, kuaf\u00f6r salonu \u00e7al\u0131\u015fanlar\u0131na da duyarl\u0131l\u0131klar\u0131 dolay\u0131s\u0131yla te\u015fekk\u00fcrlerini iletti.<\/p>\n<p>\u201cMesle\u011fim boyunca ilk kez bu kadar pozitif enerjiyle \u00e7al\u0131\u015ft\u0131m\u201d<\/p>\n<p>Kuaf\u00f6r\u00fc salonunun sahibi S\u00fcleyman T\u00fcrker, 35 y\u0131ld\u0131r kuaf\u00f6rl\u00fck yapt\u0131\u011f\u0131 belirterek, \u201cMesle\u011fim boyunca ilk kez bu kadar pozitif enerjiyle dolu dolu \u00e7al\u0131\u015ft\u0131\u011f\u0131m bir g\u00fcn daha olmad\u0131. Her zaman gelmelerini isterim. Belediye Ba\u015fkan\u0131m\u0131z Ne\u015fet Tarhan\u2019a, \u00f6zellikle bu gen\u00e7lerimizin daha \u00e7ok ya\u015famda yer almas\u0131 amac\u0131yla hayata ge\u00e7irdi\u011fi duyarl\u0131 \u00e7al\u0131\u015fmalar\u0131 nedeniyle te\u015fekk\u00fcr ederim\u201d dedi.<\/p>\n<p>\u00c7ok keyifli bir g\u00fcn ge\u00e7irdiklerini dile getiren kuaf\u00f6r Elife T\u00fcrker de \u201cUnutulmaz bir deneyim oldu benim i\u00e7in. P\u0131r\u0131l p\u0131r\u0131l gen\u00e7lerimiz kuaf\u00f6r salonumuzu \u015fenlendirdi. Hepsini ayr\u0131 ayr\u0131 sevdim. Kendilerini yeniden g\u00f6rmekten b\u00fcy\u00fck mutluluk duyaca\u011f\u0131z\u201d ifadelerini kulland\u0131.<\/p>\n<p>\u201c\u0130lk kez bir esnaf\u0131m\u0131z b\u00f6yle bir i\u015fbirli\u011fine imza att\u0131\u201d<\/p>\n<p>Mezitli Belediyesi Sosyal Tesisleri i\u00e7erisinde bulunan Down Kafede 5 y\u0131ld\u0131r g\u00fczel \u015feyler yapmaya \u00e7al\u0131\u015ft\u0131klar\u0131n\u0131 ifade eden Mezitli Belediyesi\u2019ne ait Mutlu Mezitli \u015eirketi Genel M\u00fcd\u00fcr\u00fc Filiz Yal\u0131n ise \u201cT\u00fcrkiye Zihinsel Yetersiz \u00c7ocuklar\u0131 Yeti\u015ftirme ve Koruma Vakf\u0131m\u0131zla birlikte Down sendromlu gen\u00e7lerimizin sosyal ya\u015famda daha g\u00f6r\u00fcn\u00fcr olmas\u0131 i\u00e7in \u00f6nemli \u00e7al\u0131\u015fmalara imza at\u0131yoruz. Zaman zaman sosyal sorumluluk kapsam\u0131nda okullar\u0131m\u0131z ve sivil toplum kurulu\u015flar\u0131m\u0131z bu \u00e7ocuklar\u0131m\u0131za destek oluyor. Ancak ilk kez bir esnaf\u0131m\u0131z b\u00f6yle bir i\u015fbirli\u011fine imza att\u0131. Onlar \u00e7ocuklar\u0131m\u0131z\u0131 g\u00fczelle\u015ftirirken biz de buray\u0131 g\u00fczelle\u015ftirdik. Zaman zaman bize bu imkan\u0131 sa\u011flayan kuaf\u00f6r salonumuzu ziyaret edece\u011fiz\u201d diye konu\u015ftu.<\/p>\n<p>\u201c\u0130nsanlar\u0131m\u0131z\u0131n, onlar\u0131n eksik de\u011fil, bizden \u00e7ok fazla olduklar\u0131n\u0131 fark etmelerini istiyoruz\u201d<\/p>\n<p>Etkinlikle ilgili a\u00e7\u0131klama yapan Mezitli Belediye Ba\u015fkan\u0131 Tarhan, Down sendromlu bireylerin ya\u015fam\u0131n her alan\u0131nda daha fazla yer almalar\u0131 gerekti\u011fini vurgulad\u0131. Tarhan, \u201cDown sendromu bir hastal\u0131k de\u011fil, genetik bir farkl\u0131l\u0131kt\u0131r. Sadece insanda de\u011fil, her canl\u0131da g\u00f6r\u00fclebilen bir durum. Say\u0131lar\u0131 olduk\u00e7a fazla olmas\u0131na ra\u011fmen sosyal hayatta yerleri pek bulunmayan Down sendromlu bireylerin, hayata kar\u0131\u015fmalar\u0131n\u0131 zorla\u015ft\u0131ran genetik farkl\u0131l\u0131klar\u0131na ra\u011fmen gerekli e\u011fitim, sosyal fark\u0131ndal\u0131k ve kabullenme; bu durumu tersine \u00e7evirebiliyor. \u0130nsanlar\u0131m\u0131z\u0131n bunun fark\u0131na vararak daha \u00e7ok destek olmalar\u0131 gerekiyor. Biz belediye olarak zaten bunlar\u0131 biliyor ve \u00e7al\u0131\u015fmalar\u0131m\u0131z\u0131 ona g\u00f6re yap\u0131yoruz. Down Kafemizde onlar\u0131n sosyal alanda daha \u00e7ok yer almalar\u0131na imkan tan\u0131rken, halk\u0131m\u0131z\u0131n da onlarla bir arada olarak asl\u0131nda farkl\u0131 olmad\u0131klar\u0131n\u0131, eksik de\u011fil, bizden \u00e7ok fazla olduklar\u0131n\u0131 fark etmelerini istiyoruz\u201d dedi.<\/p>\n<p>Ba\u015fkan Tarhan, etkinli\u011fin ger\u00e7ekle\u015fmesinde eme\u011fi ge\u00e7en herkese te\u015fekk\u00fcr etti.<\/p>\n","protected":false},"excerpt":{"rendered":"<p>MERS\u0130N\u2019\u0130N MERKEZ \u0130L\u00c7E MEZ\u0130TL\u0130 BELED\u0130YES\u0130\u2019N\u0130N \u00d6NC\u00dcL\u00dc\u011e\u00dcNDE GER\u00c7EKLE\u015eT\u0130R\u0130LEN BELED\u0130YE-VATANDA\u015e \u0130\u015eB\u0130RL\u0130\u011e\u0130, \u00c7OK G\u00dcZEL B\u0130R ETK\u0130NL\u0130KLE TA\u00c7LANDI. \u0130L\u00c7EDE FAAL\u0130YET G\u00d6STEREN B\u0130R KADIN KUAF\u00d6R SALONU EK\u0130B\u0130, DOWN SENDROMLU GEN\u00c7LERE \u00dcCRETS\u0130Z SA\u00c7 VE C\u0130LT BAKIMI YAPTI. RENKL\u0130 G\u00d6R\u00dcNT\u00dcLER\u0130N YA\u015eANDI\u011eI SIRADA GEN\u00c7LER\u0130N MUTLULU\u011eU Y\u00dcZLER\u0130NDEN OKUNURKEN, GEN\u00c7LER G\u00dcZELL\u0130KLER\u0130NE G\u00dcZELL\u0130K KATTI.<\/p>\n","protected":false},"author":1,"featured_media":194545,"comment_status":"closed","ping_status":"open","sticky":false,"template":"","format":"standard","meta":{"jetpack_post_was_ever_published":false,"_jetpack_newsletter_access":"","_jetpack_dont_email_post_to_subs":false,"_jetpack_newsletter_tier_id":0,"_jetpack_memberships_contains_paywalled_content":false,"_jetpack_memberships_contains_paid_content":false,"footnotes":"","jetpack_publicize_message":"","jetpack_publicize_feature_enabled":true,"jetpack_social_post_already_shared":true,"jetpack_social_options":{"image_generator_settings":{"template":"highway","default_image_id":0,"font":"","enabled":false},"version":2}},"categories":[1],"tags":[1019,8308,39611,48798],"class_list":["post-194544","post","type-post","status-publish","format-standard","has-post-thumbnail","hentry","category-genel","tag-guzel","tag-guzellikleri","tag-katlandi","tag-yureklerle"],"jetpack_publicize_connections":[],"jetpack_featured_media_url":"https:\/\/i0.wp.com\/www.tvturk.com\/wp-content\/uploads\/2019\/08\/guzel-yureklerle-guzellikleri-katlandi_22aa198.jpg?fit=1000%2C666","jetpack_sharing_enabled":true,"jetpack_shortlink":"https:\/\/wp.me\/paKIfm-OBO","_links":{"self":[{"href":"http:\/\/www.tvturk.com\/index.php\/wp-json\/wp\/v2\/posts\/194544","targetHints":{"allow":["GET"]}}],"collection":[{"href":"http:\/\/www.tvturk.com\/index.php\/wp-json\/wp\/v2\/posts"}],"about":[{"href":"http:\/\/www.tvturk.com\/index.php\/wp-json\/wp\/v2\/types\/post"}],"author":[{"embeddable":true,"href":"http:\/\/www.tvturk.com\/index.php\/wp-json\/wp\/v2\/users\/1"}],"replies":[{"embeddable":true,"href":"http:\/\/www.tvturk.com\/index.php\/wp-json\/wp\/v2\/comments?post=194544"}],"version-history":[{"count":0,"href":"http:\/\/www.tvturk.com\/index.php\/wp-json\/wp\/v2\/posts\/194544\/revisions"}],"wp:featuredmedia":[{"embeddable":true,"href":"http:\/\/www.tvturk.com\/index.php\/wp-json\/wp\/v2\/media\/194545"}],"wp:attachment":[{"href":"http:\/\/www.tvturk.com\/index.php\/wp-json\/wp\/v2\/media?parent=194544"}],"wp:term":[{"taxonomy":"category","embeddable":true,"href":"http:\/\/www.tvturk.com\/index.php\/wp-json\/wp\/v2\/categories?post=194544"},{"taxonomy":"post_tag","embeddable":true,"href":"http:\/\/www.tvturk.com\/index.php\/wp-json\/wp\/v2\/tags?post=194544"}],"curies":[{"name":"wp","href":"https:\/\/api.w.org\/{rel}","templated":true}]}}