{"id":194552,"date":"2019-08-22T11:32:36","date_gmt":"2019-08-22T08:32:36","guid":{"rendered":"http:\/\/www.tvturk.com\/index.php\/adil-gevrek-koydugu-hedeflerin-hepsini-tutturdu-sira-sampiyonlukta\/"},"modified":"2019-08-22T11:32:36","modified_gmt":"2019-08-22T08:32:36","slug":"adil-gevrek-koydugu-hedeflerin-hepsini-tutturdu-sira-sampiyonlukta","status":"publish","type":"post","link":"http:\/\/www.tvturk.com\/index.php\/adil-gevrek-koydugu-hedeflerin-hepsini-tutturdu-sira-sampiyonlukta\/","title":{"rendered":"Adil Gevrek, koydu\u011fu hedeflerin hepsini tutturdu s\u0131ra \u015fampiyonlukta"},"content":{"rendered":"<p>Yeni Malatyaspor\u2019un ba\u015f\u0131nda 5. y\u0131l\u0131n\u0131 geride b\u0131rakmaya haz\u0131rlanan Ba\u015fkan Adil Gevrek, 2. Lig\u2019den ald\u0131\u011f\u0131 tak\u0131m\u0131 Avrupa\u2019ya ta\u015f\u0131yarak \u00f6nemli bir ba\u015far\u0131ya imza att\u0131. Gevrek, geldi\u011fi g\u00fcnden bug\u00fcne koydu\u011fu hedefleri tek tek ger\u00e7ekle\u015ftirerek de dikkatleri \u00fczerine \u00e7ekti.<\/p>\n<p>Yeni Malatyaspor\u2019un Malatya B\u00fcy\u00fck\u015fehir Belediyesi b\u00fcnyesindeki iken eski belediye ba\u015fkan\u0131 Ahmet \u00c7ak\u0131r\u2019\u0131n y\u00f6netimi siville\u015ftirme giri\u015fimleri neticesinde ba\u015fkanl\u0131\u011fa gelen Adil Gevrek, g\u00f6reve geldi\u011fi ilk senede kul\u00fcb\u00fcyle 2. Lig\u2019de \u015fampiyonluk sevinci ya\u015fayarak 1. Lig\u2019e y\u00fckseldi.<\/p>\n<p>Gevrek ve y\u00f6netimi 1. Lig\u2019deki ilk senesinde ise \u20192 y\u0131lda \u015fampiyonluk\u2019 hedefi koydu ve sar\u0131-k\u0131rm\u0131z\u0131l\u0131 kul\u00fcp, ikinci senesinde 1. Lig\u2019de ikinci s\u0131ray\u0131 alarak Sivasspor\u2019un ard\u0131ndan S\u00fcper Lig\u2019e y\u00fckseldi. Adil Gevrek ve y\u00f6netimi S\u00fcper Lig\u2019deki ilk sezon i\u00e7in konulan ilk 10 hedefini de ger\u00e7ekle\u015ftirerek \u00f6nemli bir ba\u015far\u0131yla sezonu tamamlad\u0131.<\/p>\n<p>S\u00fcper Lig\u2019in ikinci senesi i\u00e7in Avrupa kupalar\u0131 hedefi koyan gen\u00e7 ba\u015fkan, sezon sonunda tak\u0131m\u0131n ligi be\u015finci s\u0131rada bitirmesiyle bu hedefi de ger\u00e7ekle\u015ftirdi. 5 y\u0131lda ortaya konulan hedefleri tek tek ger\u00e7ekle\u015ftirerek camian\u0131n b\u00fcy\u00fck g\u00fcveni ve tevecc\u00fch\u00fcn\u00fc kazanan Adil Gevrek ve y\u00f6netimi \u015fimdi de g\u00f6z\u00fcn\u00fc \u015fampiyonlu\u011fa dikti.<\/p>\n<p>A\u00e7\u0131klamlar\u0131nda s\u0131k s\u0131k &#8220;Anadolu\u2019dan bir \u015fampiyon \u00e7\u0131kacaksa bu Yeni Malatyaspor olacakt\u0131r&#8221; diyen Gevrek, S\u00fcper Lig\u2019deki ba\u015fkanlar aras\u0131nda da en ba\u015far\u0131l\u0131 isimler aras\u0131nda bulunuyor.<\/p>\n","protected":false},"excerpt":{"rendered":"<p>YEN\u0130 MALATYASPOR\u2019UN BA\u015eINDA 5. YILINI GER\u0130DE BIRAKMAYA HAZIRLANAN KUL\u00dcP BA\u015eKANI AD\u0130L GEVREK, 2. L\u0130G\u2019DEN ALDI\u011eI TAKIMI AVRUPA\u2019YA TA\u015eIYARAK \u00d6NEML\u0130 B\u0130R BA\u015eARIYA \u0130MZA ATTI.<\/p>\n","protected":false},"author":1,"featured_media":194553,"comment_status":"closed","ping_status":"open","sticky":false,"template":"","format":"standard","meta":{"jetpack_post_was_ever_published":false,"_jetpack_newsletter_access":"","_jetpack_dont_email_post_to_subs":false,"_jetpack_newsletter_tier_id":0,"_jetpack_memberships_contains_paywalled_content":false,"_jetpack_memberships_contains_paid_content":false,"footnotes":"","jetpack_publicize_message":"","jetpack_publicize_feature_enabled":true,"jetpack_social_post_already_shared":true,"jetpack_social_options":{"image_generator_settings":{"template":"highway","default_image_id":0,"font":"","enabled":false},"version":2}},"categories":[657],"tags":[8118,19735,48803,26287,22226,48805,11937,48804],"class_list":["post-194552","post","type-post","status-publish","format-standard","has-post-thumbnail","hentry","category-spor","tag-adil","tag-gevrek","tag-hedeflerin","tag-hepsini","tag-koydugu","tag-sampiyonlukta","tag-sira","tag-tutturdu"],"jetpack_publicize_connections":[],"jetpack_featured_media_url":"https:\/\/i0.wp.com\/www.tvturk.com\/wp-content\/uploads\/2019\/08\/adil-gevrek-koydugu-hedeflerin-hepsini-tutturdu-sira-sampiyonlukta_e86157b.jpg?fit=960%2C640","jetpack_sharing_enabled":true,"jetpack_shortlink":"https:\/\/wp.me\/paKIfm-OBW","_links":{"self":[{"href":"http:\/\/www.tvturk.com\/index.php\/wp-json\/wp\/v2\/posts\/194552","targetHints":{"allow":["GET"]}}],"collection":[{"href":"http:\/\/www.tvturk.com\/index.php\/wp-json\/wp\/v2\/posts"}],"about":[{"href":"http:\/\/www.tvturk.com\/index.php\/wp-json\/wp\/v2\/types\/post"}],"author":[{"embeddable":true,"href":"http:\/\/www.tvturk.com\/index.php\/wp-json\/wp\/v2\/users\/1"}],"replies":[{"embeddable":true,"href":"http:\/\/www.tvturk.com\/index.php\/wp-json\/wp\/v2\/comments?post=194552"}],"version-history":[{"count":0,"href":"http:\/\/www.tvturk.com\/index.php\/wp-json\/wp\/v2\/posts\/194552\/revisions"}],"wp:featuredmedia":[{"embeddable":true,"href":"http:\/\/www.tvturk.com\/index.php\/wp-json\/wp\/v2\/media\/194553"}],"wp:attachment":[{"href":"http:\/\/www.tvturk.com\/index.php\/wp-json\/wp\/v2\/media?parent=194552"}],"wp:term":[{"taxonomy":"category","embeddable":true,"href":"http:\/\/www.tvturk.com\/index.php\/wp-json\/wp\/v2\/categories?post=194552"},{"taxonomy":"post_tag","embeddable":true,"href":"http:\/\/www.tvturk.com\/index.php\/wp-json\/wp\/v2\/tags?post=194552"}],"curies":[{"name":"wp","href":"https:\/\/api.w.org\/{rel}","templated":true}]}}