{"id":194570,"date":"2019-08-22T12:01:52","date_gmt":"2019-08-22T09:01:52","guid":{"rendered":"http:\/\/www.tvturk.com\/index.php\/bizim-ev-katilimcilari-anadolu-arabalari-muzesini-gezdi\/"},"modified":"2019-08-22T12:01:52","modified_gmt":"2019-08-22T09:01:52","slug":"bizim-ev-katilimcilari-anadolu-arabalari-muzesini-gezdi","status":"publish","type":"post","link":"http:\/\/www.tvturk.com\/index.php\/bizim-ev-katilimcilari-anadolu-arabalari-muzesini-gezdi\/","title":{"rendered":"Bizim Ev kat\u0131l\u0131mc\u0131lar\u0131 Anadolu Arabalar\u0131 M\u00fczesi\u2019ni gezdi"},"content":{"rendered":"<p>Nil\u00fcfer Belediyesi Bizim Ev Engelliler Sosyal Ya\u015fam Destek Merkezi kat\u0131l\u0131mc\u0131lar\u0131, Tofa\u015f Bursa Anadolu Arabalar\u0131 M\u00fczesi\u2019ni ziyaret ederek, nostaljik arabalar ve tarihi hakk\u0131nda bilgi sahibi oldu.<\/p>\n<p>Nil\u00fcfer Belediyesi Bizim Ev Engelliler Sosyal Ya\u015fam Destek Merkezi, e\u011fitici ve \u00f6\u011fretici at\u00f6lyelerin yan\u0131 s\u0131ra, d\u00fczenledi\u011fi faaliyetlerle de kursiyerlere farkl\u0131 tecr\u00fcbeler ya\u015fat\u0131yor. Bizim Ev kat\u0131l\u0131mc\u0131lar\u0131 bu kez Tofa\u015f Bursa Anadolu Arabalar\u0131 M\u00fczesi\u2019ni ziyaret etti. 120 Bizim Ev kat\u0131l\u0131mc\u0131s\u0131, gruplar halinde otomobil tarihinin g\u00f6zler \u00f6n\u00fcne serildi\u011fi Tofa\u015f Bursa Anadolu Arabalar\u0131 M\u00fczesi\u2019ni gezerek bilgi sahibi oldu. Nostaljik arabalar ve araba tarihinin ge\u00e7mi\u015fine \u015fahitlik eden Bizim Ev kat\u0131l\u0131mc\u0131lar\u0131, farkl\u0131 bir tecr\u00fcbe edindi.<\/p>\n<p>Ziyarete Nil\u00fcfer Belediye Ba\u015fkan Yard\u0131mc\u0131s\u0131 Dr. Sibel \u00d6zer de e\u015flik etti. Bizim Ev kat\u0131l\u0131mc\u0131lar\u0131n\u0131n heyecan\u0131na ortak olan \u00d6zer, bu t\u00fcr faaliyetlerin sosyalle\u015fme a\u00e7\u0131s\u0131ndan da \u00f6nemli oldu\u011funu ifade etti. Ziyarete kat\u0131lan Bizim Ev kat\u0131l\u0131mc\u0131lar\u0131 da ziyaretten keyif ald\u0131klar\u0131n\u0131 belirterek, Nil\u00fcfer Belediye Ba\u015fkan\u0131 Turgay Erdem ve eme\u011fi ge\u00e7enlere te\u015fekk\u00fcr ettiler,<\/p>\n<p>Nil\u00fcfer Belediyesi Bizim Ev Engelliler Sosyal Ya\u015fam Destek Merkezi, kat\u0131l\u0131mc\u0131lar\u0131n sosyal ortamlarda yer almalar\u0131 i\u00e7in yeni faaliyetler d\u00fczenlemeye devam edecek.<\/p>\n","protected":false},"excerpt":{"rendered":"<p>N\u0130L\u00dcFER BELED\u0130YES\u0130 B\u0130Z\u0130M EV ENGELL\u0130LER SOSYAL YA\u015eAM DESTEK MERKEZ\u0130 KATILIMCILARI, TOFA\u015e BURSA ANADOLU ARABALARI M\u00dcZES\u0130\u2019N\u0130 Z\u0130YARET EDEREK, NOSTALJ\u0130K ARABALAR VE TAR\u0130H\u0130 HAKKINDA B\u0130LG\u0130 SAH\u0130B\u0130 OLDU.<\/p>\n","protected":false},"author":1,"featured_media":194571,"comment_status":"closed","ping_status":"open","sticky":false,"template":"","format":"standard","meta":{"jetpack_post_was_ever_published":false,"_jetpack_newsletter_access":"","_jetpack_dont_email_post_to_subs":false,"_jetpack_newsletter_tier_id":0,"_jetpack_memberships_contains_paywalled_content":false,"_jetpack_memberships_contains_paid_content":false,"footnotes":"","jetpack_publicize_message":"","jetpack_publicize_feature_enabled":true,"jetpack_social_post_already_shared":true,"jetpack_social_options":{"image_generator_settings":{"template":"highway","default_image_id":0,"font":"","enabled":false},"version":2}},"categories":[1],"tags":[1223,34994,104,2228,47570,8353],"class_list":["post-194570","post","type-post","status-publish","format-standard","has-post-thumbnail","hentry","category-genel","tag-anadolu","tag-arabalari","tag-bizim","tag-gezdi","tag-katilimcilari","tag-muzesini"],"jetpack_publicize_connections":[],"jetpack_featured_media_url":"https:\/\/i0.wp.com\/www.tvturk.com\/wp-content\/uploads\/2019\/08\/bizim-ev-katilimcilari-anadolu-arabalari-muzesini-gezdi_a5b6365.jpg?fit=1000%2C750","jetpack_sharing_enabled":true,"jetpack_shortlink":"https:\/\/wp.me\/paKIfm-OCe","_links":{"self":[{"href":"http:\/\/www.tvturk.com\/index.php\/wp-json\/wp\/v2\/posts\/194570","targetHints":{"allow":["GET"]}}],"collection":[{"href":"http:\/\/www.tvturk.com\/index.php\/wp-json\/wp\/v2\/posts"}],"about":[{"href":"http:\/\/www.tvturk.com\/index.php\/wp-json\/wp\/v2\/types\/post"}],"author":[{"embeddable":true,"href":"http:\/\/www.tvturk.com\/index.php\/wp-json\/wp\/v2\/users\/1"}],"replies":[{"embeddable":true,"href":"http:\/\/www.tvturk.com\/index.php\/wp-json\/wp\/v2\/comments?post=194570"}],"version-history":[{"count":0,"href":"http:\/\/www.tvturk.com\/index.php\/wp-json\/wp\/v2\/posts\/194570\/revisions"}],"wp:featuredmedia":[{"embeddable":true,"href":"http:\/\/www.tvturk.com\/index.php\/wp-json\/wp\/v2\/media\/194571"}],"wp:attachment":[{"href":"http:\/\/www.tvturk.com\/index.php\/wp-json\/wp\/v2\/media?parent=194570"}],"wp:term":[{"taxonomy":"category","embeddable":true,"href":"http:\/\/www.tvturk.com\/index.php\/wp-json\/wp\/v2\/categories?post=194570"},{"taxonomy":"post_tag","embeddable":true,"href":"http:\/\/www.tvturk.com\/index.php\/wp-json\/wp\/v2\/tags?post=194570"}],"curies":[{"name":"wp","href":"https:\/\/api.w.org\/{rel}","templated":true}]}}