{"id":194588,"date":"2019-08-22T12:17:14","date_gmt":"2019-08-22T09:17:14","guid":{"rendered":"http:\/\/www.tvturk.com\/index.php\/yeni-malatyasporda-trabzonspor-maci-hazirliklari-suruyor\/"},"modified":"2019-08-22T12:17:14","modified_gmt":"2019-08-22T09:17:14","slug":"yeni-malatyasporda-trabzonspor-maci-hazirliklari-suruyor","status":"publish","type":"post","link":"http:\/\/www.tvturk.com\/index.php\/yeni-malatyasporda-trabzonspor-maci-hazirliklari-suruyor\/","title":{"rendered":"Yeni Malatyaspor\u2019da Trabzonspor ma\u00e7\u0131 haz\u0131rl\u0131klar\u0131 s\u00fcr\u00fcyor"},"content":{"rendered":"<p>S\u00fcper Lig\u2019de yeni sezona M. Ba\u015fak\u015fehir galibiyetiyle ba\u015flayan Yeni Malatyaspor, 2. haftada deplasmanda oynayaca\u011f\u0131 Trabzonspor ma\u00e7\u0131n\u0131n haz\u0131rl\u0131klar\u0131n\u0131 s\u00fcrd\u00fcr\u00fcyor.<\/p>\n<p>Orduzu P\u0131narba\u015f\u0131 Nurettin Soykan Tesisleri\u2019nde, Teknik Direkt\u00f6r Sergen Yal\u00e7\u0131n y\u00f6netiminde yap\u0131lan antrenmana Partizan ma\u00e7\u0131nda sakatlanan ve tedavisi i\u00e7in Belgrad\u2019da bulunan Issam Chehabeke kat\u0131lmad\u0131. Fasl\u0131 futbolcunun Trabzonspor ma\u00e7\u0131nda da kadroda yer alamayaca\u011f\u0131 belirtildi.<\/p>\n<p>Antrenman \u00f6ncesi saha ortas\u0131nda bir toplant\u0131 yapan Sergen Yal\u00e7\u0131n, ge\u00e7en haftaki futbol ve sonu\u00e7 i\u00e7in bir kez daha futbolcular\u0131n\u0131 kutlayarak, \u201cSezona galibiyetle ba\u015flamak \u00f6nemliydi. Her birinizin performans\u0131ndan gayet memnunum. Hepinizin formay\u0131 almak i\u00e7in ortaya koyaca\u011f\u0131n\u0131z gayret emin olun beni ziyadesiyle memnun edecektir. Bu anlamda iyi olan, \u00e7ok \u00e7al\u0131\u015fan forman\u0131n sahibi olacakt\u0131r\u201d dedi.<\/p>\n<p>Tak\u0131m daha sonra d\u00fcz ko\u015fu ve 5\u2019e 2 top kapma \u00e7al\u0131\u015fmas\u0131 yapt\u0131. Son b\u00f6l\u00fcmde ise koordinasyon ve pas \u00e7al\u0131\u015fmas\u0131 yap\u0131ld\u0131.<\/p>\n","protected":false},"excerpt":{"rendered":"<p>YEN\u0130 MALATYASPOR\u2019DA TRABZONSPOR MA\u00c7I HAZIRLIKLARI S\u00dcR\u00dcYOR<\/p>\n","protected":false},"author":1,"featured_media":194589,"comment_status":"closed","ping_status":"open","sticky":false,"template":"","format":"standard","meta":{"jetpack_post_was_ever_published":false,"_jetpack_newsletter_access":"","_jetpack_dont_email_post_to_subs":false,"_jetpack_newsletter_tier_id":0,"_jetpack_memberships_contains_paywalled_content":false,"_jetpack_memberships_contains_paid_content":false,"footnotes":"","jetpack_publicize_message":"","jetpack_publicize_feature_enabled":true,"jetpack_social_post_already_shared":true,"jetpack_social_options":{"image_generator_settings":{"template":"highway","default_image_id":0,"font":"","enabled":false},"version":2}},"categories":[657],"tags":[3026,777,3855,1836,916,87],"class_list":["post-194588","post","type-post","status-publish","format-standard","has-post-thumbnail","hentry","category-spor","tag-hazirliklari","tag-maci","tag-malatyasporda","tag-suruyor","tag-trabzonspor","tag-yeni"],"jetpack_publicize_connections":[],"jetpack_featured_media_url":"https:\/\/i0.wp.com\/www.tvturk.com\/wp-content\/uploads\/2019\/08\/yeni-malatyasporda-trabzonspor-maci-hazirliklari-suruyor_a82ad27.jpg?fit=1000%2C840","jetpack_sharing_enabled":true,"jetpack_shortlink":"https:\/\/wp.me\/paKIfm-OCw","_links":{"self":[{"href":"http:\/\/www.tvturk.com\/index.php\/wp-json\/wp\/v2\/posts\/194588","targetHints":{"allow":["GET"]}}],"collection":[{"href":"http:\/\/www.tvturk.com\/index.php\/wp-json\/wp\/v2\/posts"}],"about":[{"href":"http:\/\/www.tvturk.com\/index.php\/wp-json\/wp\/v2\/types\/post"}],"author":[{"embeddable":true,"href":"http:\/\/www.tvturk.com\/index.php\/wp-json\/wp\/v2\/users\/1"}],"replies":[{"embeddable":true,"href":"http:\/\/www.tvturk.com\/index.php\/wp-json\/wp\/v2\/comments?post=194588"}],"version-history":[{"count":0,"href":"http:\/\/www.tvturk.com\/index.php\/wp-json\/wp\/v2\/posts\/194588\/revisions"}],"wp:featuredmedia":[{"embeddable":true,"href":"http:\/\/www.tvturk.com\/index.php\/wp-json\/wp\/v2\/media\/194589"}],"wp:attachment":[{"href":"http:\/\/www.tvturk.com\/index.php\/wp-json\/wp\/v2\/media?parent=194588"}],"wp:term":[{"taxonomy":"category","embeddable":true,"href":"http:\/\/www.tvturk.com\/index.php\/wp-json\/wp\/v2\/categories?post=194588"},{"taxonomy":"post_tag","embeddable":true,"href":"http:\/\/www.tvturk.com\/index.php\/wp-json\/wp\/v2\/tags?post=194588"}],"curies":[{"name":"wp","href":"https:\/\/api.w.org\/{rel}","templated":true}]}}