{"id":194624,"date":"2019-08-22T13:02:36","date_gmt":"2019-08-22T10:02:36","guid":{"rendered":"http:\/\/www.tvturk.com\/index.php\/besiktasta-orhan-ak-yeniden-istifa-etti\/"},"modified":"2019-08-22T13:02:36","modified_gmt":"2019-08-22T10:02:36","slug":"besiktasta-orhan-ak-yeniden-istifa-etti","status":"publish","type":"post","link":"http:\/\/www.tvturk.com\/index.php\/besiktasta-orhan-ak-yeniden-istifa-etti\/","title":{"rendered":"Be\u015fikta\u015f\u2019ta Orhan Ak yeniden istifa etti"},"content":{"rendered":"<p>Be\u015fikta\u015f Futbol Tak\u0131m\u0131 Yard\u0131mc\u0131 Antren\u00f6r\u00fc Orhan Ak, \u00fc\u00e7\u00fcnc\u00fc kez g\u00f6revinden istifa etti.<\/p>\n<p>Be\u015fikta\u015f\u2019ta Teknik Direkt\u00f6r Abdullah Avc\u0131\u2019n\u0131n g\u00f6reve gelmesiyle teknik ekipte yer alan Orhan Ak tart\u0131\u015fmalar\u0131n oda\u011f\u0131nda olmu\u015ftu. Siyah-beyazl\u0131 taraftarlar\u0131n tak\u0131mda bulunmas\u0131ndan dolay\u0131 tepki g\u00f6sterdi\u011fi Orhan Ak i\u00e7in Be\u015fikta\u015f eski y\u00f6neticisi Canda\u015f Tolga I\u015f\u0131k, sosyal medyadan a\u00e7\u0131klamada bulundu. I\u015f\u0131k payla\u015f\u0131m\u0131nda, &#8220;Orhan Ak arad\u0131 az \u00f6nce \u2019\u00dc\u00e7\u00fcnc\u00fc ve son kez istifa ediyorum. Birazdan yaz\u0131l\u0131 bir a\u00e7\u0131klama ile kamuoyuna duyuraca\u011f\u0131m\u2019 dedi&#8221; ifadelerini kulland\u0131.<\/p>\n<p>Orhan Ak\u2019\u0131n siyah-beyazl\u0131 taraftarlar ile y\u0131ld\u0131z\u0131 bar\u0131\u015fmam\u0131\u015f, sezon \u00f6ncesi yurt d\u0131\u015f\u0131 kamp\u0131nda bir grup taraftar haz\u0131rl\u0131k ma\u00e7\u0131 sonras\u0131 Ak\u2019\u0131n \u00fczerine y\u00fcr\u00fcm\u00fc\u015ft\u00fc.<\/p>\n","protected":false},"excerpt":{"rendered":"<p>BE\u015e\u0130KTA\u015e FUTBOL TAKIMI YARDIMCI ANTREN\u00d6R\u00dc ORHAN AK, \u00dc\u00c7\u00dcNC\u00dc KEZ G\u00d6REV\u0130NDEN \u0130ST\u0130FA ETT\u0130.<\/p>\n","protected":false},"author":1,"featured_media":194625,"comment_status":"closed","ping_status":"open","sticky":false,"template":"","format":"standard","meta":{"jetpack_post_was_ever_published":false,"_jetpack_newsletter_access":"","_jetpack_dont_email_post_to_subs":false,"_jetpack_newsletter_tier_id":0,"_jetpack_memberships_contains_paywalled_content":false,"_jetpack_memberships_contains_paid_content":false,"footnotes":"","jetpack_publicize_message":"","jetpack_publicize_feature_enabled":true,"jetpack_social_post_already_shared":true,"jetpack_social_options":{"image_generator_settings":{"template":"highway","default_image_id":0,"font":"","enabled":false},"version":2}},"categories":[657],"tags":[3383,207,31,6648,720],"class_list":["post-194624","post","type-post","status-publish","format-standard","has-post-thumbnail","hentry","category-spor","tag-besiktasta","tag-etti","tag-istifa","tag-orhan","tag-yeniden"],"jetpack_publicize_connections":[],"jetpack_featured_media_url":"https:\/\/i0.wp.com\/www.tvturk.com\/wp-content\/uploads\/2019\/08\/besiktasta-orhan-ak-yeniden-istifa-etti_3f49e52.jpg?fit=1000%2C882","jetpack_sharing_enabled":true,"jetpack_shortlink":"https:\/\/wp.me\/paKIfm-OD6","_links":{"self":[{"href":"http:\/\/www.tvturk.com\/index.php\/wp-json\/wp\/v2\/posts\/194624","targetHints":{"allow":["GET"]}}],"collection":[{"href":"http:\/\/www.tvturk.com\/index.php\/wp-json\/wp\/v2\/posts"}],"about":[{"href":"http:\/\/www.tvturk.com\/index.php\/wp-json\/wp\/v2\/types\/post"}],"author":[{"embeddable":true,"href":"http:\/\/www.tvturk.com\/index.php\/wp-json\/wp\/v2\/users\/1"}],"replies":[{"embeddable":true,"href":"http:\/\/www.tvturk.com\/index.php\/wp-json\/wp\/v2\/comments?post=194624"}],"version-history":[{"count":0,"href":"http:\/\/www.tvturk.com\/index.php\/wp-json\/wp\/v2\/posts\/194624\/revisions"}],"wp:featuredmedia":[{"embeddable":true,"href":"http:\/\/www.tvturk.com\/index.php\/wp-json\/wp\/v2\/media\/194625"}],"wp:attachment":[{"href":"http:\/\/www.tvturk.com\/index.php\/wp-json\/wp\/v2\/media?parent=194624"}],"wp:term":[{"taxonomy":"category","embeddable":true,"href":"http:\/\/www.tvturk.com\/index.php\/wp-json\/wp\/v2\/categories?post=194624"},{"taxonomy":"post_tag","embeddable":true,"href":"http:\/\/www.tvturk.com\/index.php\/wp-json\/wp\/v2\/tags?post=194624"}],"curies":[{"name":"wp","href":"https:\/\/api.w.org\/{rel}","templated":true}]}}