{"id":194626,"date":"2019-08-22T13:02:44","date_gmt":"2019-08-22T10:02:44","guid":{"rendered":"http:\/\/www.tvturk.com\/index.php\/ankaragucu-boks-takimi-kuruluyor\/"},"modified":"2019-08-22T13:02:44","modified_gmt":"2019-08-22T10:02:44","slug":"ankaragucu-boks-takimi-kuruluyor","status":"publish","type":"post","link":"http:\/\/www.tvturk.com\/index.php\/ankaragucu-boks-takimi-kuruluyor\/","title":{"rendered":"Ankarag\u00fcc\u00fc boks tak\u0131m\u0131 kuruluyor"},"content":{"rendered":"<p>Ankara Esnaf ve Sanatkarlar Odas\u0131 Ba\u015fkan\u0131 \u015e\u00fckr\u00fc Orhan taraf\u0131ndan kurulan \u2018Ankarag\u00fcc\u00fc Boks Tak\u0131m\u0131\u2019 i\u00e7in d\u00fcnyan\u0131n en iyi antren\u00f6rleri aras\u0131nda yer alan B\u00fclent Ba\u015fer\u2019den profesyonel destek al\u0131nd\u0131.<\/p>\n<p>T\u00fcrk profesyonel boks tarihinin ilk antren\u00f6r\u00fc B\u00fclent Ba\u015fer, Ankara Esnaf ve Sanatkarlar Odas\u0131 Ba\u015fkan\u0131 \u015e\u00fckr\u00fc Orhan\u2019\u0131 makam\u0131nda ziyaret ederek, hem yeni g\u00f6revini kutlad\u0131 hem de kurulmas\u0131 planlanan boks kul\u00fcb\u00fc hakk\u0131nda g\u00f6r\u00fc\u015f al\u0131\u015fveri\u015finde bulundu. D\u00fcnyan\u0131n en iyi antren\u00f6rleri aras\u0131nda yer alan ve \u015fu an Almanya\u2019n\u0131n EC BOXING Kul\u00fcb\u00fc\u2019nde \u00e7al\u0131\u015fmalar\u0131n\u0131 s\u00fcrd\u00fcren B\u00fclent Ba\u015fer, T\u00fcrkiye\u2019de iyi bir boks potansiyeli oldu\u011funu vurgulayarak, &#8220;Eski milli boks\u00f6r\u00fcm\u00fcz ve \u015fu an antren\u00f6rl\u00fck yapan Mustafa Karag\u00f6ll\u00fc ile birlikte bu olu\u015fuma katk\u0131 vermeyi planlad\u0131k. Ba\u015fkan \u015e\u00fckr\u00fc Orhan da bizim bilgi ve tecr\u00fcbelerimizden faydalanmak istedi. 20 y\u0131l\u0131 a\u015fk\u0131n bir s\u00fcredir d\u00fcnya ringlerinde edindi\u011fim bilgi ve tecr\u00fcbeler \u0131\u015f\u0131\u011f\u0131nda kendilerine yard\u0131mc\u0131 olmaya \u00e7al\u0131\u015faca\u011f\u0131m. B\u00f6yle bir kul\u00fcb\u00fcn \u00fclkemizin d\u00f6v\u00fc\u015f sporlar\u0131ndaki ba\u015far\u0131lar\u0131na b\u00fcy\u00fck katk\u0131lar sa\u011flayaca\u011f\u0131n\u0131 d\u00fc\u015f\u00fcn\u00fcyorum&#8221; dedi.<\/p>\n<p>\u015e\u00fckr\u00fc Orhan: &#8220;Hedefimiz \u00fclkemize ba\u015far\u0131lar getirmektir&#8221;<\/p>\n<p>Mamak eski Belediye Ba\u015fkan Yard\u0131mc\u0131s\u0131 ve \u015fu an aktif olarak Sivil Savunma M\u00fcd\u00fcr\u00fc olan Mustafa Orhan\u2019\u0131n o\u011flu \u015e\u00fckr\u00fc Orhan, hedeflerinin T\u00fcrkiye\u2019nin ba\u015far\u0131s\u0131na katk\u0131 sa\u011flamak oldu\u011funu vurgulayarak, &#8220;\u00dclkemizde \u00e7ok say\u0131da yetenekli gen\u00e7 var. Bunlara imkanlar vererek ba\u015far\u0131lar\u0131n\u0131 artt\u0131rarak, \u00fclkemizin d\u00fcnya ringlerinde tan\u0131t\u0131m\u0131n\u0131 sa\u011flamak amac\u0131yla bir boks kul\u00fcb\u00fc kurmaya karar verdik. Bu do\u011frultuda d\u00fcnyan\u0131n en iyi antren\u00f6rleri aras\u0131nda yer alan B\u00fclent Ba\u015fer, hocam\u0131z\u0131n da de\u011ferli g\u00f6r\u00fc\u015flerini ald\u0131k. \u0130lerleyen d\u00f6nemlerde bizlere destek s\u00f6z\u00fc de verdiler. Hedefimiz standartlar\u0131n \u00fczerinde boks yapan ve ba\u015far\u0131lar sa\u011flayan gen\u00e7ler yeti\u015ftirerek, d\u00fcnyan\u0131n zirvesindeki kemerlere ula\u015fabilecek boks\u00f6rler yeti\u015ftirmektir. \u00dclkemizin uzun y\u0131llard\u0131r \u00f6zlemiyle yan\u0131p tutu\u015ftu\u011fu ba\u015far\u0131lar\u0131 \u00fclkemize getirerek, insanlar\u0131m\u0131z\u0131n \u00f6z g\u00fcvenlerini artt\u0131r\u0131p, \u2019biz de d\u00fcnyan\u0131n en iyileri aras\u0131nday\u0131z\u2019 diyebilmelerini sa\u011flamakt\u0131r&#8221; ifadelerini kulland\u0131.<\/p>\n<p>Vedat Alyaz: &#8220;D\u00fcnya standartlar\u0131na ula\u015fmal\u0131y\u0131z&#8221;<\/p>\n<p>Boks yazar\u0131 Vedat Alyaz ise T\u00fcrkiye\u2019de \u00e7ok say\u0131da boks kul\u00fcb\u00fc oldu\u011funu vurgulayarak, &#8220;Ancak \u00f6zlemini \u00e7ekti\u011fimiz ba\u015far\u0131lara bir t\u00fcrl\u00fc ula\u015fam\u0131yoruz. Bunun i\u00e7in de profesyonel destek al\u0131nmas\u0131 gerekti\u011fini d\u00fc\u015f\u00fcyorum. G\u00f6zlemledi\u011fim kadar\u0131yla \u00fclkemizde d\u00fcnyan\u0131n en iyi boks\u00f6rlerini devirecek sporcular\u0131m\u0131z mevcut ancak bunlar d\u00fcnya boks felsefesiyle bulu\u015fmad\u0131klar\u0131 s\u00fcrece vasat olarak kalmaya devam edeceklerdir. Onlar\u0131n ufuklar\u0131n\u0131 a\u00e7acak ve ba\u015far\u0131ya g\u00f6t\u00fcrecek daha \u00fcst\u00fcn bir boks felsefesi ve \u00e7al\u0131\u015fma y\u00f6ntemleri gerekmekte. Bunu da \u00e7ok say\u0131da d\u00fcnya \u015fampiyonu yeti\u015ftirmi\u015f olan antren\u00f6r\u00fcm\u00fcz B\u00fclent Ba\u015fer sa\u011flayabilir. Umar\u0131m \u015e\u00fckr\u00fc Orhan\u2019\u0131n \u00f6nc\u00fcl\u00fc\u011f\u00fcn\u00fc yapt\u0131\u011f\u0131 bu olu\u015fum d\u00fcnya standartlar\u0131na ula\u015fabilen boks\u00f6rlerimizin yeti\u015fmesine \u00f6nc\u00fc olur&#8221; diye konu\u015ftu.<\/p>\n","protected":false},"excerpt":{"rendered":"<p>ANKARA ESNAF VE SANATKARLAR ODASI BA\u015eKANI \u015e\u00dcKR\u00dc ORHAN TARAFINDAN KURULAN \u2018ANKARAG\u00dcC\u00dc BOKS TAKIMI\u2019 \u0130\u00c7\u0130N D\u00dcNYANIN EN \u0130Y\u0130 ANTREN\u00d6RLER\u0130 ARASINDA YER ALAN B\u00dcLENT BA\u015eER\u2019DEN PROFESYONEL DESTEK ALINDI.<\/p>\n","protected":false},"author":1,"featured_media":194627,"comment_status":"closed","ping_status":"open","sticky":false,"template":"","format":"standard","meta":{"jetpack_post_was_ever_published":false,"_jetpack_newsletter_access":"","_jetpack_dont_email_post_to_subs":false,"_jetpack_newsletter_tier_id":0,"_jetpack_memberships_contains_paywalled_content":false,"_jetpack_memberships_contains_paid_content":false,"footnotes":"","jetpack_publicize_message":"","jetpack_publicize_feature_enabled":true,"jetpack_social_post_already_shared":true,"jetpack_social_options":{"image_generator_settings":{"template":"highway","default_image_id":0,"font":"","enabled":false},"version":2}},"categories":[657],"tags":[8184,13404,7246,1462],"class_list":["post-194626","post","type-post","status-publish","format-standard","has-post-thumbnail","hentry","category-spor","tag-ankaragucu","tag-boks","tag-kuruluyor","tag-takimi"],"jetpack_publicize_connections":[],"jetpack_featured_media_url":"https:\/\/i0.wp.com\/www.tvturk.com\/wp-content\/uploads\/2019\/08\/ankaragucu-boks-takimi-kuruluyor_939d674.jpg?fit=1000%2C667","jetpack_sharing_enabled":true,"jetpack_shortlink":"https:\/\/wp.me\/paKIfm-OD8","_links":{"self":[{"href":"http:\/\/www.tvturk.com\/index.php\/wp-json\/wp\/v2\/posts\/194626","targetHints":{"allow":["GET"]}}],"collection":[{"href":"http:\/\/www.tvturk.com\/index.php\/wp-json\/wp\/v2\/posts"}],"about":[{"href":"http:\/\/www.tvturk.com\/index.php\/wp-json\/wp\/v2\/types\/post"}],"author":[{"embeddable":true,"href":"http:\/\/www.tvturk.com\/index.php\/wp-json\/wp\/v2\/users\/1"}],"replies":[{"embeddable":true,"href":"http:\/\/www.tvturk.com\/index.php\/wp-json\/wp\/v2\/comments?post=194626"}],"version-history":[{"count":0,"href":"http:\/\/www.tvturk.com\/index.php\/wp-json\/wp\/v2\/posts\/194626\/revisions"}],"wp:featuredmedia":[{"embeddable":true,"href":"http:\/\/www.tvturk.com\/index.php\/wp-json\/wp\/v2\/media\/194627"}],"wp:attachment":[{"href":"http:\/\/www.tvturk.com\/index.php\/wp-json\/wp\/v2\/media?parent=194626"}],"wp:term":[{"taxonomy":"category","embeddable":true,"href":"http:\/\/www.tvturk.com\/index.php\/wp-json\/wp\/v2\/categories?post=194626"},{"taxonomy":"post_tag","embeddable":true,"href":"http:\/\/www.tvturk.com\/index.php\/wp-json\/wp\/v2\/tags?post=194626"}],"curies":[{"name":"wp","href":"https:\/\/api.w.org\/{rel}","templated":true}]}}