{"id":194634,"date":"2019-08-22T13:16:45","date_gmt":"2019-08-22T10:16:45","guid":{"rendered":"http:\/\/www.tvturk.com\/index.php\/ucuzler-yetim-kaldi\/"},"modified":"2019-08-22T13:16:45","modified_gmt":"2019-08-22T10:16:45","slug":"ucuzler-yetim-kaldi","status":"publish","type":"post","link":"http:\/\/www.tvturk.com\/index.php\/ucuzler-yetim-kaldi\/","title":{"rendered":"\u00dc\u00e7\u00fczler yetim kald\u0131"},"content":{"rendered":"<p>Kayseri\u2019de evinde ge\u00e7irdi\u011fi kalp krizi sonucu hayat\u0131n\u0131 kaybeden polis memuru Yusuf Katfar i\u00e7in Kayseri \u0130l Emniyet M\u00fcd\u00fcrl\u00fc\u011f\u00fc\u2019nde t\u00f6ren d\u00fczenlendi. T\u00f6rende merhum polis memurunun \u00fc\u00e7\u00fcz \u00e7ocuklar\u0131, &#8220;Baba bizi b\u0131rakma&#8221; diyerek a\u011flamas\u0131, t\u00f6rene kat\u0131lanlar\u0131 duyguland\u0131rd\u0131.<\/p>\n<p>Kayseri \u0130l Emniyet M\u00fcd\u00fcrl\u00fc\u011f\u00fc Asayi\u015f \u015eube M\u00fcd\u00fcrl\u00fc\u011f\u00fc \u00c7ocuk \u015eube M\u00fcd\u00fcrl\u00fc\u011f\u00fc\u2019nde g\u00f6revli polis memuru 46 ya\u015f\u0131ndaki Yusuf Katfar, d\u00fcn evinde ge\u00e7irdi\u011fi kalp krizi sonucu hayat\u0131n\u0131 kaybetti. Merhum polis memuru i\u00e7in Kayseri \u0130l Emniyet M\u00fcd\u00fcrl\u00fc\u011f\u00fc\u2019nde t\u00f6ren d\u00fczenlendi. T\u00f6rende, Vali Yard\u0131mc\u0131s\u0131 Ali Uslanmaz, \u0130l Emniyet M\u00fcd\u00fcr\u00fc \u0130brahim Kulular, \u0130l Jandarma Alay Komutan K\u0131demli Albay H\u00fcseyin Bekmez, il emniyet m\u00fcd\u00fcr yard\u0131mc\u0131lar\u0131, merhum polis memurunun mesai arkada\u015flar\u0131 ve ailesi kat\u0131ld\u0131. Kur\u2019an-\u0131 Kerim tilavetinin ard\u0131ndan merhum polis memuru Katfar\u2019\u0131n cenazesinin bulundu\u011fu al bayra\u011fa sar\u0131l\u0131 tabutu polisler omuzlar\u0131na ald\u0131.<\/p>\n<p>Bu s\u0131rada, oturduklar\u0131 yerden kalkarak tabuta ko\u015fan merkum polis memuru Yusuf Katfar\u2019\u0131n \u00fc\u00e7\u00fcz \u00e7ocuklar\u0131 12 ya\u015f\u0131ndaki Zeynep Naz, Ahmet Furkan ve Muhammet Burak,  &#8220;Baba bizi b\u0131rakma, seni \u00e7ok \u00f6zleyece\u011fiz&#8221; diyerek g\u00f6zya\u015f\u0131 d\u00f6kt\u00fc. \u00c7ocuklar\u0131n a\u011flamas\u0131, t\u00f6rene kat\u0131lanlar\u0131 duyguland\u0131rd\u0131.<\/p>\n","protected":false},"excerpt":{"rendered":"<p>T\u00d6RENDE MERHUM POL\u0130S MEMURUNUN \u00dc\u00c7\u00dcZ \u00c7OCUKLARI, &#8220;BABA B\u0130Z\u0130 BIRAKMA&#8221; D\u0130YEREK A\u011eLAMASI, T\u00d6RENE KATILANLARI DUYGULANDIRDI.<\/p>\n","protected":false},"author":1,"featured_media":194635,"comment_status":"closed","ping_status":"open","sticky":false,"template":"","format":"standard","meta":{"jetpack_post_was_ever_published":false,"_jetpack_newsletter_access":"","_jetpack_dont_email_post_to_subs":false,"_jetpack_newsletter_tier_id":0,"_jetpack_memberships_contains_paywalled_content":false,"_jetpack_memberships_contains_paid_content":false,"footnotes":"","jetpack_publicize_message":"","jetpack_publicize_feature_enabled":true,"jetpack_social_post_already_shared":true,"jetpack_social_options":{"image_generator_settings":{"template":"highway","default_image_id":0,"font":"","enabled":false},"version":2}},"categories":[1],"tags":[1853,48837,14315],"class_list":["post-194634","post","type-post","status-publish","format-standard","has-post-thumbnail","hentry","category-genel","tag-kaldi","tag-ucuzler","tag-yetim"],"jetpack_publicize_connections":[],"jetpack_featured_media_url":"https:\/\/i0.wp.com\/www.tvturk.com\/wp-content\/uploads\/2019\/08\/ucuzler-yetim-kaldi_5f58e35.jpg?fit=720%2C576","jetpack_sharing_enabled":true,"jetpack_shortlink":"https:\/\/wp.me\/paKIfm-ODg","_links":{"self":[{"href":"http:\/\/www.tvturk.com\/index.php\/wp-json\/wp\/v2\/posts\/194634","targetHints":{"allow":["GET"]}}],"collection":[{"href":"http:\/\/www.tvturk.com\/index.php\/wp-json\/wp\/v2\/posts"}],"about":[{"href":"http:\/\/www.tvturk.com\/index.php\/wp-json\/wp\/v2\/types\/post"}],"author":[{"embeddable":true,"href":"http:\/\/www.tvturk.com\/index.php\/wp-json\/wp\/v2\/users\/1"}],"replies":[{"embeddable":true,"href":"http:\/\/www.tvturk.com\/index.php\/wp-json\/wp\/v2\/comments?post=194634"}],"version-history":[{"count":0,"href":"http:\/\/www.tvturk.com\/index.php\/wp-json\/wp\/v2\/posts\/194634\/revisions"}],"wp:featuredmedia":[{"embeddable":true,"href":"http:\/\/www.tvturk.com\/index.php\/wp-json\/wp\/v2\/media\/194635"}],"wp:attachment":[{"href":"http:\/\/www.tvturk.com\/index.php\/wp-json\/wp\/v2\/media?parent=194634"}],"wp:term":[{"taxonomy":"category","embeddable":true,"href":"http:\/\/www.tvturk.com\/index.php\/wp-json\/wp\/v2\/categories?post=194634"},{"taxonomy":"post_tag","embeddable":true,"href":"http:\/\/www.tvturk.com\/index.php\/wp-json\/wp\/v2\/tags?post=194634"}],"curies":[{"name":"wp","href":"https:\/\/api.w.org\/{rel}","templated":true}]}}