{"id":194672,"date":"2019-08-22T14:01:56","date_gmt":"2019-08-22T11:01:56","guid":{"rendered":"http:\/\/www.tvturk.com\/index.php\/sel-sonrasi-dukkanlarda-temizlik-mesaisi\/"},"modified":"2019-08-22T14:01:56","modified_gmt":"2019-08-22T11:01:56","slug":"sel-sonrasi-dukkanlarda-temizlik-mesaisi","status":"publish","type":"post","link":"http:\/\/www.tvturk.com\/index.php\/sel-sonrasi-dukkanlarda-temizlik-mesaisi\/","title":{"rendered":"Sel sonras\u0131 d\u00fckkanlarda temizlik mesaisi"},"content":{"rendered":"<p>Tokat\u2019ta sa\u011fanak ya\u011f\u0131\u015f\u0131 sonras\u0131 i\u015f yerlerini su basan esnaf, temizlik \u00e7al\u0131\u015fmas\u0131 yapt\u0131.<\/p>\n<p>Tokat\u2019ta d\u00fcn ak\u015fam sa\u011fanak ya\u011fmur sonucu Demokrasi M\u00fczesi\u2019nin (Y\u00fcksek Kahve) de bulundu\u011fu sokaktaki i\u015f yerlerini su bast\u0131. Geceden sabaha kadar temizlik \u00e7al\u0131\u015fmas\u0131 yapan baz\u0131 esnaflar, sular\u0131n \u00e7ekilmesi ile birlikte \u0131slanan \u00fcr\u00fcnlerini telafi etmeye \u00e7al\u0131\u015ft\u0131. Tekstil ma\u011fazas\u0131n\u0131n deposundaki \u00fcr\u00fcnleri zarar g\u00f6ren Necmettin  Ko\u00e7, \u0131slanan kuma\u015f ve baz\u0131 elbiseleri kurutmak i\u00e7in d\u00fckkan\u0131n d\u0131\u015f\u0131na ast\u0131. D\u00fckkan\u0131n deposundaki top kuma\u015flar\u0131nda \u0131sland\u0131\u011f\u0131n\u0131 dile getiren Ko\u00e7, b\u00fcy\u00fck zarara u\u011frad\u0131\u011f\u0131n\u0131 s\u00f6yledi.<\/p>\n<p>Ekmek f\u0131r\u0131n\u0131 olan U\u011fur \u00c7avu\u015f ise, depodaki un \u00e7uvallar\u0131n\u0131n \u0131slanarak kullan\u0131lamaz hale geldi\u011fini s\u00f6yledi. Ya\u015fanan su bask\u0131n\u0131 sonras\u0131nda temizlik \u00e7al\u0131\u015fmalar\u0131n\u0131 devam etmesi nedeniyle \u00fcretim yapamad\u0131klar\u0131n\u0131 ifade eden \u00c7avu\u015f, yard\u0131m beklediklerini dile getirdi.<\/p>\n<p>Televizyon tamircisi Mustafa \u00d6zt\u00fcrk de ya\u011fmurdan elektronik e\u015fyalar\u0131n\u0131n etkilendi\u011fini, maddi zarara u\u011frad\u0131klar\u0131n\u0131 belirtti.<\/p>\n<p>Tokat Belediye Ba\u015fkan\u0131 Ey\u00fcp Ero\u011flu, esnaflar\u0131 ziyaret ederek ge\u00e7mi\u015f olsun dileklerinde bulundu. Ba\u015fkan Ero\u011flu, ekiplerin ya\u011f\u0131\u015flar\u0131n yo\u011fun oldu\u011fu saatlerden itibaren aral\u0131ks\u0131z olarak \u00e7al\u0131\u015fmalar\u0131na devam etti\u011fini kaydetti.<\/p>\n<p>G\u00fcry\u0131ld\u0131z beldesi ve B\u00fcy\u00fcky\u0131ld\u0131z k\u00f6y\u00fcnde d\u00fcn ak\u015fam etkili olan sa\u011fanak ya\u011f\u0131\u015f\u0131n ard\u0131ndan ekipler \u00e7al\u0131\u015fma ba\u015flatt\u0131. \u015eehir merkezinde de belediye ekipleri \u00e7al\u0131\u015fmalar\u0131n\u0131 s\u00fcrd\u00fcr\u00fcyor.<\/p>\n","protected":false},"excerpt":{"rendered":"<p>TOKAT&#8217;TA SA\u011eANAK YA\u011eI\u015eI SONUCU \u0130\u015e YERLER\u0130N\u0130 SU BASAN ESNAF TEM\u0130ZL\u0130K \u00c7ALI\u015eMASI YAPTI.<\/p>\n","protected":false},"author":1,"featured_media":194673,"comment_status":"closed","ping_status":"open","sticky":false,"template":"","format":"standard","meta":{"jetpack_post_was_ever_published":false,"_jetpack_newsletter_access":"","_jetpack_dont_email_post_to_subs":false,"_jetpack_newsletter_tier_id":0,"_jetpack_memberships_contains_paywalled_content":false,"_jetpack_memberships_contains_paid_content":false,"footnotes":"","jetpack_publicize_message":"","jetpack_publicize_feature_enabled":true,"jetpack_social_post_already_shared":true,"jetpack_social_options":{"image_generator_settings":{"template":"highway","default_image_id":0,"font":"","enabled":false},"version":2}},"categories":[1],"tags":[695,48851,2634,36,4285],"class_list":["post-194672","post","type-post","status-publish","format-standard","has-post-thumbnail","hentry","category-genel","tag-sel","tag-dukkanlarda","tag-mesaisi","tag-sonrasi","tag-temizlik"],"jetpack_publicize_connections":[],"jetpack_featured_media_url":"https:\/\/i0.wp.com\/www.tvturk.com\/wp-content\/uploads\/2019\/08\/sel-sonrasi-dukkanlarda-temizlik-mesaisi_88e0137.jpg?fit=1000%2C671","jetpack_sharing_enabled":true,"jetpack_shortlink":"https:\/\/wp.me\/paKIfm-ODS","_links":{"self":[{"href":"http:\/\/www.tvturk.com\/index.php\/wp-json\/wp\/v2\/posts\/194672","targetHints":{"allow":["GET"]}}],"collection":[{"href":"http:\/\/www.tvturk.com\/index.php\/wp-json\/wp\/v2\/posts"}],"about":[{"href":"http:\/\/www.tvturk.com\/index.php\/wp-json\/wp\/v2\/types\/post"}],"author":[{"embeddable":true,"href":"http:\/\/www.tvturk.com\/index.php\/wp-json\/wp\/v2\/users\/1"}],"replies":[{"embeddable":true,"href":"http:\/\/www.tvturk.com\/index.php\/wp-json\/wp\/v2\/comments?post=194672"}],"version-history":[{"count":0,"href":"http:\/\/www.tvturk.com\/index.php\/wp-json\/wp\/v2\/posts\/194672\/revisions"}],"wp:featuredmedia":[{"embeddable":true,"href":"http:\/\/www.tvturk.com\/index.php\/wp-json\/wp\/v2\/media\/194673"}],"wp:attachment":[{"href":"http:\/\/www.tvturk.com\/index.php\/wp-json\/wp\/v2\/media?parent=194672"}],"wp:term":[{"taxonomy":"category","embeddable":true,"href":"http:\/\/www.tvturk.com\/index.php\/wp-json\/wp\/v2\/categories?post=194672"},{"taxonomy":"post_tag","embeddable":true,"href":"http:\/\/www.tvturk.com\/index.php\/wp-json\/wp\/v2\/tags?post=194672"}],"curies":[{"name":"wp","href":"https:\/\/api.w.org\/{rel}","templated":true}]}}