{"id":194674,"date":"2019-08-22T14:02:01","date_gmt":"2019-08-22T11:02:01","guid":{"rendered":"http:\/\/www.tvturk.com\/index.php\/afyonkarahisarda-gorevinde-25-yilini-doldurmus-muhtarlara-plaket\/"},"modified":"2019-08-22T14:02:01","modified_gmt":"2019-08-22T11:02:01","slug":"afyonkarahisarda-gorevinde-25-yilini-doldurmus-muhtarlara-plaket","status":"publish","type":"post","link":"http:\/\/www.tvturk.com\/index.php\/afyonkarahisarda-gorevinde-25-yilini-doldurmus-muhtarlara-plaket\/","title":{"rendered":"Afyonkarahisar\u2019da g\u00f6revinde 25 y\u0131l\u0131n\u0131 doldurmu\u015f muhtarlara plaket"},"content":{"rendered":"<p>Afyonkarahisar Muhtarlar Derne\u011fi y\u00f6netici ve \u00fcyelerinin kat\u0131ld\u0131\u011f\u0131 kahvalt\u0131da birlik ve beraberlik mesaj\u0131 verilerken, g\u00f6rev s\u00fcresinde 25 y\u0131l dolduran muhtarlara plaket takdim edildi.<\/p>\n<p>Karayollar\u0131 Park\u0131\u2019nda Belediyenin ev sahipli\u011finde ger\u00e7ekle\u015ftirilen kahvalt\u0131ya, Sosyal Yard\u0131mla\u015fma ve Dayan\u0131\u015fma Vakf\u0131 M\u00fcd\u00fcr\u00fc Yaman \u015eenol, Gen\u00e7lik Merkezi M\u00fcd\u00fcr\u00fc Ahmet Ert\u00fcrk, \u0130l Sivil Toplum \u0130li\u015fkiler M\u00fcd\u00fcr\u00fc Ahmet Nuri G\u00f6k, Dernek Ba\u015fkan\u0131 Suat Uygur \u00e7ok say\u0131da dernek \u00fcyesi muhtar ve bas\u0131n mensuplar\u0131 kat\u0131ld\u0131. Dernek Ba\u015fkan\u0131 Suat Uygur yapt\u0131\u011f\u0131 a\u00e7\u0131klama da, muhtarlar\u0131n yerel gazetelere abone olmas\u0131n\u0131 istedi. Uygur, \u201cYerel bas\u0131n her zaman bizim yan\u0131m\u0131zda, bizlerde onlar\u0131n yan\u0131nday\u0131z. 25 ile 30 y\u0131l\u0131n\u0131 tamamlayan muhtarlar\u0131m\u0131za plaket takdim edece\u011fiz. Her zaman birlik ve beraberlik i\u00e7inde olmaya devam edece\u011fiz\u201d dedi.<\/p>\n<p>Toplant\u0131 sonunda 25 y\u0131l\u0131n\u0131 doldurmu\u015f muhtarlara y\u00f6netim taraf\u0131ndan plaket takdim edildi.<\/p>\n","protected":false},"excerpt":{"rendered":"<p>AFYONKARAH\u0130SAR MUHTARLAR DERNE\u011e\u0130 Y\u00d6NET\u0130M\u0130N\u0130N \u00dcYELER\u0130YLE KAHVALTIDA BULU\u015eTU\u011eU TOPLANTIDA B\u0130RL\u0130K VE BERABERL\u0130K MESAJI VER\u0130LEREK, G\u00d6REV S\u00dcRES\u0130NDE 25 YIL DOLDURAN MUHTARLARA PLAKET TAKD\u0130M ED\u0130LD\u0130.<\/p>\n","protected":false},"author":1,"featured_media":194675,"comment_status":"closed","ping_status":"open","sticky":false,"template":"","format":"standard","meta":{"jetpack_post_was_ever_published":false,"_jetpack_newsletter_access":"","_jetpack_dont_email_post_to_subs":false,"_jetpack_newsletter_tier_id":0,"_jetpack_memberships_contains_paywalled_content":false,"_jetpack_memberships_contains_paid_content":false,"footnotes":"","jetpack_publicize_message":"","jetpack_publicize_feature_enabled":true,"jetpack_social_post_already_shared":true,"jetpack_social_options":{"image_generator_settings":{"template":"highway","default_image_id":0,"font":"","enabled":false},"version":2}},"categories":[1],"tags":[894,48852,27557,7421,2793,4564],"class_list":["post-194674","post","type-post","status-publish","format-standard","has-post-thumbnail","hentry","category-genel","tag-afyonkarahisarda","tag-doldurmus","tag-gorevinde","tag-muhtarlara","tag-plaket","tag-yilini"],"jetpack_publicize_connections":[],"jetpack_featured_media_url":"https:\/\/i0.wp.com\/www.tvturk.com\/wp-content\/uploads\/2019\/08\/afyonkarahisarda-gorevinde-25-yilini-doldurmus-muhtarlara-plaket_ad8a673.jpg?fit=1000%2C664","jetpack_sharing_enabled":true,"jetpack_shortlink":"https:\/\/wp.me\/paKIfm-ODU","_links":{"self":[{"href":"http:\/\/www.tvturk.com\/index.php\/wp-json\/wp\/v2\/posts\/194674","targetHints":{"allow":["GET"]}}],"collection":[{"href":"http:\/\/www.tvturk.com\/index.php\/wp-json\/wp\/v2\/posts"}],"about":[{"href":"http:\/\/www.tvturk.com\/index.php\/wp-json\/wp\/v2\/types\/post"}],"author":[{"embeddable":true,"href":"http:\/\/www.tvturk.com\/index.php\/wp-json\/wp\/v2\/users\/1"}],"replies":[{"embeddable":true,"href":"http:\/\/www.tvturk.com\/index.php\/wp-json\/wp\/v2\/comments?post=194674"}],"version-history":[{"count":0,"href":"http:\/\/www.tvturk.com\/index.php\/wp-json\/wp\/v2\/posts\/194674\/revisions"}],"wp:featuredmedia":[{"embeddable":true,"href":"http:\/\/www.tvturk.com\/index.php\/wp-json\/wp\/v2\/media\/194675"}],"wp:attachment":[{"href":"http:\/\/www.tvturk.com\/index.php\/wp-json\/wp\/v2\/media?parent=194674"}],"wp:term":[{"taxonomy":"category","embeddable":true,"href":"http:\/\/www.tvturk.com\/index.php\/wp-json\/wp\/v2\/categories?post=194674"},{"taxonomy":"post_tag","embeddable":true,"href":"http:\/\/www.tvturk.com\/index.php\/wp-json\/wp\/v2\/tags?post=194674"}],"curies":[{"name":"wp","href":"https:\/\/api.w.org\/{rel}","templated":true}]}}