{"id":194680,"date":"2019-08-22T14:16:07","date_gmt":"2019-08-22T11:16:07","guid":{"rendered":"http:\/\/www.tvturk.com\/index.php\/fransada-hastanede-yangin-1-olu-8-yarali\/"},"modified":"2019-08-22T14:16:07","modified_gmt":"2019-08-22T11:16:07","slug":"fransada-hastanede-yangin-1-olu-8-yarali","status":"publish","type":"post","link":"http:\/\/www.tvturk.com\/index.php\/fransada-hastanede-yangin-1-olu-8-yarali\/","title":{"rendered":"Fransa\u2019da hastanede yang\u0131n: 1 \u00f6l\u00fc, 8 yaral\u0131"},"content":{"rendered":"<p>Fransa\u2019n\u0131n Creteil kentinde hastanede \u00e7\u0131kan yang\u0131nda 1 ki\u015fi hayat\u0131n\u0131 kaybetti, 8 ki\u015fi yaraland\u0131.<\/p>\n<p>Fransa\u2019n\u0131n ba\u015fkenti Paris\u2019in g\u00fcney banliy\u00f6s\u00fcndeki Creteil kentinde, Henri Mondor Hastanesinde d\u00fcn ak\u015fam saatlerinde yang\u0131n \u00e7\u0131kt\u0131. K\u0131sa s\u00fcrede binan\u0131n b\u00fcy\u00fck bir b\u00f6l\u00fcm\u00fcn\u00fc saran yang\u0131nda bir kad\u0131n\u0131n hayat\u0131n\u0131 kaybetti\u011fi, 8 ki\u015finin ise yaraland\u0131\u011f\u0131 belirtildi. Binan\u0131n \u00fcst katlar\u0131nda \u00e7\u0131kan yang\u0131n s\u0131ras\u0131nda patlama sesleri duyuldu\u011fu \u00f6\u011frenildi. Yang\u0131n, en ez 100 itfaiye erinin saatler s\u00fcren \u00e7al\u0131\u015fmalar\u0131n\u0131n ard\u0131ndan kontrol alt\u0131na al\u0131nabildi.<\/p>\n<p>Yang\u0131n\u0131n nedeni hen\u00fcz bilinmezken, yaralananlar\u0131n hastaneye kald\u0131r\u0131ld\u0131\u011f\u0131 belirtildi.<\/p>\n","protected":false},"excerpt":{"rendered":"<p>FRANSA\u2019NIN CRETE\u0130L KENT\u0130NDE D\u00dcN AK\u015eAM SAATLER\u0130NDE B\u0130R HASTANEDE \u00c7IKAN YANGINDA 1 K\u0130\u015e\u0130N\u0130N HAYATINI KAYBETT\u0130\u011e\u0130, 8 K\u0130\u015e\u0130N\u0130N YARALANDI\u011eI BEL\u0130RT\u0130LD\u0130.<\/p>\n","protected":false},"author":1,"featured_media":194681,"comment_status":"closed","ping_status":"open","sticky":false,"template":"","format":"standard","meta":{"jetpack_post_was_ever_published":false,"_jetpack_newsletter_access":"","_jetpack_dont_email_post_to_subs":false,"_jetpack_newsletter_tier_id":0,"_jetpack_memberships_contains_paywalled_content":false,"_jetpack_memberships_contains_paid_content":false,"footnotes":"","jetpack_publicize_message":"","jetpack_publicize_feature_enabled":true,"jetpack_social_post_already_shared":true,"jetpack_social_options":{"image_generator_settings":{"template":"highway","default_image_id":0,"font":"","enabled":false},"version":2}},"categories":[10],"tags":[901,7219,1664,1617,774],"class_list":["post-194680","post","type-post","status-publish","format-standard","has-post-thumbnail","hentry","category-dunya","tag-fransada","tag-hastanede","tag-olu","tag-yangin","tag-yarali"],"jetpack_publicize_connections":[],"jetpack_featured_media_url":"https:\/\/i0.wp.com\/www.tvturk.com\/wp-content\/uploads\/2019\/08\/fransada-hastanede-yangin-1-olu-8-yarali_2166fc8.jpg?fit=960%2C640","jetpack_sharing_enabled":true,"jetpack_shortlink":"https:\/\/wp.me\/paKIfm-OE0","_links":{"self":[{"href":"http:\/\/www.tvturk.com\/index.php\/wp-json\/wp\/v2\/posts\/194680","targetHints":{"allow":["GET"]}}],"collection":[{"href":"http:\/\/www.tvturk.com\/index.php\/wp-json\/wp\/v2\/posts"}],"about":[{"href":"http:\/\/www.tvturk.com\/index.php\/wp-json\/wp\/v2\/types\/post"}],"author":[{"embeddable":true,"href":"http:\/\/www.tvturk.com\/index.php\/wp-json\/wp\/v2\/users\/1"}],"replies":[{"embeddable":true,"href":"http:\/\/www.tvturk.com\/index.php\/wp-json\/wp\/v2\/comments?post=194680"}],"version-history":[{"count":0,"href":"http:\/\/www.tvturk.com\/index.php\/wp-json\/wp\/v2\/posts\/194680\/revisions"}],"wp:featuredmedia":[{"embeddable":true,"href":"http:\/\/www.tvturk.com\/index.php\/wp-json\/wp\/v2\/media\/194681"}],"wp:attachment":[{"href":"http:\/\/www.tvturk.com\/index.php\/wp-json\/wp\/v2\/media?parent=194680"}],"wp:term":[{"taxonomy":"category","embeddable":true,"href":"http:\/\/www.tvturk.com\/index.php\/wp-json\/wp\/v2\/categories?post=194680"},{"taxonomy":"post_tag","embeddable":true,"href":"http:\/\/www.tvturk.com\/index.php\/wp-json\/wp\/v2\/tags?post=194680"}],"curies":[{"name":"wp","href":"https:\/\/api.w.org\/{rel}","templated":true}]}}